{"id":10005,"date":"2021-06-02T15:38:42","date_gmt":"2021-06-02T11:38:42","guid":{"rendered":"https:\/\/infonews.az\/?p=10005"},"modified":"2021-06-02T17:44:04","modified_gmt":"2021-06-02T13:44:04","slug":"yap-v%c9%99-akp-%c9%99m%c9%99kdasliga-dair-niyy%c9%99t-protokolu-imzaladi","status":"publish","type":"post","link":"https:\/\/infonews.az\/?p=10005","title":{"rendered":"YAP v\u0259 AKP \u0259m\u0259kda\u015fl\u0131\u011fa dair niyy\u0259t protokolu imzalad\u0131"},"content":{"rendered":"<p><span style=\"color: #ffffff;\">YAP v\u0259 AKP \u0259m\u0259kda\u015fl\u0131\u011fa dair niyy\u0259t protokolu imzalad\u0131<\/span><\/p>\n<p><a href=\"https:\/\/infonews.az\"><strong><span style=\"color: #ff0000;\">&#8220;\u0130NFONEWS&#8221;<\/span> <\/strong><\/a>x\u0259b\u0259r verir.<\/p>\n<blockquote><p><strong>Yeni Az\u0259rbaycan Partiyas\u0131 S\u0259drinin m\u00fcavini-M\u0259rk\u0259zi Aparat\u0131n r\u0259hb\u0259ri Tahir Budaqovun r\u0259hb\u0259rlik etdiyi YAP n\u00fcmay\u0259nd\u0259 hey\u0259ti iyunun 2-d\u0259 T\u00fcrkiy\u0259nin hakim \u018fdal\u0259t v\u0259 \u0130nki\u015faf Partiyas\u0131 (AKP) S\u0259drinin birinci m\u00fcavini, T\u00fcrkiy\u0259 B\u00f6y\u00fck Mill\u0259t M\u0259clisinin \u00fczv\u00fc Numan Kurtulmu\u015f il\u0259 g\u00f6r\u00fc\u015f\u00fcb.<\/strong><\/p><\/blockquote>\n<p>Partiyadan veril\u0259n m\u0259lumata g\u00f6r\u0259, Ankarada AKP-nin m\u0259rk\u0259zi q\u0259rargah\u0131nda ke\u00e7iril\u0259n g\u00f6r\u00fc\u015fd\u0259 iki qarda\u015f \u00f6lk\u0259nin hakim siyasi partiyalar\u0131 aras\u0131nda \u0259m\u0259kda\u015fl\u0131q \u0259laq\u0259l\u0259rinin real v\u0259ziyy\u0259ti y\u00fcks\u0259k d\u0259y\u0259rl\u0259ndirilib, perspektivl\u0259r m\u00fczakir\u0259 olunub.<\/p>\n<p>Sonra Yeni Az\u0259rbaycan Partiyas\u0131 S\u0259drinin m\u00fcavini Tahir Budaqov v\u0259 \u018fdal\u0259t v\u0259 \u0130nki\u015faf Partiyas\u0131 S\u0259drinin birinci m\u00fcavini Numan Kurtulmu\u015f YAP il\u0259 AKP aras\u0131nda \u0259m\u0259kda\u015fl\u0131\u011fa dair niyy\u0259t protokolunu imzalay\u0131blar.<\/p>\n<p>\u0130mzalanma m\u0259rasimind\u0259n sonra YAP S\u0259drinin m\u00fcavini Tahir Budaqov v\u0259 AKP S\u0259drinin birinci m\u00fcavini Numan Kurtulmu\u015f birg\u0259 m\u0259tbuat konfrans\u0131 ke\u00e7iribl\u0259r.<\/p>\n<p>Xat\u0131rladaq ki, Yeni Az\u0259rbaycan Partiyas\u0131 (YAP) S\u0259drinin m\u00fcavini-M\u0259rk\u0259zi Aparat\u0131n r\u0259hb\u0259ri Tahir Budaqovun r\u0259hb\u0259rlik etdiyi n\u00fcmay\u0259nd\u0259 hey\u0259tin\u0259 YAP T\u0259fti\u015f Komissiyas\u0131n\u0131n s\u0259dri, Milli M\u0259clisin deputat\u0131 Sevinc H\u00fcs\u00fcynova, YAP \u0130dar\u0259 Hey\u0259tinin \u00fczv\u00fc, Milli M\u0259clisin deputat\u0131 Hikm\u0259t Babao\u011flu, Milli M\u0259clisin deputat\u0131 Ramil H\u0259s\u0259n v\u0259 YAP G\u0259ncl\u0259r Birliyinin s\u0259dri B\u0259xtiyar \u0130slamov daxildir.<\/p>\n<p>\u0130yunun 3-d\u0259 davam ed\u0259c\u0259k s\u0259f\u0259r \u00e7\u0259r\u00e7iv\u0259sind\u0259 partiya hey\u0259tl\u0259rinin dig\u0259r g\u00f6r\u00fc\u015fl\u0259ri ke\u00e7iril\u0259c\u0259k, h\u0259m\u00e7inin YAP v\u0259 AKP-nin g\u0259ncl\u0259r birlikl\u0259ri v\u0259 t\u0259fti\u015f komissiyalar\u0131 aras\u0131nda \u0259m\u0259kda\u015fl\u0131q m\u0259s\u0259l\u0259l\u0259ri m\u00fczakir\u0259 olunacaq.<\/p>\n","protected":false},"excerpt":{"rendered":"<p>YAP v\u0259 AKP \u0259m\u0259kda\u015fl\u0131\u011fa dair niyy\u0259t protokolu imzalad\u0131 &#8220;\u0130NFONEWS&#8221; x\u0259b\u0259r verir. Yeni Az\u0259rbaycan Partiyas\u0131 S\u0259drinin m\u00fcavini-M\u0259rk\u0259zi Aparat\u0131n r\u0259hb\u0259ri Tahir Budaqovun r\u0259hb\u0259rlik etdiyi YAP n\u00fcmay\u0259nd\u0259 hey\u0259ti iyunun 2-d\u0259 T\u00fcrkiy\u0259nin hakim \u018fdal\u0259t&hellip; <\/p>\n","protected":false},"author":3,"featured_media":10006,"comment_status":"open","ping_status":"open","sticky":false,"template":"","format":"standard","meta":{"_mi_skip_tracking":false,"_monsterinsights_sitenote_active":false,"_monsterinsights_sitenote_note":"","_monsterinsights_sitenote_category":0,"footnotes":""},"categories":[6,11],"tags":[248,4526,15,3246],"aioseo_notices":[],"_links":{"self":[{"href":"https:\/\/infonews.az\/index.php?rest_route=\/wp\/v2\/posts\/10005"}],"collection":[{"href":"https:\/\/infonews.az\/index.php?rest_route=\/wp\/v2\/posts"}],"about":[{"href":"https:\/\/infonews.az\/index.php?rest_route=\/wp\/v2\/types\/post"}],"author":[{"embeddable":true,"href":"https:\/\/infonews.az\/index.php?rest_route=\/wp\/v2\/users\/3"}],"replies":[{"embeddable":true,"href":"https:\/\/infonews.az\/index.php?rest_route=%2Fwp%2Fv2%2Fcomments&post=10005"}],"version-history":[{"count":1,"href":"https:\/\/infonews.az\/index.php?rest_route=\/wp\/v2\/posts\/10005\/revisions"}],"predecessor-version":[{"id":10007,"href":"https:\/\/infonews.az\/index.php?rest_route=\/wp\/v2\/posts\/10005\/revisions\/10007"}],"wp:featuredmedia":[{"embeddable":true,"href":"https:\/\/infonews.az\/index.php?rest_route=\/wp\/v2\/media\/10006"}],"wp:attachment":[{"href":"https:\/\/infonews.az\/index.php?rest_route=%2Fwp%2Fv2%2Fmedia&parent=10005"}],"wp:term":[{"taxonomy":"category","embeddable":true,"href":"https:\/\/infonews.az\/index.php?rest_route=%2Fwp%2Fv2%2Fcategories&post=10005"},{"taxonomy":"post_tag","embeddable":true,"href":"https:\/\/infonews.az\/index.php?rest_route=%2Fwp%2Fv2%2Ftags&post=10005"}],"curies":[{"name":"wp","href":"https:\/\/api.w.org\/{rel}","templated":true}]}}