{"id":10255,"date":"2021-06-15T12:59:59","date_gmt":"2021-06-15T08:59:59","guid":{"rendered":"https:\/\/infonews.az\/?p=10255"},"modified":"2021-06-15T13:16:40","modified_gmt":"2021-06-15T09:16:40","slug":"boyuk-qurtulus-gunumuz-ulu-ond%c9%99rin-adi-il%c9%99-baglidir","status":"publish","type":"post","link":"https:\/\/infonews.az\/?p=10255","title":{"rendered":"B\u00f6y\u00fck Qurtulu\u015f g\u00fcn\u00fcm\u00fcz Ulu \u00f6nd\u0259rin ad\u0131 il\u0259 ba\u011fl\u0131d\u0131r"},"content":{"rendered":"<p><span style=\"color: #ffffff;\">BuB\u00f6y\u00fck Qurtulu\u015f g\u00fcn\u00fcm\u00fcz Ulu \u00f6nd\u0259rin ad\u0131 il\u0259 ba\u011fl\u0131d\u0131r<\/span><\/p>\n<p><span style=\"color: #ff0000;\"><strong>&#8220;\u0130NFONEWS&#8221;<\/strong><\/span> x\u0259b\u0259r verir.<\/p>\n<p>H\u0259r bir xalq\u0131n taleyind\u0259 m\u00fch\u00fcm \u0259h\u0259miyy\u0259t k\u0259sb ed\u0259n el\u0259 m\u0259qamlar var ki, h\u0259min g\u00fcnl\u0259rd\u0259 onun g\u0259l\u0259c\u0259k m\u00fcq\u0259dd\u0259rat\u0131n\u0131 m\u00fc\u0259yy\u0259n ed\u0259n m\u00fch\u00fcm ba\u015flan\u011f\u0131clar\u0131n \u0259sas\u0131 qoyulmu\u015fdur. Az\u0259rbaycan xalq\u0131n\u0131n tarixind\u0259 bel\u0259 g\u00fcnl\u0259rd\u0259n \u0259n \u00f6n\u0259mlisi tariximiz\u0259 q\u0131z\u0131l h\u0259rfl\u0259rl\u0259 yaz\u0131lm\u0131\u015f 15 \u0130yun &#8211; Milli Qurtulu\u015f G\u00fcn\u00fcd\u00fcr. Milli Qurtulu\u015f G\u00fcn\u00fc Az\u0259rbaycan xalq\u0131 \u00fc\u00e7\u00fcn sad\u0259c\u0259 t\u0259qvim bayram\u0131 deyil, b\u00f6y\u00fck ictimai, siyasi v\u0259 tarixi \u0259h\u0259miyy\u0259t\u0259 malik bir g\u00fcnd\u00fcr. \u0130yunun 15-i xalq\u0131m\u0131z \u00fc\u00e7\u00fcn \u0259sl qurtulu\u015f tarixidir. Bu tarixi yaradan is\u0259 Az\u0259rbaycan\u0131n m\u00fcst\u0259qilliyinin qorunub saxlanmas\u0131nda, m\u00f6hk\u0259ml\u0259nm\u0259sind\u0259, inki\u015faf\u0131nda m\u00fcst\u0259sna rol oynayan, daim xalq\u0131na arxalanan Heyd\u0259r \u018fliyevdir.<\/p>\n<p>B\u00f6y\u00fck xilaskarl\u0131q qay\u0131d\u0131\u015f\u0131 Heyd\u0259r \u018fliyevin ad\u0131 tariximiz\u0259 h\u0259m d\u0259 b\u00f6y\u00fck xilaskar kimi d\u00fc\u015f\u00fcb. \u00dcmumiyy\u0259tl\u0259, \u00f6lk\u0259mizin h\u0259r birimizd\u0259 q\u00fcrur do\u011furan reall\u0131qlar\u0131 ilk n\u00f6vb\u0259d\u0259 siyasi varisliyin t\u0259min edilm\u0259si il\u0259 ba\u011fl\u0131d\u0131r. Biz ayr\u0131-ayr\u0131 \u00f6lk\u0259l\u0259rin timsal\u0131nda siyasi kursun vaxta\u015f\u0131r\u0131 d\u0259yi\u015fm\u0259sinin f\u0259sadlar\u0131n\u0131 d\u0259f\u0259l\u0259rl\u0259 m\u00fc\u015fahid\u0259 etmi\u015fik &#8211; bel\u0259 hallar anarxiyaya, iqtisadi t\u0259n\u0259zz\u00fcl\u0259, sosial v\u0259ziyy\u0259tin a\u011f\u0131rla\u015fmas\u0131na v\u0259 bu kimi dig\u0259r m\u0259nfi meyill\u0259r\u0259 yol a\u00e7a bilir. Az\u0259rbaycan\u0131n xo\u015fb\u0259xtliyi ondad\u0131r ki, \u00f6lk\u0259mizd\u0259 Ulu \u00d6nd\u0259rin \u0259sas\u0131n\u0131 qoydu\u011fu siyasi kurs son 17 ild\u0259 Prezident \u0130lham \u018fliyev t\u0259r\u0259find\u0259n eyni ard\u0131c\u0131ll\u0131qla davam etdirilib. Prezident \u0130lham \u018fliyev h\u0259l\u0259 ilk d\u0259f\u0259 d\u00f6vl\u0259t ba\u015f\u00e7\u0131s\u0131 se\u00e7il\u0259rk\u0259n b\u0259yan etmi\u015fdi ki, Onun \u0259sas v\u0259zif\u0259si Heyd\u0259r \u018fliyev siyasi kursunu davam etdirm\u0259k olacaq. Son 17 ilin t\u0259cr\u00fcb\u0259si, qazan\u0131lan u\u011furlar onu t\u0259sdiql\u0259yir ki, d\u00f6vl\u0259timizin ba\u015f\u00e7\u0131s\u0131 Ulu \u00d6nd\u0259rin siyasi kursunu zaman\u0131n d\u0259yi\u015f\u0259n t\u0259l\u0259bl\u0259rin\u0259 uy\u011fun daha da z\u0259nginl\u0259\u015fdir\u0259r\u0259k inamla davam etdirir.<\/p>\n<p>Bu g\u00fcn \u00f6lk\u0259mizin h\u0259r bir v\u0259t\u0259nda\u015f\u0131 g\u00fccl\u00fc Az\u0259rbaycanla q\u00fcrur duyur.<\/p>\n<p>Bir Az\u0259rbaycan g\u0259nci olaraq \u0130lham \u018fliyevin apard\u0131\u011f\u0131 u\u011furlu siyas\u0259tin t\u0259r\u0259fdar\u0131yam. Ali Ba\u015f Komandan\u0131n u\u011furlu siyas\u0259tinin n\u0259tic\u0259sidir ki, 2020 ci ild\u0259 Az\u0259rbaycan xalq\u0131 i\u015f\u011faldak\u0131 torpaqlar\u0131n\u0131 azad etdi. D\u0259mir yumruq olan Xalq\u0131m\u0131z h\u0259r zaman Prezidentimizin apard\u0131g\u0131 u\u011furlu siyas\u0259ti d\u0259st\u0259kl\u0259yir. 44 g\u00fcnl\u00fck m\u00fcharib\u0259 Az\u0259rbaycan xalq\u0131n\u0131n h\u0259mr\u0259yliyini g\u00f6st\u0259rdi. \u015e\u0259hidl\u0259rimizin qan\u0131 bahas\u0131na torpaqlar azad olundu. Ali Ba\u015f Komandan\u0131n dediyi kimi<\/p>\n<p>&#8220;QARABAG B\u0130Z\u0130MD\u0130R&#8221;<\/p>\n<p>&#8220;QARABA\u011e AZ\u018fRBAYCANDIR&#8221;<\/p>\n<p>&nbsp;<\/p>\n<p>YAP Xocal\u0131 rayon t\u0259\u015fkilat\u0131n\u0131n m\u0259sl\u0259h\u0259t\u00e7isi, YAP Xocal\u0131 rayon G\u0259ncl\u0259r Birliyinin s\u0259dr m\u00fcavini Tural Nurm\u0259mm\u0259dov.<\/p>\n","protected":false},"excerpt":{"rendered":"<p>BuB\u00f6y\u00fck Qurtulu\u015f g\u00fcn\u00fcm\u00fcz Ulu \u00f6nd\u0259rin ad\u0131 il\u0259 ba\u011fl\u0131d\u0131r &#8220;\u0130NFONEWS&#8221; x\u0259b\u0259r verir. H\u0259r bir xalq\u0131n taleyind\u0259 m\u00fch\u00fcm \u0259h\u0259miyy\u0259t k\u0259sb ed\u0259n el\u0259 m\u0259qamlar var ki, h\u0259min g\u00fcnl\u0259rd\u0259 onun g\u0259l\u0259c\u0259k m\u00fcq\u0259dd\u0259rat\u0131n\u0131 m\u00fc\u0259yy\u0259n ed\u0259n&hellip; <\/p>\n","protected":false},"author":3,"featured_media":10260,"comment_status":"open","ping_status":"open","sticky":false,"template":"","format":"standard","meta":{"_mi_skip_tracking":false,"_monsterinsights_sitenote_active":false,"_monsterinsights_sitenote_note":"","_monsterinsights_sitenote_category":0,"footnotes":""},"categories":[82,11],"tags":[276],"aioseo_notices":[],"_links":{"self":[{"href":"https:\/\/infonews.az\/index.php?rest_route=\/wp\/v2\/posts\/10255"}],"collection":[{"href":"https:\/\/infonews.az\/index.php?rest_route=\/wp\/v2\/posts"}],"about":[{"href":"https:\/\/infonews.az\/index.php?rest_route=\/wp\/v2\/types\/post"}],"author":[{"embeddable":true,"href":"https:\/\/infonews.az\/index.php?rest_route=\/wp\/v2\/users\/3"}],"replies":[{"embeddable":true,"href":"https:\/\/infonews.az\/index.php?rest_route=%2Fwp%2Fv2%2Fcomments&post=10255"}],"version-history":[{"count":3,"href":"https:\/\/infonews.az\/index.php?rest_route=\/wp\/v2\/posts\/10255\/revisions"}],"predecessor-version":[{"id":10258,"href":"https:\/\/infonews.az\/index.php?rest_route=\/wp\/v2\/posts\/10255\/revisions\/10258"}],"wp:featuredmedia":[{"embeddable":true,"href":"https:\/\/infonews.az\/index.php?rest_route=\/wp\/v2\/media\/10260"}],"wp:attachment":[{"href":"https:\/\/infonews.az\/index.php?rest_route=%2Fwp%2Fv2%2Fmedia&parent=10255"}],"wp:term":[{"taxonomy":"category","embeddable":true,"href":"https:\/\/infonews.az\/index.php?rest_route=%2Fwp%2Fv2%2Fcategories&post=10255"},{"taxonomy":"post_tag","embeddable":true,"href":"https:\/\/infonews.az\/index.php?rest_route=%2Fwp%2Fv2%2Ftags&post=10255"}],"curies":[{"name":"wp","href":"https:\/\/api.w.org\/{rel}","templated":true}]}}