{"id":10278,"date":"2021-06-15T14:16:06","date_gmt":"2021-06-15T10:16:06","guid":{"rendered":"https:\/\/infonews.az\/?p=10278"},"modified":"2021-06-16T00:27:43","modified_gmt":"2021-06-15T20:27:43","slug":"covid-pasportunun-%c9%99v%c9%99zin%c9%99-arayis-hansi-halda-veril%c9%99c%c9%99k","status":"publish","type":"post","link":"https:\/\/infonews.az\/?p=10278","title":{"rendered":"COVID pasportunun \u0259v\u0259zin\u0259 aray\u0131\u015f hans\u0131 halda veril\u0259c\u0259k?"},"content":{"rendered":"<p><span style=\"color: #ffffff;\">COVID pasportunun \u0259v\u0259zin\u0259 aray\u0131\u015f hans\u0131 halda veril\u0259c\u0259k?<\/span><\/p>\n<blockquote><p><b>\u201cBu g\u00fcn Az\u0259rbaycanda t\u0259tbiq olunan \u00c7inin \u201cCoronoVac\u201d vaksininin \u0259ks g\u00f6st\u0259ri\u015fl\u0259ri, dem\u0259k olar ki, yoxdur\u201d.<\/b><\/p><\/blockquote>\n<p><a href=\"https:\/\/infonews.az\/\"><span style=\"color: #ff0000;\"><b>&#8220;\u0130NFONEWS&#8221;<\/b><\/span><\/a>\u00a0x\u0259b\u0259r verir ki, bunu APA-ya a\u00e7\u0131qlamas\u0131nda Az\u0259rbaycan Respublikas\u0131 Prezidentinin k\u00f6m\u0259k\u00e7isi \u2013 Az\u0259rbaycan Respublikas\u0131 Prezidentinin Administrasiyas\u0131n\u0131n \u0130qtisadi m\u0259s\u0259l\u0259l\u0259r v\u0259 innovativ inki\u015faf siyas\u0259ti \u015f\u00f6b\u0259sinin m\u00fcdiri \u015eahmar M\u00f6vs\u00fcmov deyib.<\/p>\n<p>Onun s\u00f6zl\u0259rin\u0259 g\u00f6r\u0259, \u0259g\u0259r bel\u0259 bir hal olsa v\u0259 h\u0259min v\u0259t\u0259nda\u015flar \u00f6z h\u0259kiml\u0259rin\u0259 m\u00fcraci\u0259t ed\u0259r\u0259k bunu s\u00fcbut ed\u0259rl\u0259rs\u0259, onlara vaksinasiya pasportunun \u0259v\u0259zin\u0259 \u0259lav\u0259 bir aray\u0131\u015f\u0131n verilm\u0259si m\u00fcmk\u00fcn ola bil\u0259r.<\/p>\n","protected":false},"excerpt":{"rendered":"<p>COVID pasportunun \u0259v\u0259zin\u0259 aray\u0131\u015f hans\u0131 halda veril\u0259c\u0259k? \u201cBu g\u00fcn Az\u0259rbaycanda t\u0259tbiq olunan \u00c7inin \u201cCoronoVac\u201d vaksininin \u0259ks g\u00f6st\u0259ri\u015fl\u0259ri, dem\u0259k olar ki, yoxdur\u201d. &#8220;\u0130NFONEWS&#8221;\u00a0x\u0259b\u0259r verir ki, bunu APA-ya a\u00e7\u0131qlamas\u0131nda Az\u0259rbaycan Respublikas\u0131 Prezidentinin&hellip; <\/p>\n","protected":false},"author":3,"featured_media":10279,"comment_status":"open","ping_status":"open","sticky":false,"template":"","format":"standard","meta":{"_mi_skip_tracking":false,"_monsterinsights_sitenote_active":false,"_monsterinsights_sitenote_note":"","_monsterinsights_sitenote_category":0,"footnotes":""},"categories":[11,7],"tags":[4542,3763,140],"aioseo_notices":[],"_links":{"self":[{"href":"https:\/\/infonews.az\/index.php?rest_route=\/wp\/v2\/posts\/10278"}],"collection":[{"href":"https:\/\/infonews.az\/index.php?rest_route=\/wp\/v2\/posts"}],"about":[{"href":"https:\/\/infonews.az\/index.php?rest_route=\/wp\/v2\/types\/post"}],"author":[{"embeddable":true,"href":"https:\/\/infonews.az\/index.php?rest_route=\/wp\/v2\/users\/3"}],"replies":[{"embeddable":true,"href":"https:\/\/infonews.az\/index.php?rest_route=%2Fwp%2Fv2%2Fcomments&post=10278"}],"version-history":[{"count":1,"href":"https:\/\/infonews.az\/index.php?rest_route=\/wp\/v2\/posts\/10278\/revisions"}],"predecessor-version":[{"id":10280,"href":"https:\/\/infonews.az\/index.php?rest_route=\/wp\/v2\/posts\/10278\/revisions\/10280"}],"wp:featuredmedia":[{"embeddable":true,"href":"https:\/\/infonews.az\/index.php?rest_route=\/wp\/v2\/media\/10279"}],"wp:attachment":[{"href":"https:\/\/infonews.az\/index.php?rest_route=%2Fwp%2Fv2%2Fmedia&parent=10278"}],"wp:term":[{"taxonomy":"category","embeddable":true,"href":"https:\/\/infonews.az\/index.php?rest_route=%2Fwp%2Fv2%2Fcategories&post=10278"},{"taxonomy":"post_tag","embeddable":true,"href":"https:\/\/infonews.az\/index.php?rest_route=%2Fwp%2Fv2%2Ftags&post=10278"}],"curies":[{"name":"wp","href":"https:\/\/api.w.org\/{rel}","templated":true}]}}