{"id":10284,"date":"2021-06-15T08:07:14","date_gmt":"2021-06-15T04:07:14","guid":{"rendered":"https:\/\/infonews.az\/?p=10284"},"modified":"2021-06-16T00:37:36","modified_gmt":"2021-06-15T20:37:36","slug":"r%c9%99c%c9%99b-tayyib-%c9%99rdogan-az%c9%99rbaycana-s%c9%99f%c9%99r%c9%99-g%c9%99lib","status":"publish","type":"post","link":"https:\/\/infonews.az\/?p=10284","title":{"rendered":"R\u0259c\u0259b Tayyib \u018frdo\u011fan Az\u0259rbaycana s\u0259f\u0259r\u0259 g\u0259lib"},"content":{"rendered":"<p><span style=\"color: #ffffff;\">R\u0259c\u0259b Tayyib \u018frdo\u011fan Az\u0259rbaycana s\u0259f\u0259r\u0259 g\u0259lib<\/span><\/p>\n<blockquote><p><b>T\u00fcrkiy\u0259 Respublikas\u0131n\u0131n Prezidenti R\u0259c\u0259b Tayyib \u018frdo\u011fan iyunun 15-d\u0259 Az\u0259rbaycan Respublikas\u0131na r\u0259smi s\u0259f\u0259r\u0259 g\u0259lib.<\/b><\/p><\/blockquote>\n<p><a href=\"https:\/\/infonews.az\/\"><span style=\"color: #ff0000;\"><b>&#8220;\u0130NFONEWS&#8221;<\/b><\/span><\/a> x\u0259b\u0259r verir ki, h\u0259r iki \u00f6lk\u0259nin d\u00f6vl\u0259t bayraqlar\u0131n\u0131n dal\u011faland\u0131\u011f\u0131 Heyd\u0259r \u018fliyev Beyn\u0259lxalq Aeroportunda ali qona\u011f\u0131n \u015f\u0259r\u0259fin\u0259 f\u0259xri qarovul d\u0259st\u0259si d\u00fcz\u00fcl\u00fcb.<\/p>\n<p>T\u00fcrkiy\u0259 Prezidenti R\u0259c\u0259b Tayyib \u018frdo\u011fan\u0131 v\u0259 xan\u0131m\u0131 \u018fmin\u0259 \u018frdo\u011fan\u0131 hava liman\u0131nda Az\u0259rbaycan Respublikas\u0131 Ba\u015f nazirinin birinci m\u00fcavini Yaqub Eyyubov, xarici i\u015fl\u0259r nazirinin m\u00fcavini X\u0259l\u0259f X\u0259l\u0259fov v\u0259 dig\u0259r r\u0259smi \u015f\u0259xsl\u0259r qar\u015f\u0131lay\u0131blar.<\/p>\n<div class=\"wonderplugin-video\" style=\"width:600px;height:400px;position:relative;display:block;background-color:#000;overflow:hidden;max-width:100%;margin:0 auto;\" data-aspectratio=\"1.5\"><iframe loading=\"lazy\" class=\"wpve-iframe\" width=\"100%\" height=\"100%\" src=\"https:\/\/www.youtube.com\/embed\/_k-ecOcwrxA\" frameborder=\"0\" allowfullscreen><\/iframe><\/div>\n","protected":false},"excerpt":{"rendered":"<p>R\u0259c\u0259b Tayyib \u018frdo\u011fan Az\u0259rbaycana s\u0259f\u0259r\u0259 g\u0259lib T\u00fcrkiy\u0259 Respublikas\u0131n\u0131n Prezidenti R\u0259c\u0259b Tayyib \u018frdo\u011fan iyunun 15-d\u0259 Az\u0259rbaycan Respublikas\u0131na r\u0259smi s\u0259f\u0259r\u0259 g\u0259lib. &#8220;\u0130NFONEWS&#8221; x\u0259b\u0259r verir ki, h\u0259r iki \u00f6lk\u0259nin d\u00f6vl\u0259t bayraqlar\u0131n\u0131n dal\u011faland\u0131\u011f\u0131 Heyd\u0259r&hellip; <\/p>\n","protected":false},"author":3,"featured_media":10285,"comment_status":"open","ping_status":"open","sticky":false,"template":"","format":"standard","meta":{"_mi_skip_tracking":false,"_monsterinsights_sitenote_active":false,"_monsterinsights_sitenote_note":"","_monsterinsights_sitenote_category":0,"footnotes":""},"categories":[4,11],"tags":[],"aioseo_notices":[],"_links":{"self":[{"href":"https:\/\/infonews.az\/index.php?rest_route=\/wp\/v2\/posts\/10284"}],"collection":[{"href":"https:\/\/infonews.az\/index.php?rest_route=\/wp\/v2\/posts"}],"about":[{"href":"https:\/\/infonews.az\/index.php?rest_route=\/wp\/v2\/types\/post"}],"author":[{"embeddable":true,"href":"https:\/\/infonews.az\/index.php?rest_route=\/wp\/v2\/users\/3"}],"replies":[{"embeddable":true,"href":"https:\/\/infonews.az\/index.php?rest_route=%2Fwp%2Fv2%2Fcomments&post=10284"}],"version-history":[{"count":1,"href":"https:\/\/infonews.az\/index.php?rest_route=\/wp\/v2\/posts\/10284\/revisions"}],"predecessor-version":[{"id":10286,"href":"https:\/\/infonews.az\/index.php?rest_route=\/wp\/v2\/posts\/10284\/revisions\/10286"}],"wp:featuredmedia":[{"embeddable":true,"href":"https:\/\/infonews.az\/index.php?rest_route=\/wp\/v2\/media\/10285"}],"wp:attachment":[{"href":"https:\/\/infonews.az\/index.php?rest_route=%2Fwp%2Fv2%2Fmedia&parent=10284"}],"wp:term":[{"taxonomy":"category","embeddable":true,"href":"https:\/\/infonews.az\/index.php?rest_route=%2Fwp%2Fv2%2Fcategories&post=10284"},{"taxonomy":"post_tag","embeddable":true,"href":"https:\/\/infonews.az\/index.php?rest_route=%2Fwp%2Fv2%2Ftags&post=10284"}],"curies":[{"name":"wp","href":"https:\/\/api.w.org\/{rel}","templated":true}]}}