{"id":10287,"date":"2021-06-15T17:09:07","date_gmt":"2021-06-15T13:09:07","guid":{"rendered":"https:\/\/infonews.az\/?p=10287"},"modified":"2021-06-16T00:42:46","modified_gmt":"2021-06-15T20:42:46","slug":"az%c9%99rbaycan-v%c9%99-turkiy%c9%99-arasinda-s%c9%99n%c9%99dl%c9%99rin-imzalanma-m%c9%99rasimi-kecirilib","status":"publish","type":"post","link":"https:\/\/infonews.az\/?p=10287","title":{"rendered":"Az\u0259rbaycan v\u0259 T\u00fcrkiy\u0259 aras\u0131nda s\u0259n\u0259dl\u0259rin imzalanma m\u0259rasimi ke\u00e7irilib"},"content":{"rendered":"<p><span style=\"color: #ffffff;\">Az\u0259rbaycan v\u0259 T\u00fcrkiy\u0259 aras\u0131nda s\u0259n\u0259dl\u0259rin imzalanma m\u0259rasimi ke\u00e7irilib<\/span><\/p>\n<p><b>\u015eu\u015fada Az\u0259rbaycan v\u0259 T\u00fcrkiy\u0259 aras\u0131nda s\u0259n\u0259dl\u0259rin imzalanma m\u0259rasimi ke\u00e7irilib.<\/b><\/p>\n<p><a href=\"https:\/\/infonews.az\/\"><strong><span style=\"color: #ff0000;\">&#8220;\u0130NFONEWS&#8221;<\/span><\/strong><\/a> x\u0259b\u0259r verir ki, Az\u0259rbaycan Respublikas\u0131n\u0131n Prezidenti \u0130lham \u018fliyev v\u0259 T\u00fcrkiy\u0259 Respublikas\u0131n\u0131n Prezidenti R\u0259c\u0259b Tayyib \u018frdo\u011fan m\u0259rasim\u0259 qat\u0131l\u0131blar.<\/p>\n<p>H\u0259min g\u00f6r\u00fcnt\u00fcl\u0259ri t\u0259qdim edirik:<\/p>\n<div class=\"wonderplugin-video\" style=\"width:600px;height:400px;position:relative;display:block;background-color:#000;overflow:hidden;max-width:100%;margin:0 auto;\" data-aspectratio=\"1.5\"><iframe loading=\"lazy\" class=\"wpve-iframe\" width=\"100%\" height=\"100%\" src=\"https:\/\/www.youtube.com\/embed\/ApPtTrhtDvU\" frameborder=\"0\" allowfullscreen><\/iframe><\/div>\n","protected":false},"excerpt":{"rendered":"<p>Az\u0259rbaycan v\u0259 T\u00fcrkiy\u0259 aras\u0131nda s\u0259n\u0259dl\u0259rin imzalanma m\u0259rasimi ke\u00e7irilib \u015eu\u015fada Az\u0259rbaycan v\u0259 T\u00fcrkiy\u0259 aras\u0131nda s\u0259n\u0259dl\u0259rin imzalanma m\u0259rasimi ke\u00e7irilib. &#8220;\u0130NFONEWS&#8221; x\u0259b\u0259r verir ki, Az\u0259rbaycan Respublikas\u0131n\u0131n Prezidenti \u0130lham \u018fliyev v\u0259 T\u00fcrkiy\u0259 Respublikas\u0131n\u0131n Prezidenti&hellip; <\/p>\n","protected":false},"author":3,"featured_media":10288,"comment_status":"open","ping_status":"open","sticky":false,"template":"","format":"standard","meta":{"_mi_skip_tracking":false,"_monsterinsights_sitenote_active":false,"_monsterinsights_sitenote_note":"","_monsterinsights_sitenote_category":0,"footnotes":""},"categories":[4,11],"tags":[20,92],"aioseo_notices":[],"_links":{"self":[{"href":"https:\/\/infonews.az\/index.php?rest_route=\/wp\/v2\/posts\/10287"}],"collection":[{"href":"https:\/\/infonews.az\/index.php?rest_route=\/wp\/v2\/posts"}],"about":[{"href":"https:\/\/infonews.az\/index.php?rest_route=\/wp\/v2\/types\/post"}],"author":[{"embeddable":true,"href":"https:\/\/infonews.az\/index.php?rest_route=\/wp\/v2\/users\/3"}],"replies":[{"embeddable":true,"href":"https:\/\/infonews.az\/index.php?rest_route=%2Fwp%2Fv2%2Fcomments&post=10287"}],"version-history":[{"count":1,"href":"https:\/\/infonews.az\/index.php?rest_route=\/wp\/v2\/posts\/10287\/revisions"}],"predecessor-version":[{"id":10289,"href":"https:\/\/infonews.az\/index.php?rest_route=\/wp\/v2\/posts\/10287\/revisions\/10289"}],"wp:featuredmedia":[{"embeddable":true,"href":"https:\/\/infonews.az\/index.php?rest_route=\/wp\/v2\/media\/10288"}],"wp:attachment":[{"href":"https:\/\/infonews.az\/index.php?rest_route=%2Fwp%2Fv2%2Fmedia&parent=10287"}],"wp:term":[{"taxonomy":"category","embeddable":true,"href":"https:\/\/infonews.az\/index.php?rest_route=%2Fwp%2Fv2%2Fcategories&post=10287"},{"taxonomy":"post_tag","embeddable":true,"href":"https:\/\/infonews.az\/index.php?rest_route=%2Fwp%2Fv2%2Ftags&post=10287"}],"curies":[{"name":"wp","href":"https:\/\/api.w.org\/{rel}","templated":true}]}}