{"id":10293,"date":"2021-06-15T10:59:40","date_gmt":"2021-06-15T06:59:40","guid":{"rendered":"https:\/\/infonews.az\/?p=10293"},"modified":"2021-06-16T00:57:08","modified_gmt":"2021-06-15T20:57:08","slug":"elmir-v%c9%99lizad%c9%99-v%c9%99zif%c9%99sind%c9%99n-azad-edilib","status":"publish","type":"post","link":"https:\/\/infonews.az\/?p=10293","title":{"rendered":"Elmir V\u0259lizad\u0259 v\u0259zif\u0259sind\u0259n azad edilib"},"content":{"rendered":"<p><span style=\"color: #ffffff;\">Elmir V\u0259lizad\u0259 v\u0259zif\u0259sind\u0259n azad edilib<\/span><\/p>\n<blockquote><p><b>N\u0259qliyyat, rabit\u0259 v\u0259 y\u00fcks\u0259k texnologiyalar nazirinin m\u00fcavini Elmir V\u0259lizad\u0259 v\u0259zif\u0259sind\u0259n azad edilib.<\/b><\/p><\/blockquote>\n<p><b>&#8220;\u0130NFONEWS&#8221;<\/b>\u00a0 x\u0259b\u0259r verir ki, bununla ba\u011fl\u0131 Prezident \u0130lham \u018fliyev s\u0259r\u0259ncam imzalay\u0131b.<\/p>\n<p>Xat\u0131rladaq ki, E.V\u0259lizad\u0259 1964-c\u00fc ild\u0259 Ming\u0259\u00e7evir \u015f\u0259h\u0259rind\u0259 anadan olub, 1982-ci ild\u0259 Avtomatla\u015fd\u0131r\u0131lm\u0131\u015f \u0130dar\u0259etm\u0259 Sisteml\u0259ri ixtisas\u0131 \u00fczr\u0259 Az\u0259rbaycan Neft v\u0259 Kimya \u0130nstitutunda (indiki Az\u0259rbaycan D\u00f6vl\u0259t Neft v\u0259 S\u0259naye Universiteti) t\u0259hsil al\u0131b.<\/p>\n<p>O, 1991-ci ild\u0259 Prezident Aparat\u0131nda I d\u0259r\u0259c\u0259li m\u00fct\u0259x\u0259ssis kimi i\u015f\u0259 ba\u015flay\u0131b, 1998-ci ild\u0259n qurumun \u0130nformasiya Resurslar\u0131 v\u0259 Texnologiyalar\u0131 M\u0259rk\u0259zinin r\u0259hb\u0259ri, 2005-ci ild\u0259n is\u0259 \u0130nformasiya Resurslar\u0131 v\u0259 Texnologiyalar\u0131 \u015f\u00f6b\u0259sinin m\u00fcdiri v\u0259zif\u0259sind\u0259 \u00e7al\u0131\u015f\u0131b, 2007-ci ild\u0259n rabit\u0259 v\u0259 informasiya texnologiyalar\u0131 nazirinin m\u00fcavini, 2014-c\u00fc ild\u0259n rabit\u0259 v\u0259 y\u00fcks\u0259k texnologiyalar nazirinin m\u00fcavini, 2018-ci ild\u0259n is\u0259 n\u0259qliyyat, rabit\u0259 v\u0259 y\u00fcks\u0259k texnologiyalar nazirinin m\u00fcavini olub.<\/p>\n","protected":false},"excerpt":{"rendered":"<p>Elmir V\u0259lizad\u0259 v\u0259zif\u0259sind\u0259n azad edilib N\u0259qliyyat, rabit\u0259 v\u0259 y\u00fcks\u0259k texnologiyalar nazirinin m\u00fcavini Elmir V\u0259lizad\u0259 v\u0259zif\u0259sind\u0259n azad edilib. &#8220;\u0130NFONEWS&#8221;\u00a0 x\u0259b\u0259r verir ki, bununla ba\u011fl\u0131 Prezident \u0130lham \u018fliyev s\u0259r\u0259ncam imzalay\u0131b. Xat\u0131rladaq ki,&hellip; <\/p>\n","protected":false},"author":3,"featured_media":0,"comment_status":"open","ping_status":"open","sticky":false,"template":"","format":"standard","meta":{"_mi_skip_tracking":false,"_monsterinsights_sitenote_active":false,"_monsterinsights_sitenote_note":"","_monsterinsights_sitenote_category":0,"footnotes":""},"categories":[11,7],"tags":[4545,34],"aioseo_notices":[],"_links":{"self":[{"href":"https:\/\/infonews.az\/index.php?rest_route=\/wp\/v2\/posts\/10293"}],"collection":[{"href":"https:\/\/infonews.az\/index.php?rest_route=\/wp\/v2\/posts"}],"about":[{"href":"https:\/\/infonews.az\/index.php?rest_route=\/wp\/v2\/types\/post"}],"author":[{"embeddable":true,"href":"https:\/\/infonews.az\/index.php?rest_route=\/wp\/v2\/users\/3"}],"replies":[{"embeddable":true,"href":"https:\/\/infonews.az\/index.php?rest_route=%2Fwp%2Fv2%2Fcomments&post=10293"}],"version-history":[{"count":2,"href":"https:\/\/infonews.az\/index.php?rest_route=\/wp\/v2\/posts\/10293\/revisions"}],"predecessor-version":[{"id":10295,"href":"https:\/\/infonews.az\/index.php?rest_route=\/wp\/v2\/posts\/10293\/revisions\/10295"}],"wp:attachment":[{"href":"https:\/\/infonews.az\/index.php?rest_route=%2Fwp%2Fv2%2Fmedia&parent=10293"}],"wp:term":[{"taxonomy":"category","embeddable":true,"href":"https:\/\/infonews.az\/index.php?rest_route=%2Fwp%2Fv2%2Fcategories&post=10293"},{"taxonomy":"post_tag","embeddable":true,"href":"https:\/\/infonews.az\/index.php?rest_route=%2Fwp%2Fv2%2Ftags&post=10293"}],"curies":[{"name":"wp","href":"https:\/\/api.w.org\/{rel}","templated":true}]}}