{"id":10296,"date":"2021-06-15T10:01:05","date_gmt":"2021-06-15T06:01:05","guid":{"rendered":"https:\/\/infonews.az\/?p=10296"},"modified":"2021-06-16T01:03:36","modified_gmt":"2021-06-15T21:03:36","slug":"az%c9%99rbaycan-prezidenti-milli-qurtulus-gunu-munasib%c9%99til%c9%99-paylasim-edib","status":"publish","type":"post","link":"https:\/\/infonews.az\/?p=10296","title":{"rendered":"Az\u0259rbaycan Prezidenti Milli Qurtulu\u015f G\u00fcn\u00fc m\u00fcnasib\u0259til\u0259 payla\u015f\u0131m edib"},"content":{"rendered":"<p><span style=\"color: #ffffff;\">Az\u0259rbaycan Prezidenti Milli Qurtulu\u015f G\u00fcn\u00fc m\u00fcnasib\u0259til\u0259 payla\u015f\u0131m edib<\/span><\/p>\n<p><b>Az\u0259rbaycan Respublikas\u0131n\u0131n Prezidenti \u0130lham \u018fliyev \u00f6z\u00fcn\u00fcn &#8220;Twitter&#8221;d\u0259ki s\u0259hif\u0259sind\u0259 Milli Qurtulu\u015f G\u00fcn\u00fc m\u00fcnasib\u0259til\u0259 payla\u015f\u0131m edib.<\/b><\/p>\n<p><a href=\"https:\/\/infonews.az\/\"><span style=\"color: #ff0000;\"><b>&#8220;\u0130NFONEWS&#8221;<\/b><\/span><\/a>\u00a0x\u0259b\u0259r verir ki, payla\u015f\u0131mda \u00dcmummilli lider Heyd\u0259r \u018fliyevin \u201cBizim \u0259n b\u00f6y\u00fck v\u0259zif\u0259miz Az\u0259rbaycan\u0131n d\u00f6vl\u0259t m\u00fcst\u0259qilliyini qorumaq, saxlamaq, m\u00f6hk\u0259ml\u0259ndirm\u0259k, inki\u015faf etdirm\u0259k v\u0259 onu \u0259b\u0259di etm\u0259kdir\u201d, &#8211; \u015f\u00fcar\u0131 yer al\u0131b.<\/p>\n<p><img loading=\"lazy\" decoding=\"async\" class=\"alignnone size-full wp-image-10297\" src=\"https:\/\/infonews.az\/wp-content\/uploads\/2021\/06\/azpresident.jpg\" alt=\"\" width=\"680\" height=\"380\" srcset=\"https:\/\/infonews.az\/wp-content\/uploads\/2021\/06\/azpresident.jpg?v=1660870731 680w, https:\/\/infonews.az\/wp-content\/uploads\/2021\/06\/azpresident-300x168.jpg?v=1660870731 300w\" sizes=\"(max-width: 680px) 100vw, 680px\" \/><\/p>\n","protected":false},"excerpt":{"rendered":"<p>Az\u0259rbaycan Prezidenti Milli Qurtulu\u015f G\u00fcn\u00fc m\u00fcnasib\u0259til\u0259 payla\u015f\u0131m edib Az\u0259rbaycan Respublikas\u0131n\u0131n Prezidenti \u0130lham \u018fliyev \u00f6z\u00fcn\u00fcn &#8220;Twitter&#8221;d\u0259ki s\u0259hif\u0259sind\u0259 Milli Qurtulu\u015f G\u00fcn\u00fc m\u00fcnasib\u0259til\u0259 payla\u015f\u0131m edib. &#8220;\u0130NFONEWS&#8221;\u00a0x\u0259b\u0259r verir ki, payla\u015f\u0131mda \u00dcmummilli lider Heyd\u0259r \u018fliyevin&hellip; <\/p>\n","protected":false},"author":3,"featured_media":4591,"comment_status":"open","ping_status":"open","sticky":false,"template":"","format":"standard","meta":{"_mi_skip_tracking":false,"_monsterinsights_sitenote_active":false,"_monsterinsights_sitenote_note":"","_monsterinsights_sitenote_category":0,"footnotes":""},"categories":[11,50],"tags":[20],"aioseo_notices":[],"_links":{"self":[{"href":"https:\/\/infonews.az\/index.php?rest_route=\/wp\/v2\/posts\/10296"}],"collection":[{"href":"https:\/\/infonews.az\/index.php?rest_route=\/wp\/v2\/posts"}],"about":[{"href":"https:\/\/infonews.az\/index.php?rest_route=\/wp\/v2\/types\/post"}],"author":[{"embeddable":true,"href":"https:\/\/infonews.az\/index.php?rest_route=\/wp\/v2\/users\/3"}],"replies":[{"embeddable":true,"href":"https:\/\/infonews.az\/index.php?rest_route=%2Fwp%2Fv2%2Fcomments&post=10296"}],"version-history":[{"count":1,"href":"https:\/\/infonews.az\/index.php?rest_route=\/wp\/v2\/posts\/10296\/revisions"}],"predecessor-version":[{"id":10298,"href":"https:\/\/infonews.az\/index.php?rest_route=\/wp\/v2\/posts\/10296\/revisions\/10298"}],"wp:featuredmedia":[{"embeddable":true,"href":"https:\/\/infonews.az\/index.php?rest_route=\/wp\/v2\/media\/4591"}],"wp:attachment":[{"href":"https:\/\/infonews.az\/index.php?rest_route=%2Fwp%2Fv2%2Fmedia&parent=10296"}],"wp:term":[{"taxonomy":"category","embeddable":true,"href":"https:\/\/infonews.az\/index.php?rest_route=%2Fwp%2Fv2%2Fcategories&post=10296"},{"taxonomy":"post_tag","embeddable":true,"href":"https:\/\/infonews.az\/index.php?rest_route=%2Fwp%2Fv2%2Ftags&post=10296"}],"curies":[{"name":"wp","href":"https:\/\/api.w.org\/{rel}","templated":true}]}}