{"id":10565,"date":"2021-06-23T18:44:12","date_gmt":"2021-06-23T14:44:12","guid":{"rendered":"https:\/\/infonews.az\/?p=10565"},"modified":"2021-06-23T18:44:12","modified_gmt":"2021-06-23T14:44:12","slug":"23-iyun-2021-ci-il-tarixd%c9%99-yap-imisli-rayon-t%c9%99skilatinda-pandemiya-qaydalarina-%c9%99m%c9%99l-edilm%c9%99kl%c9%99-idar%c9%99-hey%c9%99tinin-iclasi-kecirildi","status":"publish","type":"post","link":"https:\/\/infonews.az\/?p=10565","title":{"rendered":"23 iyun 2021-ci il tarixd\u0259 YAP \u0130mi\u015fli rayon t\u0259\u015fkilat\u0131nda Pandemiya qaydalar\u0131na \u0259m\u0259l edilm\u0259kl\u0259 \u0130dar\u0259 hey\u0259tinin iclas\u0131 ke\u00e7irildi"},"content":{"rendered":"<p><span style=\"color: #ffffff\">23 iyun 2021-ci il tarixd\u0259 YAP \u0130mi\u015fli rayon t\u0259\u015fkilat\u0131nda Pandemiya qaydalar\u0131na \u0259m\u0259l edilm\u0259kl\u0259 \u0130dar\u0259 hey\u0259tinin iclas\u0131 ke\u00e7irildi<\/span><\/p>\n<p><span style=\"color: #ff0000\"><strong>&#8220;\u0130NFONEWS&#8221; <\/strong><\/span>x\u0259b\u0259r verir.<\/p>\n<p>YAP \u0130mi\u015fli rayon t\u0259\u015fkilat\u0131n\u0131n s\u0259dri S\u0259fa A\u011fayev iclas\u0131n g\u00fcnd\u0259liyind\u0259 duran m\u0259s\u0259l\u0259 il\u0259 \u0259laq\u0259dar iclas i\u015ftirak\u00e7\u0131lar\u0131na geni\u015f v\u0259 \u0259trafl\u0131 m\u0259ruz\u0259 il\u0259 \u00e7\u0131x\u0131\u015f etdi. \u0130clas s\u0259dri \u00e7\u0131x\u0131\u015f\u0131nda bildirdi ki, \u015eu\u015fa B\u0259yannam\u0259si Az\u0259rbaycan-T\u00fcrkiy\u0259 m\u00fcnasib\u0259tl\u0259rind\u0259 yeni m\u0259rh\u0259l\u0259y\u0259 ke\u00e7iddir.\u201c44 g\u00fcnl\u00fck V\u0259t\u0259n m\u00fcharib\u0259si zaman\u0131 d\u00fcnya bir daha bunun \u015fahidi oldu ki, m\u00fcharib\u0259nin ilk g\u00fcnl\u0259rind\u0259n qarda\u015f \u00f6lk\u0259 T\u00fcrkiy\u0259 Az\u0259rbaycandan d\u0259st\u0259yini \u0259sirg\u0259m\u0259di. T\u00fcrkiy\u0259 Prezidenti R\u0259c\u0259b Tayyib \u018frdo\u011fan a\u00e7\u0131q v\u0259 birm\u0259nal\u0131 \u015f\u0259kild\u0259 b\u0259yan etdi ki, bu m\u00fcharib\u0259d\u0259 Az\u0259rbaycan t\u0259k deyil v\u0259 T\u00fcrkiy\u0259 h\u0259r zaman Az\u0259rbaycan\u0131n yan\u0131ndad\u0131r. Bu d\u0259st\u0259k bizi daha g\u00fccl\u00fc etdi v\u0259 Qaraba\u011f Z\u0259f\u0259rimizd\u0259 m\u00fch\u00fcm rol oynad\u0131.\u201d<\/p>\n<p>S\u0259fa A\u011fayev bildirdi ki, \u015eu\u015fa B\u0259yannam\u0259si bir \u00e7ox aspektd\u0259n x\u00fcsusi \u0259h\u0259miyy\u0259t da\u015f\u0131y\u0131r: \u201cBildiyiniz kimi, Prezident \u0130lham \u018fliyev el\u0259c\u0259 d\u0259, T\u00fcrkiy\u0259 Prezidenti bu B\u0259yannam\u0259nin \u0259h\u0259miyy\u0259ti il\u0259 ba\u011fl\u0131 fikirl\u0259rini s\u00f6yl\u0259di. M\u0259n dey\u0259rdim ki, bu B\u0259yannam\u0259 Qars m\u00fcqavil\u0259si q\u0259d\u0259r \u0259h\u0259miyy\u0259tli bir s\u0259n\u0259ddir. Burada bir \u00e7ox m\u0259s\u0259l\u0259l\u0259r \u00f6z \u0259skini tap\u0131b. X\u00fcsusil\u0259 d\u0259 h\u0259rbi sah\u0259d\u0259 iki \u00f6lk\u0259d\u0259n birinin t\u0259cav\u00fcz\u0259 m\u0259ruz qald\u0131\u011f\u0131 halda t\u0259r\u0259fl\u0259rin bir-birin\u0259 d\u0259st\u0259k g\u00f6st\u0259rm\u0259si, Az\u0259rbaycan v\u0259 t\u00fcrk diasporlar\u0131 aras\u0131nda \u0259m\u0259kda\u015fl\u0131\u011f\u0131n daha da inki\u015faf etdirilm\u0259si, \u00fcmumi probleml\u0259rl\u0259 ba\u011fl\u0131 birg\u0259 add\u0131mlar\u0131n at\u0131lmas\u0131, davaml\u0131 h\u0259mr\u0259ylik g\u00f6st\u0259rilm\u0259si, milli m\u0259nafel\u0259rin qorunmas\u0131na dair tarixi h\u0259qiq\u0259tl\u0259rin d\u00fcnya ictimaiyy\u0259tin\u0259 \u00e7atd\u0131r\u0131lmas\u0131, diaspor f\u0259aliyy\u0259tinin \u0259laq\u0259l\u0259ndirilm\u0259si v\u0259 qar\u015f\u0131l\u0131ql\u0131 d\u0259st\u0259yin verilm\u0259si kimi bir \u00e7ox m\u00fch\u00fcm m\u0259s\u0259l\u0259l\u0259r var.\u201d<\/p>\n<p>S\u0259fa A\u011fayev qeyd edib ki, Az\u0259rbaycan-T\u00fcrkiy\u0259 m\u00fcnasib\u0259tl\u0259ri uzun ill\u0259rdir inki\u015faf edir: \u201cAncaq bu m\u0259rh\u0259l\u0259 yeni bir m\u0259rh\u0259l\u0259dir. \u0130ki \u00f6lk\u0259 bir-birin\u0259 daha da yax\u0131nla\u015fd\u0131 v\u0259 bu B\u0259yannam\u0259nin imzalanmas\u0131 bir \u00e7ox platformalarda iki \u00f6lk\u0259nin \u0259m\u0259kda\u015fl\u0131\u011f\u0131na ciddi t\u00f6hf\u0259sini ver\u0259c\u0259k. T\u00fcrkiy\u0259 h\u0259r zaman Az\u0259rbaycan\u0131n yan\u0131nda olub v\u0259 Az\u0259rbaycan da h\u0259r zaman T\u00fcrkiy\u0259nin yan\u0131nda olacaq.\u201d Burada Erm\u0259nistan t\u0259r\u0259fin\u0259 \u00e7ox ciddi mesajlar var: \u201cErm\u0259nistan t\u0259r\u0259fi anlamal\u0131d\u0131r ki, regionda yeni v\u0259ziyy\u0259t yaran\u0131b v\u0259 revan\u015fist b\u0259yanatlara, t\u0259xribatlara son qoymal\u0131d\u0131r. Erm\u0259nistan\u0131n qon\u015fular\u0131 il\u0259 \u0259m\u0259kda\u015fl\u0131qdan ba\u015fqa yolu yoxdur. \u018fg\u0259r, yenid\u0259n hans\u0131sa t\u0259xribata c\u0259hd edil\u0259rs\u0259, bunun qar\u015f\u0131s\u0131 Az\u0259rbaycan t\u0259r\u0259find\u0259n \u00e7ox q\u0259tiyy\u0259tl\u0259 al\u0131nacaq. Ona g\u00f6r\u0259 d\u0259 Erm\u0259nistan \u00e7al\u0131\u015fmal\u0131d\u0131r\u0131 ki, b\u00f6lg\u0259d\u0259 s\u00fclh\u00fcn v\u0259 t\u0259hl\u00fck\u0259sizliyin t\u0259min olunmas\u0131na t\u00f6hf\u0259 versin.<\/p>\n<p>\u015eu\u015fa Az\u0259rbaycan torpa\u011f\u0131d\u0131r v\u0259 h\u0259r zaman da bel\u0259 olacaq. He\u00e7 zaman erm\u0259ni fa\u015fizminin ba\u015f qald\u0131rmas\u0131na imkan verilm\u0259y\u0259c\u0259k. Bu g\u00fcn Az\u0259rbaycan v\u0259 T\u00fcrkiy\u0259 bu prosesd\u0259 \u00f6z s\u00f6z\u00fcn\u00fc deyib. Dig\u0259r bir m\u0259s\u0259l\u0259 is\u0259 Z\u0259ng\u0259zur d\u0259hlizi il\u0259 ba\u011fl\u0131d\u0131r ki, t\u0259r\u0259fl\u0259r bu m\u0259s\u0259l\u0259ni d\u0259 x\u00fcsusi vur\u011fulad\u0131lar. Bu d\u0259hliz u\u011furla icra olunacaq v\u0259 Az\u0259rbaycan \u00f6z m\u0259qs\u0259din\u0259 nail olana kimi bu prosesd\u0259 \u00f6z prinsipiall\u0131\u011f\u0131n\u0131 g\u00f6st\u0259r\u0259c\u0259k.\u201d<\/p>\n<p>\u00c7\u0131x\u0131\u015f ed\u0259n \u015eura \u00fczv\u00fc \u018flamdar Quliyev v\u0259 partiya f\u0259allar\u0131 Yas\u0259m\u0259n \u015e\u00fck\u00fcrova,T\u0259b\u0259ss\u00fcm X\u0259lilova bildirdil\u0259rki,bel\u0259 bir s\u0259n\u0259d\u0259 m\u0259hz \u015eu\u015fada imza at\u0131lmas\u0131 \u0130kinci Qaraba\u011f m\u00fcharib\u0259sind\u0259n sonra yaranan yeni reall\u0131qlar fonunda d\u00fcnyaya bir \u00e7ox mesajlar\u0131 \u00e7atd\u0131r\u0131r: S\u0259n\u0259din imzalanmas\u0131nda m\u0259kan t\u0259bii ki, \u0259h\u0259miyy\u0259tli rol oynay\u0131r. Bu, b\u00f6y\u00fck tarixdir. H\u0259r bir s\u0259n\u0259d \u00f6z\u00fcnd\u0259 ehtiva etdiyi m\u0259qamlarla, h\u0259d\u0259fl\u0259rl\u0259 \u0259h\u0259miyy\u0259tlidir. Beyn\u0259lxalq s\u0259n\u0259dd\u0259 vaxt v\u0259 imza il\u0259 yana\u015f\u0131, yerin n\u0259 q\u0259d\u0259r b\u00f6y\u00fck m\u0259na k\u0259sb etdiyi ayd\u0131nd\u0131r. Bu bax\u0131mdan Az\u0259rbaycan v\u0259 T\u00fcrkiy\u0259nin m\u00fctt\u0259fiqlik m\u00fcnasib\u0259tl\u0259rin\u0259 i\u015f\u0131q salan v\u0259 perspektivl\u0259ri m\u00fc\u0259yy\u0259nl\u0259\u015fdiril\u0259n s\u0259n\u0259d\u0259 \u015eu\u015fada imza at\u0131lmas\u0131 q\u00fcrurvericidir, r\u0259mzi m\u0259na v\u0259 m\u00fch\u00fcm tarixi \u0259h\u0259miyy\u0259t k\u0259sb edir. 15 iyun 2021-ci il, \u015eu\u015fa \u015f\u0259h\u0259ri imzas\u0131 \u00f6z\u00fcnd\u0259 b\u00fct\u00fcn m\u0259qamlar\u0131 birl\u0259\u015fdirir. Az\u0259rbaycan \u00fc\u00e7\u00fcn \u00e7ox \u00f6n\u0259mli bir tarixd\u0259 &#8211; Milli Qurtulu\u015f G\u00fcn\u00fcnd\u0259, Qars m\u00fcqavil\u0259sind\u0259n y\u00fcz il sonra iki dost v\u0259 qarda\u015f \u00f6lk\u0259 aras\u0131nda imzalanan m\u00fctt\u0259fiqlik m\u00fcnasib\u0259tl\u0259rin\u0259 dair \u015eu\u015fa B\u0259yannam\u0259si tarix\u0259 m\u00fch\u00fcm hadis\u0259 kimi yaz\u0131ld\u0131: Bu tarixi s\u0259n\u0259d iki qarda\u015f \u00f6lk\u0259nin \u00fcmumi maraqlar\u0131n\u0131n qorunmas\u0131nda imkanlar\u0131n birl\u0259\u015fdirilm\u0259sinin, el\u0259c\u0259 d\u0259 ortaq maraq k\u0259sb ed\u0259n regional v\u0259 beyn\u0259lxalq strateji m\u0259s\u0259l\u0259l\u0259rd\u0259 f\u0259aliyy\u0259tl\u0259rin qar\u015f\u0131l\u0131ql\u0131 \u015f\u0259kild\u0259 \u0259laq\u0259l\u0259ndirilm\u0259sinin m\u0259ntiqi n\u0259tic\u0259si olaraq \u00f6lk\u0259l\u0259rimizin regional v\u0259 beyn\u0259lxalq rolunu, \u00e7\u0259kisini daha da art\u0131racaq. \u00dcmumil\u0259\u015fdirilmi\u015f \u015f\u0259kild\u0259 qeyd ets\u0259k, Az\u0259rbaycan-T\u00fcrkiy\u0259 m\u00fcnasib\u0259tl\u0259ri haz\u0131rda \u00f6z\u00fcn\u00fcn \u0259n uca zirv\u0259sin\u0259 y\u00fcks\u0259lib. Az\u0259rbaycan v\u0259 T\u00fcrkiy\u0259 aras\u0131nda \u0259laq\u0259l\u0259rin y\u00fcks\u0259k s\u0259viyy\u0259si \u00fcmumilikd\u0259 regionun t\u0259r\u0259qqisin\u0259, sabitliyin b\u0259rq\u0259rar olmas\u0131na m\u00fch\u00fcm t\u00f6hf\u0259l\u0259r verir.<\/p>\n<p>&nbsp;<\/p>\n<p><img loading=\"lazy\" decoding=\"async\" class=\"alignnone size-medium wp-image-10566\" src=\"https:\/\/infonews.az\/wp-content\/uploads\/2021\/06\/IMG-20210623-WA0132-300x225.jpg\" alt=\"\" width=\"300\" height=\"225\" srcset=\"https:\/\/infonews.az\/wp-content\/uploads\/2021\/06\/IMG-20210623-WA0132-300x225.jpg?v=1660870698 300w, https:\/\/infonews.az\/wp-content\/uploads\/2021\/06\/IMG-20210623-WA0132-1024x768.jpg?v=1660870698 1024w, https:\/\/infonews.az\/wp-content\/uploads\/2021\/06\/IMG-20210623-WA0132-768x576.jpg?v=1660870698 768w, https:\/\/infonews.az\/wp-content\/uploads\/2021\/06\/IMG-20210623-WA0132.jpg?v=1660870698 1280w\" sizes=\"(max-width: 300px) 100vw, 300px\" \/> <img loading=\"lazy\" decoding=\"async\" class=\"alignnone size-medium wp-image-10567\" src=\"https:\/\/infonews.az\/wp-content\/uploads\/2021\/06\/IMG-20210623-WA0128-191x300.jpg\" alt=\"\" width=\"191\" height=\"300\" srcset=\"https:\/\/infonews.az\/wp-content\/uploads\/2021\/06\/IMG-20210623-WA0128-191x300.jpg?v=1660870697 191w, https:\/\/infonews.az\/wp-content\/uploads\/2021\/06\/IMG-20210623-WA0128-652x1024.jpg?v=1660870697 652w, https:\/\/infonews.az\/wp-content\/uploads\/2021\/06\/IMG-20210623-WA0128-768x1206.jpg?v=1660870697 768w, https:\/\/infonews.az\/wp-content\/uploads\/2021\/06\/IMG-20210623-WA0128.jpg?v=1660870697 815w\" sizes=\"(max-width: 191px) 100vw, 191px\" \/> <img loading=\"lazy\" decoding=\"async\" class=\"alignnone size-medium wp-image-10568\" src=\"https:\/\/infonews.az\/wp-content\/uploads\/2021\/06\/IMG-20210623-WA0124-300x225.jpg\" alt=\"\" width=\"300\" height=\"225\" srcset=\"https:\/\/infonews.az\/wp-content\/uploads\/2021\/06\/IMG-20210623-WA0124-300x225.jpg?v=1660870697 300w, https:\/\/infonews.az\/wp-content\/uploads\/2021\/06\/IMG-20210623-WA0124-1024x768.jpg?v=1660870697 1024w, https:\/\/infonews.az\/wp-content\/uploads\/2021\/06\/IMG-20210623-WA0124-768x576.jpg?v=1660870697 768w, https:\/\/infonews.az\/wp-content\/uploads\/2021\/06\/IMG-20210623-WA0124.jpg?v=1660870697 1280w\" sizes=\"(max-width: 300px) 100vw, 300px\" \/> <img loading=\"lazy\" decoding=\"async\" class=\"alignnone size-medium wp-image-10569\" src=\"https:\/\/infonews.az\/wp-content\/uploads\/2021\/06\/IMG-20210623-WA0131-300x225.jpg\" alt=\"\" width=\"300\" height=\"225\" srcset=\"https:\/\/infonews.az\/wp-content\/uploads\/2021\/06\/IMG-20210623-WA0131-300x225.jpg?v=1660870696 300w, https:\/\/infonews.az\/wp-content\/uploads\/2021\/06\/IMG-20210623-WA0131-1024x768.jpg?v=1660870696 1024w, https:\/\/infonews.az\/wp-content\/uploads\/2021\/06\/IMG-20210623-WA0131-768x576.jpg?v=1660870696 768w, https:\/\/infonews.az\/wp-content\/uploads\/2021\/06\/IMG-20210623-WA0131.jpg?v=1660870696 1280w\" sizes=\"(max-width: 300px) 100vw, 300px\" \/> <img loading=\"lazy\" decoding=\"async\" class=\"alignnone size-medium wp-image-10570\" src=\"https:\/\/infonews.az\/wp-content\/uploads\/2021\/06\/IMG-20210623-WA0126-300x225.jpg\" alt=\"\" width=\"300\" height=\"225\" srcset=\"https:\/\/infonews.az\/wp-content\/uploads\/2021\/06\/IMG-20210623-WA0126-300x225.jpg?v=1660870696 300w, https:\/\/infonews.az\/wp-content\/uploads\/2021\/06\/IMG-20210623-WA0126-1024x768.jpg?v=1660870696 1024w, https:\/\/infonews.az\/wp-content\/uploads\/2021\/06\/IMG-20210623-WA0126-768x576.jpg?v=1660870696 768w, https:\/\/infonews.az\/wp-content\/uploads\/2021\/06\/IMG-20210623-WA0126.jpg?v=1660870696 1280w\" sizes=\"(max-width: 300px) 100vw, 300px\" \/> <img loading=\"lazy\" decoding=\"async\" class=\"alignnone size-medium wp-image-10571\" src=\"https:\/\/infonews.az\/wp-content\/uploads\/2021\/06\/IMG-20210623-WA0130-300x225.jpg\" alt=\"\" width=\"300\" height=\"225\" srcset=\"https:\/\/infonews.az\/wp-content\/uploads\/2021\/06\/IMG-20210623-WA0130-300x225.jpg?v=1660870695 300w, https:\/\/infonews.az\/wp-content\/uploads\/2021\/06\/IMG-20210623-WA0130-1024x768.jpg?v=1660870695 1024w, https:\/\/infonews.az\/wp-content\/uploads\/2021\/06\/IMG-20210623-WA0130-768x576.jpg?v=1660870695 768w, https:\/\/infonews.az\/wp-content\/uploads\/2021\/06\/IMG-20210623-WA0130.jpg?v=1660870695 1280w\" sizes=\"(max-width: 300px) 100vw, 300px\" \/> <img loading=\"lazy\" decoding=\"async\" class=\"alignnone size-medium wp-image-10572\" src=\"https:\/\/infonews.az\/wp-content\/uploads\/2021\/06\/IMG-20210623-WA0129-300x169.jpg\" alt=\"\" width=\"300\" height=\"169\" srcset=\"https:\/\/infonews.az\/wp-content\/uploads\/2021\/06\/IMG-20210623-WA0129-300x169.jpg?v=1660870695 300w, https:\/\/infonews.az\/wp-content\/uploads\/2021\/06\/IMG-20210623-WA0129-1024x575.jpg?v=1660870695 1024w, https:\/\/infonews.az\/wp-content\/uploads\/2021\/06\/IMG-20210623-WA0129-768x431.jpg?v=1660870695 768w, https:\/\/infonews.az\/wp-content\/uploads\/2021\/06\/IMG-20210623-WA0129.jpg?v=1660870695 1280w\" sizes=\"(max-width: 300px) 100vw, 300px\" \/> <img loading=\"lazy\" decoding=\"async\" class=\"alignnone size-medium wp-image-10573\" src=\"https:\/\/infonews.az\/wp-content\/uploads\/2021\/06\/IMG-20210623-WA0125-300x225.jpg\" alt=\"\" width=\"300\" height=\"225\" srcset=\"https:\/\/infonews.az\/wp-content\/uploads\/2021\/06\/IMG-20210623-WA0125-300x225.jpg?v=1660870694 300w, https:\/\/infonews.az\/wp-content\/uploads\/2021\/06\/IMG-20210623-WA0125-1024x768.jpg?v=1660870694 1024w, https:\/\/infonews.az\/wp-content\/uploads\/2021\/06\/IMG-20210623-WA0125-768x576.jpg?v=1660870694 768w, https:\/\/infonews.az\/wp-content\/uploads\/2021\/06\/IMG-20210623-WA0125.jpg?v=1660870694 1280w\" sizes=\"(max-width: 300px) 100vw, 300px\" \/> <img loading=\"lazy\" decoding=\"async\" class=\"alignnone size-medium wp-image-10574\" src=\"https:\/\/infonews.az\/wp-content\/uploads\/2021\/06\/IMG-20210623-WA0127-300x225.jpg\" alt=\"\" width=\"300\" height=\"225\" srcset=\"https:\/\/infonews.az\/wp-content\/uploads\/2021\/06\/IMG-20210623-WA0127-300x225.jpg?v=1660870694 300w, https:\/\/infonews.az\/wp-content\/uploads\/2021\/06\/IMG-20210623-WA0127-1024x768.jpg?v=1660870694 1024w, https:\/\/infonews.az\/wp-content\/uploads\/2021\/06\/IMG-20210623-WA0127-768x576.jpg?v=1660870694 768w, https:\/\/infonews.az\/wp-content\/uploads\/2021\/06\/IMG-20210623-WA0127.jpg?v=1660870694 1280w\" sizes=\"(max-width: 300px) 100vw, 300px\" \/><\/p>\n","protected":false},"excerpt":{"rendered":"<p>23 iyun 2021-ci il tarixd\u0259 YAP \u0130mi\u015fli rayon t\u0259\u015fkilat\u0131nda Pandemiya qaydalar\u0131na \u0259m\u0259l edilm\u0259kl\u0259 \u0130dar\u0259 hey\u0259tinin iclas\u0131 ke\u00e7irildi &#8220;\u0130NFONEWS&#8221; x\u0259b\u0259r verir. YAP \u0130mi\u015fli rayon t\u0259\u015fkilat\u0131n\u0131n s\u0259dri S\u0259fa A\u011fayev iclas\u0131n g\u00fcnd\u0259liyind\u0259 duran&hellip; <\/p>\n","protected":false},"author":3,"featured_media":10571,"comment_status":"open","ping_status":"open","sticky":false,"template":"","format":"standard","meta":{"_mi_skip_tracking":false,"_monsterinsights_sitenote_active":false,"_monsterinsights_sitenote_note":"","_monsterinsights_sitenote_category":0,"footnotes":""},"categories":[11],"tags":[276],"aioseo_notices":[],"_links":{"self":[{"href":"https:\/\/infonews.az\/index.php?rest_route=\/wp\/v2\/posts\/10565"}],"collection":[{"href":"https:\/\/infonews.az\/index.php?rest_route=\/wp\/v2\/posts"}],"about":[{"href":"https:\/\/infonews.az\/index.php?rest_route=\/wp\/v2\/types\/post"}],"author":[{"embeddable":true,"href":"https:\/\/infonews.az\/index.php?rest_route=\/wp\/v2\/users\/3"}],"replies":[{"embeddable":true,"href":"https:\/\/infonews.az\/index.php?rest_route=%2Fwp%2Fv2%2Fcomments&post=10565"}],"version-history":[{"count":1,"href":"https:\/\/infonews.az\/index.php?rest_route=\/wp\/v2\/posts\/10565\/revisions"}],"predecessor-version":[{"id":10575,"href":"https:\/\/infonews.az\/index.php?rest_route=\/wp\/v2\/posts\/10565\/revisions\/10575"}],"wp:featuredmedia":[{"embeddable":true,"href":"https:\/\/infonews.az\/index.php?rest_route=\/wp\/v2\/media\/10571"}],"wp:attachment":[{"href":"https:\/\/infonews.az\/index.php?rest_route=%2Fwp%2Fv2%2Fmedia&parent=10565"}],"wp:term":[{"taxonomy":"category","embeddable":true,"href":"https:\/\/infonews.az\/index.php?rest_route=%2Fwp%2Fv2%2Fcategories&post=10565"},{"taxonomy":"post_tag","embeddable":true,"href":"https:\/\/infonews.az\/index.php?rest_route=%2Fwp%2Fv2%2Ftags&post=10565"}],"curies":[{"name":"wp","href":"https:\/\/api.w.org\/{rel}","templated":true}]}}