{"id":10614,"date":"2021-06-28T19:34:03","date_gmt":"2021-06-28T15:34:03","guid":{"rendered":"https:\/\/infonews.az\/?p=10614"},"modified":"2021-06-28T22:18:30","modified_gmt":"2021-06-28T18:18:30","slug":"az%c9%99rbaycan-ordusunun-h%c9%99rbi-qulluqculari-lacinda-h%c9%99lak-oldu","status":"publish","type":"post","link":"https:\/\/infonews.az\/?p=10614","title":{"rendered":"Az\u0259rbaycan Ordusunun h\u0259rbi qulluq\u00e7ular\u0131 La\u00e7\u0131nda h\u0259lak oldu"},"content":{"rendered":"<p><span style=\"color: #ffffff;\">Az\u0259rbaycan Ordusunun h\u0259rbi qulluq\u00e7ular\u0131 La\u00e7\u0131nda h\u0259lak oldu<\/span><\/p>\n<blockquote><p><b>\u0130yunun 28-d\u0259 g\u00fcnorta saatlar\u0131nda La\u00e7\u0131n rayonu \u0259razisind\u0259 yol-n\u0259qliyyat hadis\u0259si ba\u015f verib.\u00a0<\/b><\/p><\/blockquote>\n<p><a href=\"https:\/\/infonews.az\/\"><span style=\"color: #ff0000;\"><b>&#8220;\u0130NFONEWS&#8221;<\/b><\/span><\/a>\u00a0M\u00fcdafi\u0259 Nazirliyin\u0259 istinad\u0259n x\u0259b\u0259r verir ki, \u201cKamAZ\u201d markal\u0131 h\u0259rbi y\u00fck avtomobilinin q\u0259zaya u\u011framas\u0131 n\u0259tic\u0259sind\u0259 Az\u0259rbaycan Ordusunun m\u00fcdd\u0259td\u0259n art\u0131q h\u0259qiqi h\u0259rbi xidm\u0259t h\u0259rbi qulluq\u00e7ular\u0131 &#8211; ki\u00e7ik \u00e7avu\u015f Zeynall\u0131 Co\u015fqun \u00c7ingiz o\u011flu v\u0259 \u0259sg\u0259r R\u0259himli Orxan Elxan o\u011flu h\u0259lak olub.<\/p>\n<p>M\u00fcdafi\u0259 Nazirliyinin r\u0259hb\u0259rliyi b\u0259db\u0259xt hadis\u0259 n\u0259tic\u0259sind\u0259 h\u0259lak olan h\u0259rbi qulluq\u00e7ular\u0131n yax\u0131nlar\u0131na v\u0259 \u0259zizl\u0259rin\u0259 d\u0259rin h\u00fcznl\u0259 ba\u015fsa\u011fl\u0131\u011f\u0131 verir.<br \/>\nFaktla \u0259laq\u0259dar cinay\u0259t i\u015fi a\u00e7\u0131l\u0131b, ara\u015fd\u0131rma apar\u0131l\u0131r.<\/p>\n","protected":false},"excerpt":{"rendered":"<p>Az\u0259rbaycan Ordusunun h\u0259rbi qulluq\u00e7ular\u0131 La\u00e7\u0131nda h\u0259lak oldu \u0130yunun 28-d\u0259 g\u00fcnorta saatlar\u0131nda La\u00e7\u0131n rayonu \u0259razisind\u0259 yol-n\u0259qliyyat hadis\u0259si ba\u015f verib.\u00a0 &#8220;\u0130NFONEWS&#8221;\u00a0M\u00fcdafi\u0259 Nazirliyin\u0259 istinad\u0259n x\u0259b\u0259r verir ki, \u201cKamAZ\u201d markal\u0131 h\u0259rbi y\u00fck avtomobilinin q\u0259zaya&hellip; <\/p>\n","protected":false},"author":3,"featured_media":10615,"comment_status":"open","ping_status":"open","sticky":false,"template":"","format":"standard","meta":{"_mi_skip_tracking":false,"_monsterinsights_sitenote_active":false,"_monsterinsights_sitenote_note":"","_monsterinsights_sitenote_category":0,"footnotes":""},"categories":[5,11],"tags":[4612,41,4613],"aioseo_notices":[],"_links":{"self":[{"href":"https:\/\/infonews.az\/index.php?rest_route=\/wp\/v2\/posts\/10614"}],"collection":[{"href":"https:\/\/infonews.az\/index.php?rest_route=\/wp\/v2\/posts"}],"about":[{"href":"https:\/\/infonews.az\/index.php?rest_route=\/wp\/v2\/types\/post"}],"author":[{"embeddable":true,"href":"https:\/\/infonews.az\/index.php?rest_route=\/wp\/v2\/users\/3"}],"replies":[{"embeddable":true,"href":"https:\/\/infonews.az\/index.php?rest_route=%2Fwp%2Fv2%2Fcomments&post=10614"}],"version-history":[{"count":1,"href":"https:\/\/infonews.az\/index.php?rest_route=\/wp\/v2\/posts\/10614\/revisions"}],"predecessor-version":[{"id":10616,"href":"https:\/\/infonews.az\/index.php?rest_route=\/wp\/v2\/posts\/10614\/revisions\/10616"}],"wp:featuredmedia":[{"embeddable":true,"href":"https:\/\/infonews.az\/index.php?rest_route=\/wp\/v2\/media\/10615"}],"wp:attachment":[{"href":"https:\/\/infonews.az\/index.php?rest_route=%2Fwp%2Fv2%2Fmedia&parent=10614"}],"wp:term":[{"taxonomy":"category","embeddable":true,"href":"https:\/\/infonews.az\/index.php?rest_route=%2Fwp%2Fv2%2Fcategories&post=10614"},{"taxonomy":"post_tag","embeddable":true,"href":"https:\/\/infonews.az\/index.php?rest_route=%2Fwp%2Fv2%2Ftags&post=10614"}],"curies":[{"name":"wp","href":"https:\/\/api.w.org\/{rel}","templated":true}]}}