{"id":10617,"date":"2021-06-28T19:18:43","date_gmt":"2021-06-28T15:18:43","guid":{"rendered":"https:\/\/infonews.az\/?p=10617"},"modified":"2021-06-28T22:22:55","modified_gmt":"2021-06-28T18:22:55","slug":"qarabag-ordeni-s%c9%99hidin-ad-gunund%c9%99-ail%c9%99sin%c9%99-t%c9%99qdim-edildi","status":"publish","type":"post","link":"https:\/\/infonews.az\/?p=10617","title":{"rendered":"\u201cQaraba\u011f\u201d ordeni \u015f\u0259hidin ad g\u00fcn\u00fcnd\u0259 ail\u0259sin\u0259 t\u0259qdim edildi"},"content":{"rendered":"<p><span style=\"color: #ffffff;\">\u201cQaraba\u011f\u201d ordeni \u015f\u0259hidin ad g\u00fcn\u00fcnd\u0259 ail\u0259sin\u0259 t\u0259qdim edildi\u00a0<\/span><\/p>\n<blockquote><p><b>Az\u0259rbaycan prezidentinin s\u0259r\u0259ncam\u0131 il\u0259 \u201cQaraba\u011f\u201d ordeni v\u0259 bir ne\u00e7\u0259 d\u00f6y\u00fc\u015f medal\u0131 il\u0259 t\u0259ltif olunmu\u015f \u015f\u0259hid gizir Sad\u0131ql\u0131 \u0130brahim \u015eahin o\u011flunun ad g\u00fcn\u00fcnd\u0259 M\u00fcdafi\u0259 Nazirliyinin bir qrup h\u0259rbi qulluq\u00e7usu, \u015f\u0259hidin ail\u0259 \u00fczvl\u0259ri, dostlar\u0131, ictimaiyy\u0259t n\u00fcmay\u0259nd\u0259l\u0259ri \u015e\u0259hidl\u0259r xiyaban\u0131na g\u0259l\u0259r\u0259k onun m\u0259zar\u0131n\u0131 ziyar\u0259t edib, \u00f6n\u00fcn\u0259 \u00e7\u0259l\u0259ng v\u0259 q\u0259r\u0259nfill\u0259r d\u00fcz\u00fcbl\u0259r.<\/b><\/p><\/blockquote>\n<p>M\u00fcdafi\u0259 Nazirliyind\u0259n\u00a0<b><a href=\"https:\/\/infonews.az\/\"><span style=\"color: #ff0000;\">&#8220;\u0130NFONEWS<\/span><\/a>&#8220;<\/b>-a\u00a0veril\u0259n m\u0259lumata g\u00f6r\u0259, din xadimi \u015f\u0259hidl\u0259rin ruhuna dualar oxuyub, n\u0259 q\u0259d\u0259r Az\u0259rbaycan var, Az\u0259rbaycan xalq\u0131 var onlar\u0131n \u0259b\u0259di ya\u015fayaca\u011f\u0131n\u0131 qeyd edib.<\/p>\n<p>M\u00fcdafi\u0259 Nazirliyin \u0259m\u0259kda\u015f\u0131 polkovnik Abdulla Qurbani 44 g\u00fcnl\u00fck V\u0259t\u0259n m\u00fcharib\u0259sind\u0259 t\u0259cav\u00fczkar Erm\u0259nistan \u00fcz\u0259rind\u0259 qazan\u0131lan b\u00f6y\u00fck Z\u0259f\u0259rin tarixi \u0259h\u0259miyy\u0259tind\u0259n dan\u0131\u015f\u0131b. O, M\u00fcz\u0259ff\u0259r Ali Ba\u015f Komandan \u0130lham \u018fliyevin r\u0259hb\u0259rliyi alt\u0131nda \u015f\u0259hidl\u0259rin intiqam\u0131n\u0131n d\u00fc\u015fm\u0259nd\u0259n d\u00f6y\u00fc\u015f meydan\u0131nda al\u0131nd\u0131\u011f\u0131n\u0131 bildirib.<\/p>\n<p>N\u0259z\u0259r\u0259 \u00e7atd\u0131r\u0131l\u0131b ki, gizir \u0130brahim Sad\u0131ql\u0131 da V\u0259t\u0259n u\u011frunda d\u00f6y\u00fc\u015fl\u0259rd\u0259 \u015f\u0259had\u0259t zirv\u0259sin\u0259 ucalan igid o\u011fullar\u0131m\u0131zdand\u0131r. O, 28 iyun 1993-c\u00fc ild\u0259 Bak\u0131 \u015f\u0259h\u0259rind\u0259 anadan olub. 2011-ci ild\u0259 tam orta m\u0259kt\u0259bi bitirdikd\u0259n sonra Az\u0259rbaycan Ordusunda m\u00fcdd\u0259tli h\u0259qiqi h\u0259rbi xidm\u0259t ke\u00e7ib. 2016-c\u0131 ild\u0259 Silahl\u0131 Q\u00fcvv\u0259l\u0259rin T\u0259lim v\u0259 T\u0259dris M\u0259rk\u0259zinin \u201cGizir haz\u0131rl\u0131\u011f\u0131 kursu\u201dnu bitirdikd\u0259n sonra ona \u201cgizir\u201d h\u0259rbi r\u00fctb\u0259si verilib.<\/p>\n<p>T\u0259cav\u00fczkar Erm\u0259nistan\u0131n t\u0259xribatlar\u0131na cavab olaraq \u00f6lk\u0259mizin \u0259razi b\u00fct\u00f6vl\u00fcy\u00fcn\u00fcn b\u0259rpas\u0131, tarixi torpaqlar\u0131m\u0131z\u0131n azad edilm\u0259si namin\u0259 ba\u015flanan \u201cD\u0259mir Yumruq\u201d \u0259m\u0259liyyat\u0131n\u0131n ilk g\u00fcn\u00fcnd\u0259n komandiri oldu\u011fu b\u00f6lm\u0259 F\u00fczuli v\u0259 C\u0259bray\u0131l rayonlar\u0131n\u0131n ya\u015fay\u0131\u015f m\u0259nt\u0259q\u0259l\u0259rinin azad edilm\u0259si u\u011frunda apar\u0131lan h\u0259rbi \u0259m\u0259liyyatlar zaman\u0131 d\u00fc\u015fm\u0259n\u0259 canl\u0131 q\u00fcvv\u0259 sar\u0131dan xeyli itkil\u0259r verib, m\u0259rdlik v\u0259 igidlik n\u00fcmun\u0259l\u0259ri g\u00f6st\u0259rib.<\/p>\n<p>2020-ci il oktyabr\u0131n 3-d\u0259 F\u00fczuli rayonu \u0259razisind\u0259 d\u00f6y\u00fc\u015f tap\u015f\u0131r\u0131\u011f\u0131n\u0131 yerin\u0259 yetir\u0259rk\u0259n gizir \u0130.Sad\u0131ql\u0131 \u015f\u0259hid olub v\u0259 b\u00f6y\u00fck izdiham\u0131n i\u015ftirak\u0131 il\u0259, h\u0259rbi v\u0259 dini \u0259n\u0259n\u0259l\u0259r\u0259 uy\u011fun olaraq son m\u0259nzil\u0259 yola sal\u0131n\u0131b.<\/p>\n<p>V\u0259t\u0259n m\u00fcharib\u0259sinin i\u015ftirak\u00e7\u0131s\u0131 mayor R\u00fcf\u0259t M\u0259mm\u0259dov, el a\u011fsaqqal\u0131 Hac\u0131 Mirmehdi, ictimaiyy\u0259t n\u00fcmay\u0259nd\u0259l\u0259rind\u0259n Elman Qas\u0131mov, G\u00fclbahar \u0130brahimova, N\u0259riman Xudiyev, Hac\u0131 M\u0259mm\u0259dov, dostlar\u0131 R\u0259van Ba\u011f\u0131rov, H\u0259s\u0259n Eyvazov, Az\u0259r \u018fliyev \u00e7\u0131x\u0131\u015f ed\u0259r\u0259k \u015f\u0259hid \u0130.Sad\u0131ql\u0131 haqq\u0131nda xatir\u0259l\u0259rini s\u00f6yl\u0259yib, onun v\u0259t\u0259np\u0259rv\u0259r bir g\u0259nc oldu\u011funu, qar\u015f\u0131ya qoyulan ist\u0259nil\u0259n d\u00f6y\u00fc\u015f tap\u015f\u0131r\u0131\u011f\u0131n\u0131 layiqinc\u0259 yerin\u0259 yetirdiyini, h\u0259m m\u00fclki h\u0259yatda, h\u0259m d\u0259 h\u0259rbi kollektivd\u0259 s\u0259mimiliyi, d\u00f6y\u00fc\u015fk\u0259nliyi, pe\u015f\u0259karl\u0131\u011f\u0131, el\u0259c\u0259 d\u0259 y\u00fcks\u0259k m\u0259n\u0259vi v\u0259 iradi keyfiyy\u0259tl\u0259ri il\u0259 ad \u00e7\u0131xard\u0131\u011f\u0131n\u0131 x\u00fcsusi qeyd edibl\u0259r.<\/p>\n<p>\u015e\u0259hidin qarda\u015flar\u0131 V\u00fcqar \u0130brahim v\u0259 \u018frr\u0259hman Sad\u0131ql\u0131 ail\u0259nin sonbe\u015fiyi olan qarda\u015flar\u0131 \u0130brahiml\u0259 q\u00fcrur duyduqlar\u0131n\u0131, onunla f\u0259xr etdikl\u0259rini v\u0259 M\u00fcz\u0259ff\u0259r Ali Ba\u015f Komandan\u0131n \u0259mrl\u0259rin\u0259 h\u0259r an haz\u0131r olduqlar\u0131n\u0131 vur\u011fulay\u0131blar. \u015e\u0259hid atas\u0131 \u015fair Nizami Elyanar G\u00f6y\u00e7\u0259li bu il ilk d\u0259f\u0259 olaraq 26 \u0130yun \u2013 Silahl\u0131 Q\u00fcvv\u0259l\u0259r G\u00fcn\u00fcn\u00fc qalib bir d\u00f6vl\u0259tin v\u0259t\u0259nda\u015f\u0131 kimi qeyd etdiyind\u0259n b\u00f6y\u00fck q\u00fcrur hissi ke\u00e7irdiyini diqq\u0259t\u0259 \u00e7atd\u0131r\u0131b v\u0259 \u015f\u0259hidl\u0259rin \u00f6lm\u0259zliyi bar\u0259d\u0259 \u015feir oxuyub.<\/p>\n<p>Az\u0259rbaycan Ordusunun \u015f\u0259hid giziri \u0130.Sad\u0131ql\u0131n\u0131n ad g\u00fcn\u00fcnd\u0259 \u00f6l\u00fcm\u00fcnd\u0259n sonra layiq g\u00f6r\u00fcld\u00fcy\u00fc \u201cQaraba\u011f\u201d ordeni ail\u0259sin\u0259 t\u0259qdim olunub.<br \/>\n\u015e\u0259hidin anas\u0131 Z\u0259rniyar \u018fhm\u0259da\u011fa q\u0131z\u0131 v\u0259 atas\u0131 \u015eahin m\u00fc\u0259llim o\u011flunun xidm\u0259tl\u0259rinin d\u00f6vl\u0259t s\u0259viyy\u0259sind\u0259 y\u00fcks\u0259k qiym\u0259tl\u0259ndirildiyin\u0259 v\u0259 g\u00f6st\u0259ril\u0259n diqq\u0259t\u0259, qay\u011f\u0131ya g\u00f6r\u0259 Az\u0259rbaycan Prezidenti \u0130lham \u018fliyev\u0259, \u015f\u0259hid ail\u0259l\u0259rin\u0259 h\u0259mi\u015f\u0259 d\u0259st\u0259k olan Birinci vitse-prezidenti Mehriban xan\u0131m \u018fliyevaya v\u0259 M\u00fcdafi\u0259 Nazirliyinin r\u0259hb\u0259rliyin\u0259 minn\u0259tdarl\u0131qlar\u0131n\u0131 bildirib, bundan sonra da ail\u0259nin h\u0259r bir \u00fczv\u00fcn\u00fcn \u015f\u0259hid \u0130brahim Sad\u0131ql\u0131 kimi V\u0259t\u0259n\u0259, d\u00f6vl\u0259t\u0259, M\u00fcz\u0259ff\u0259r Ali Ba\u015f Komandana sadiq olacaqlar\u0131n\u0131 b\u0259yan edibl\u0259r.<\/p>\n","protected":false},"excerpt":{"rendered":"<p>\u201cQaraba\u011f\u201d ordeni \u015f\u0259hidin ad g\u00fcn\u00fcnd\u0259 ail\u0259sin\u0259 t\u0259qdim edildi\u00a0 Az\u0259rbaycan prezidentinin s\u0259r\u0259ncam\u0131 il\u0259 \u201cQaraba\u011f\u201d ordeni v\u0259 bir ne\u00e7\u0259 d\u00f6y\u00fc\u015f medal\u0131 il\u0259 t\u0259ltif olunmu\u015f \u015f\u0259hid gizir Sad\u0131ql\u0131 \u0130brahim \u015eahin o\u011flunun ad g\u00fcn\u00fcnd\u0259&hellip; <\/p>\n","protected":false},"author":3,"featured_media":10618,"comment_status":"open","ping_status":"open","sticky":false,"template":"","format":"standard","meta":{"_mi_skip_tracking":false,"_monsterinsights_sitenote_active":false,"_monsterinsights_sitenote_note":"","_monsterinsights_sitenote_category":0,"footnotes":""},"categories":[11,550],"tags":[41],"aioseo_notices":[],"_links":{"self":[{"href":"https:\/\/infonews.az\/index.php?rest_route=\/wp\/v2\/posts\/10617"}],"collection":[{"href":"https:\/\/infonews.az\/index.php?rest_route=\/wp\/v2\/posts"}],"about":[{"href":"https:\/\/infonews.az\/index.php?rest_route=\/wp\/v2\/types\/post"}],"author":[{"embeddable":true,"href":"https:\/\/infonews.az\/index.php?rest_route=\/wp\/v2\/users\/3"}],"replies":[{"embeddable":true,"href":"https:\/\/infonews.az\/index.php?rest_route=%2Fwp%2Fv2%2Fcomments&post=10617"}],"version-history":[{"count":1,"href":"https:\/\/infonews.az\/index.php?rest_route=\/wp\/v2\/posts\/10617\/revisions"}],"predecessor-version":[{"id":10619,"href":"https:\/\/infonews.az\/index.php?rest_route=\/wp\/v2\/posts\/10617\/revisions\/10619"}],"wp:featuredmedia":[{"embeddable":true,"href":"https:\/\/infonews.az\/index.php?rest_route=\/wp\/v2\/media\/10618"}],"wp:attachment":[{"href":"https:\/\/infonews.az\/index.php?rest_route=%2Fwp%2Fv2%2Fmedia&parent=10617"}],"wp:term":[{"taxonomy":"category","embeddable":true,"href":"https:\/\/infonews.az\/index.php?rest_route=%2Fwp%2Fv2%2Fcategories&post=10617"},{"taxonomy":"post_tag","embeddable":true,"href":"https:\/\/infonews.az\/index.php?rest_route=%2Fwp%2Fv2%2Ftags&post=10617"}],"curies":[{"name":"wp","href":"https:\/\/api.w.org\/{rel}","templated":true}]}}