{"id":10778,"date":"2021-07-16T14:42:08","date_gmt":"2021-07-16T10:42:08","guid":{"rendered":"https:\/\/infonews.az\/?p=10778"},"modified":"2021-07-16T15:27:12","modified_gmt":"2021-07-16T11:27:12","slug":"sigorta-sirk%c9%99ti-prezidentin-s%c9%99r%c9%99ncamini-saymir","status":"publish","type":"post","link":"https:\/\/infonews.az\/?p=10778","title":{"rendered":"S\u0131\u011forta \u015firk\u0259ti prezidentin s\u0259r\u0259ncam\u0131n\u0131 saym\u0131r"},"content":{"rendered":"<p><span style=\"color: #ffffff;\">S\u0131\u011forta \u015firk\u0259ti prezidentin s\u0259r\u0259ncam\u0131n\u0131 saym\u0131r<\/span><\/p>\n<p><a href=\"https:\/\/infonews.az\"><strong><span style=\"color: #ff0000;\">&#8220;\u0130NFONEWS&#8221;<\/span><\/strong><\/a> &#8220;Adalet.az&#8221; -a istinad\u0259n x\u0259b\u0259r verir.<\/p>\n<p><b>Birinci qrup \u0259lil, Qaraba\u011f m\u00fcharib\u0259si qazisi Kaz\u0131mov B\u0259xtiyar Ab\u0131\u015f o\u011flu Az\u0259rbaycan Respublikas\u0131 Milli M\u0259clisinin deputat\u0131 Aqil Abbasova m\u00fcraci\u0259t edib.<\/b><\/p>\n<p>B\u0259xtiyar Kaz\u0131mov m\u00fcraci\u0259tind\u0259 bildirir ki, Az\u0259rbaycan Respublikas\u0131n\u0131n Prezidenti \u0130lham \u018fliyevin s\u0259r\u0259ncam\u0131 il\u0259 t\u0259sdiq olunmu\u015f Birinci Qaraba\u011f m\u00fcharib\u0259si zaman\u0131 birinci qrup \u0259lil kimi ona veril\u0259c\u0259k 8800 manat m\u0259bl\u0259\u011find\u0259 s\u0131\u011forta pulunu ala bilmir.<\/p>\n<p>Kaz\u0131mov B\u0259xtiyar Ab\u0131\u015f o\u011flu bununla ba\u011fl\u0131 d\u0259f\u0259l\u0259rl\u0259 s\u0131\u011forta \u015firk\u0259tin\u0259 v\u0259 aidiyyat\u0131 qurumlara m\u00fcraci\u0259t etm\u0259sin\u0259 baxmayaraq qanuni haqq\u0131n\u0131n icra olunmas\u0131na nail ola\u00a0 bilm\u0259yib. \u018flac\u0131 k\u0259sil\u0259n Kaz\u0131mov Bak\u0131 \u015f\u0259h\u0259ri, N\u0259simi Rayon M\u0259hk\u0259m\u0259sin\u0259 iddia \u0259riz\u0259si il\u0259 m\u00fcraci\u0259t edib.<\/p>\n<p>Bak\u0131 \u015f\u0259h\u0259ri, N\u0259simi Rayon M\u0259hk\u0259m\u0259si, hakim Ceyhun Ta\u011f\u0131yevin s\u0259drliyi il\u0259 29 aprel 2021-ci il tarixd\u0259 ke\u00e7iril\u0259n m\u0259hk\u0259m\u0259 iclas\u0131nda cavabdeh Az\u0259rbaycan Respublikas\u0131 D\u00f6vl\u0259t S\u0131\u011forta Komissiya \u015eirk\u0259tind\u0259n 8800 (s\u0259kkiz min s\u0259kkiz y\u00fcz) manat m\u0259bl\u0259\u011find\u0259 pul tutularaq iddia\u00e7\u0131 Kaz\u0131mov B\u0259xtiyar Ab\u0131\u015f o\u011fluna \u00f6d\u0259nilm\u0259si bar\u0259d\u0259 q\u0259tnam\u0259 \u00e7\u0131xar\u0131b.<\/p>\n<p>Lakin D\u00f6vl\u0259t S\u0131\u011forta Komissiya \u015eirk\u0259ti Az\u0259rbaycan Respublikas\u0131 Prezidentinin s\u0259r\u0259ncam\u0131n\u0131 v\u0259 Bak\u0131 \u015f\u0259h\u0259r, N\u0259simi Rayon M\u0259hk\u0259m\u0259sinin q\u0259tnam\u0259sini bug\u00fcn\u0259d\u0259k saya saymamaqda davam edir.<\/p>\n<p>B\u0259xtiyar Kaz\u0131movun deputata m\u00fcraci\u0259ti ara\u015fd\u0131r\u0131lmas\u0131 \u00fc\u00e7\u00fcn aidiyyat\u0131 orqanlara g\u00f6nd\u0259ril\u0259c\u0259k. Sad\u0259c\u0259, prezidentin s\u0259r\u0259ncam\u0131n\u0131 v\u0259 m\u0259hk\u0259m\u0259 q\u0259tnam\u0259sini icra etm\u0259kd\u0259n imtina ed\u0259n s\u0131\u011forta \u015firk\u0259tinin kim\u0259 v\u0259 n\u0259y\u0259 arxay\u0131n olma\u011f\u0131 \u00e7ox maraql\u0131d\u0131.<\/p>\n<p>D\u00f6vl\u0259t S\u0131\u011forta Komissiya \u015eirk\u0259tinin n\u0259z\u0259rin\u0259 \u00e7atd\u0131raraq xat\u0131rlad\u0131r\u0131q ki, Az\u0259rbaycan Respublikas\u0131n\u0131n qanunvericiliyin\u0259 g\u00f6r\u0259, m\u0259hk\u0259m\u0259 q\u0259tnam\u0259sinin yerin\u0259 yetirilm\u0259m\u0259si cinay\u0259t m\u0259suliyy\u0259ti yarad\u0131r.<\/p>\n","protected":false},"excerpt":{"rendered":"<p>S\u0131\u011forta \u015firk\u0259ti prezidentin s\u0259r\u0259ncam\u0131n\u0131 saym\u0131r &#8220;\u0130NFONEWS&#8221; &#8220;Adalet.az&#8221; -a istinad\u0259n x\u0259b\u0259r verir. Birinci qrup \u0259lil, Qaraba\u011f m\u00fcharib\u0259si qazisi Kaz\u0131mov B\u0259xtiyar Ab\u0131\u015f o\u011flu Az\u0259rbaycan Respublikas\u0131 Milli M\u0259clisinin deputat\u0131 Aqil Abbasova m\u00fcraci\u0259t edib.&hellip; <\/p>\n","protected":false},"author":3,"featured_media":10779,"comment_status":"open","ping_status":"open","sticky":false,"template":"","format":"standard","meta":{"_mi_skip_tracking":false,"_monsterinsights_sitenote_active":false,"_monsterinsights_sitenote_note":"","_monsterinsights_sitenote_category":0,"footnotes":""},"categories":[4499,11],"tags":[4647,15],"aioseo_notices":[],"_links":{"self":[{"href":"https:\/\/infonews.az\/index.php?rest_route=\/wp\/v2\/posts\/10778"}],"collection":[{"href":"https:\/\/infonews.az\/index.php?rest_route=\/wp\/v2\/posts"}],"about":[{"href":"https:\/\/infonews.az\/index.php?rest_route=\/wp\/v2\/types\/post"}],"author":[{"embeddable":true,"href":"https:\/\/infonews.az\/index.php?rest_route=\/wp\/v2\/users\/3"}],"replies":[{"embeddable":true,"href":"https:\/\/infonews.az\/index.php?rest_route=%2Fwp%2Fv2%2Fcomments&post=10778"}],"version-history":[{"count":1,"href":"https:\/\/infonews.az\/index.php?rest_route=\/wp\/v2\/posts\/10778\/revisions"}],"predecessor-version":[{"id":10780,"href":"https:\/\/infonews.az\/index.php?rest_route=\/wp\/v2\/posts\/10778\/revisions\/10780"}],"wp:featuredmedia":[{"embeddable":true,"href":"https:\/\/infonews.az\/index.php?rest_route=\/wp\/v2\/media\/10779"}],"wp:attachment":[{"href":"https:\/\/infonews.az\/index.php?rest_route=%2Fwp%2Fv2%2Fmedia&parent=10778"}],"wp:term":[{"taxonomy":"category","embeddable":true,"href":"https:\/\/infonews.az\/index.php?rest_route=%2Fwp%2Fv2%2Fcategories&post=10778"},{"taxonomy":"post_tag","embeddable":true,"href":"https:\/\/infonews.az\/index.php?rest_route=%2Fwp%2Fv2%2Ftags&post=10778"}],"curies":[{"name":"wp","href":"https:\/\/api.w.org\/{rel}","templated":true}]}}