{"id":1087,"date":"2020-12-25T14:33:29","date_gmt":"2020-12-25T10:33:29","guid":{"rendered":"http:\/\/infonews.az\/?p=1087"},"modified":"2020-12-25T14:33:29","modified_gmt":"2020-12-25T10:33:29","slug":"mill%c9%99t-v%c9%99kili-h%c9%99rbcil%c9%99rin-pul-t%c9%99minatlarinin-artirilmasini-t%c9%99klif-etdi","status":"publish","type":"post","link":"https:\/\/infonews.az\/?p=1087","title":{"rendered":"Mill\u0259t v\u0259kili h\u0259rb\u00e7il\u0259rin pul t\u0259minatlar\u0131n\u0131n art\u0131r\u0131lmas\u0131n\u0131 t\u0259klif etdi"},"content":{"rendered":"<p><strong>\u0130NFONEWS<\/strong> &#8220;Modern.az&#8221;-a istinad\u0259n x\u0259b\u0259r verir.<\/p>\n<p>Milli M\u0259clisin deputat\u0131 Azay Quliyev parlamentd\u0259 ke\u00e7iril\u0259n b\u00fcdc\u0259 m\u00fczakir\u0259l\u0259ri zaman\u0131 deyib: \u201cB\u00fcdc\u0259 layih\u0259si kifay\u0259t q\u0259d\u0259r u\u011furlu haz\u0131rlan\u0131b v\u0259 2021-ci ild\u0259 qar\u015f\u0131m\u0131zda duran v\u0259zif\u0259l\u0259rin icras\u0131 \u00fc\u00e7\u00fcn ciddi t\u0259minatlar yarad\u0131r\u201d.<\/p>\n<p>Deputat bildirib ki, pandemiyan\u0131n yaratd\u0131\u011f\u0131 iqtisadi b\u00f6hrana baxmayaraq, g\u0259l\u0259n ilin b\u00fcdc\u0259sind\u0259 kifay\u0259t q\u0259d\u0259r art\u0131m\u0131n n\u0259z\u0259rd\u0259 tutulmas\u0131 Prezidentin v\u0259 h\u00f6kum\u0259tin ciddi nailiyy\u0259tidir:<\/p>\n<p>\u201cBilirsiniz ki, bir \u00e7ox \u00f6lk\u0259l\u0259rd\u0259 n\u0259inki art\u0131m n\u0259q\u0259z\u0259rd\u0259 tutulmur, \u0259ksin\u0259, b\u00fcdc\u0259d\u0259 \u0259h\u0259miyy\u0259tli d\u0259r\u0259c\u0259d\u0259 azalmalar ba\u015f verir\u201d.<\/p>\n<p>Azay Quliyev deyib ki, deputatlar b\u00fcdc\u0259 il\u0259 ba\u011fl\u0131 verdiyi t\u0259klifl\u0259rd\u0259 \u0259sas prioriteti orduya, \u0259sg\u0259r v\u0259 zabitl\u0259rimizin maddi v\u0259 sosial m\u0259s\u0259l\u0259l\u0259rinin daha da yax\u015f\u0131la\u015fd\u0131r\u0131lmas\u0131na y\u00f6n\u0259ltm\u0259lidirl\u0259r.<\/p>\n<p>O, bir s\u0131ra t\u0259klifl\u0259r d\u0259 s\u0259sl\u0259ndirib. Deputat m\u00fcdd\u0259tli h\u0259rbi qulluq\u00e7ular\u0131n f\u0259rdi ehtiyaclar\u0131n\u0131 qar\u015f\u0131lamaq \u00fc\u00e7\u00fcn veril\u0259n ayl\u0131q maa\u015fa v\u0259 ya pul t\u0259minat\u0131na yenid\u0259n bax\u0131lmas\u0131n\u0131 vacib say\u0131b:<\/p>\n<p>\u201cM\u00fcdd\u0259tli h\u0259qiqi h\u0259rbi xidm\u0259t qulluq\u00e7ular\u0131n\u0131n (\u0259sg\u0259r v\u0259 \u00e7avu\u015flar\u0131n) g\u00fcnd\u0259lik f\u0259rdi ehtiyaclar\u0131n\u0131 qar\u015f\u0131lamaq \u00fc\u00e7\u00fcn ayl\u0131q maa\u015flar\u0131 art\u0131r\u0131lmal\u0131d\u0131r; haz\u0131rda \u0259sg\u0259r 13 manat, ba\u015f \u0259sg\u0259r 16 manat, \u00e7avu\u015f 22 manat al\u0131r. D\u00f6y\u00fc\u015f b\u00f6lg\u0259sind\u0259 bu r\u0259q\u0259ml\u0259r bir az f\u0259qlidir, iki d\u0259f\u0259 \u00e7oxdur. Ancaq t\u0259bii ki, bu da kifay\u0259t etmir. T\u0259klif edirik ki, bu r\u0259q\u0259m an az\u0131 iki d\u0259f\u0259 art\u0131r\u0131ls\u0131n\u201d.<\/p>\n<p>A.Quliyev m\u00fcharib\u0259 zaman\u0131 h\u0259rbi xidm\u0259t\u0259 \u00a0\u00e7a\u011f\u0131r\u0131lan v\u0259 ya k\u00f6n\u00fcll\u00fc i\u015ftirak ed\u0259n \u015f\u0259xsl\u0259r\u0259 bird\u0259f\u0259lik \u00f6d\u0259nil\u0259n ayl\u0131q pul v\u0259asitinin h\u0259cmin\u0259 yenid\u0259n bax\u0131lmas\u0131n\u0131 da t\u0259klif edib:<\/p>\n<p>\u201cSentyabr\u0131n 27-d\u0259n s\u0259f\u0259rb\u0259rlik \u00fczr\u0259 h\u0259rbi xidm\u0259t\u0259 \u00e7a\u011f\u0131r\u0131lm\u0131\u015f v\u0259 k\u00f6n\u00fcll\u00fc c\u0259bh\u0259y\u0259 getmi\u015f h\u0259rb\u00e7il\u0259r\u0259 h\u0259r ay \u00fc\u00e7\u00fcn 360 manat \u00f6d\u0259nil\u0259c\u0259k. Bu adamlar\u0131n \u0259m\u0259yini he\u00e7 bir pulla \u00f6d\u0259m\u0259k m\u00fcmk\u00fcn deyil, lakin bu r\u0259q\u0259m d\u0259 \u00e7ox azd\u0131r. Yax\u015f\u0131 olar ki, bird\u0259f\u0259lik bu pul t\u0259minat\u0131 \u0259n az\u0131 iki d\u0259f\u0259 art\u0131r\u0131ls\u0131n. Bu art\u0131m ham\u0131ya m\u00fcmk\u00fcn olmasa bel\u0259, he\u00e7 olmasa m\u00fcharib\u0259y\u0259 q\u0259d\u0259r i\u015fl\u0259diyi yerd\u0259n \u0259m\u0259khaqq\u0131 alanlar istisna olmaqla, he\u00e7 bir yerd\u0259 i\u015fl\u0259m\u0259y\u0259nl\u0259r\u0259 bu t\u0259minat art\u0131r\u0131ls\u0131n. Bu h\u0259rbi qulluq\u00e7ular\u0131n b\u0259zil\u0259rinin ail\u0259si kiray\u0259d\u0259 ya\u015fay\u0131r v\u0259 kiray\u0259 pulunu \u00f6d\u0259m\u0259kd\u0259 \u00e7\u0259tinlik \u00e7\u0259kirl\u0259r.<\/p>\n<p>Bir d\u0259 \u0259g\u0259r bu adamlar \u015f\u0259hid v\u0259 qazi olmay\u0131blarsa, onlar q\u0259hr\u0259mand\u0131rlar v\u0259 \u00f6lk\u0259miz \u00fc\u00e7\u00fcn etdikl\u0259rinin m\u00fcqabilind\u0259 laz\u0131mi diqq\u0259tl\u0259 t\u0259min olunmal\u0131d\u0131rlar\u201d.<\/p>\n<p>Deputat m\u00fcdd\u0259td\u0259n art\u0131q xidm\u0259td\u0259 olan zabit v\u0259 gizirl\u0259r\u0259 n\u0259z\u0259rd\u0259 tutulan 128 manatla ba\u011fl\u0131 m\u0259s\u0259l\u0259 d\u0259 qald\u0131rb:<\/p>\n<p>\u201cNazirl\u0259r Kabinetinin son q\u0259rar\u0131na g\u00f6r\u0259 m\u00fcdd\u0259td\u0259n art\u0131q xidm\u0259td\u0259 olan zabit v\u0259 gizirl\u0259r\u0259 64 manatl\u0131q \u0259rzaq pulu 128 manata qald\u0131r\u0131l\u0131b, lakin bu v\u0259saiti h\u0259l\u0259 d\u0259 almayan h\u0259rbi qulluq\u00e7ular\u0131m\u0131z var. M\u0259n \u00e7ox ist\u0259rdim ki, h\u00f6rm\u0259tli Maliyy\u0259 naziri bu suala ayd\u0131nl\u0131q g\u0259tirsin. Bu v\u0259sait \u00f6d\u0259nilir v\u0259 ya builki b\u00fcdc\u0259d\u0259 n\u0259z\u0259rd\u0259 tutulubmu? \u018fg\u0259r tutulmay\u0131bsa xahi\u015f ed\u0259rdim ki, bu m\u0259bl\u0259\u011f n\u0259z\u0259r\u0259 al\u0131ns\u0131n\u201d.<\/p>\n<p>A.Quliyev \u015f\u0259hid ail\u0259l\u0259ri, qazi v\u0259 veteran t\u0259\u015fkilatlar\u0131n\u0131n Konfederasiyas\u0131n\u0131n yarad\u0131lmas\u0131n\u0131 v\u0259 bu quruma d\u00f6vl\u0259t b\u00fcdc\u0259sind\u0259n h\u0259r il birba\u015fa v\u0259sait ayr\u0131lmas\u0131n\u0131 da t\u0259klif edib:<\/p>\n<p>\u201cB\u00f6y\u00fck V\u0259t\u0259n M\u00fcharib\u0259si veteranlar\u0131 t\u0259\u015fkilatlar\u0131 b\u00fcdc\u0259d\u0259n birba\u015fa dotasiya al\u0131rlar. Lakin Qaraba\u011f m\u00fcharib\u0259sinin \u015f\u0259hid ail\u0259l\u0259ri, veteranlar\u0131 v\u0259 qazil\u0259rinin h\u00fcquqlar\u0131n\u0131 qoruyan t\u0259\u015fkilatlar maliyy\u0259l\u0259\u015fmir. D\u00fczd\u00fcr, bu kateqoriyadan olan t\u0259\u015fkilatlar\u0131n say\u0131 \u00e7oxdur v\u0259 onlar\u0131n ham\u0131s\u0131na ayr\u0131l\u0131qda birba\u015fa b\u00fcdc\u0259d\u0259n v\u0259sait ay\u0131rmaq m\u00fcmk\u00fcn deyil. Ona g\u00f6r\u0259 d\u0259 bu qurumlar bir konfedarsiyada birl\u0259\u015fs\u0259 v\u0259 onlara d\u00f6vl\u0259t t\u0259r\u0259find\u0259n birba\u015fa v\u0259 ayr\u0131ca b\u00fcdc\u0259 x\u0259tti il\u0259 maliyy\u0259 yard\u0131m\u0131 ayr\u0131lsa, yax\u015f\u0131 olar. Konfederasiaya yeni yarad\u0131lm\u0131\u015f v\u0259 u\u011furla f\u0259aliyy\u0259t g\u00f6st\u0259r\u0259n YA\u015eAT Fondunun i\u015fin\u0259 d\u0259st\u0259k olar. \u0130nteqrasiya v\u0259 psixoloji yard\u0131mlar\u0131n t\u0259mini \u00fc\u00e7\u00fcn bu qurumlar\u0131n f\u0259aliyy\u0259tinin koordinasiyas\u0131 \u00e7ox vacibdir\u201d.<\/p>\n<p>A.Quliyev informsiya m\u00fcharib\u0259sind\u0259 yeni \u00e7a\u011f\u0131r\u0131\u015flara haz\u0131r olma\u011f\u0131n vacibliyini d\u0259 diqq\u0259t\u0259 \u00e7atd\u0131r\u0131b:<\/p>\n<p>\u201cG\u0259l\u0259n il informasiya m\u00fcharib\u0259sind\u0259 i\u015ftirak ed\u0259n b\u0131r s\u0131ra qurumlara ayr\u0131lan v\u0259sait\u0259 yenid\u0259n baxmaq laz\u0131md\u0131r. Qar\u015f\u0131da bizi \u00e7ox ciddi s\u0131naq g\u00f6zl\u0259yir. Erm\u0259nistan\u0131n \u00f6lk\u0259miz\u0259 qar\u015f\u0131 t\u00f6r\u0259tdiyi m\u00fcharib\u0259 cinay\u0259tl\u0259rinin beyn\u0259lxalq ictimaiyy\u0259t\u0259 \u00e7atd\u0131r\u0131lmas\u0131, xarici \u00f6lk\u0259l\u0259rin v\u0259t\u0259nda\u015f c\u0259miyy\u0259ti institutlar\u0131, media n\u00fcmay\u0259nd\u0259l\u0259ri, o c\u00fcml\u0259d\u0259n beyn\u0259lxalq t\u0259\u015fkilatlarla adekvat i\u015fin qurulmas\u0131na x\u00fcsusi diqq\u0259t yetirm\u0259liyik.<\/p>\n<p>Xarici \u00f6lk\u0259l\u0259rd\u0259ki s\u0259firlikl\u0259rimiz\u0259, X\u0130N-in yan\u0131nda f\u0259aliyy\u0259t g\u00f6st\u0259r\u0259n Beyn\u0259lxalq \u0130nki\u015fafa Yard\u0131m Agentliyin\u0259 v\u0259 Diaspor Komit\u0259sin\u0259 bu m\u0259qs\u0259dl\u0259 ayr\u0131lan v\u0259saitin 10-20 faiz civar\u0131nda art\u0131r\u0131lmas\u0131 m\u0259s\u0259l\u0259sin\u0259 bax\u0131la bil\u0259r\u201d.<\/p>\n","protected":false},"excerpt":{"rendered":"<p>\u0130NFONEWS &#8220;Modern.az&#8221;-a istinad\u0259n x\u0259b\u0259r verir. Milli M\u0259clisin deputat\u0131 Azay Quliyev parlamentd\u0259 ke\u00e7iril\u0259n b\u00fcdc\u0259 m\u00fczakir\u0259l\u0259ri zaman\u0131 deyib: \u201cB\u00fcdc\u0259 layih\u0259si kifay\u0259t q\u0259d\u0259r u\u011furlu haz\u0131rlan\u0131b v\u0259 2021-ci ild\u0259 qar\u015f\u0131m\u0131zda duran v\u0259zif\u0259l\u0259rin icras\u0131 \u00fc\u00e7\u00fcn&hellip; <\/p>\n","protected":false},"author":3,"featured_media":1088,"comment_status":"open","ping_status":"open","sticky":false,"template":"","format":"standard","meta":{"_mi_skip_tracking":false,"_monsterinsights_sitenote_active":false,"_monsterinsights_sitenote_note":"","_monsterinsights_sitenote_category":0,"footnotes":""},"categories":[2,11],"tags":[206,53],"aioseo_notices":[],"_links":{"self":[{"href":"https:\/\/infonews.az\/index.php?rest_route=\/wp\/v2\/posts\/1087"}],"collection":[{"href":"https:\/\/infonews.az\/index.php?rest_route=\/wp\/v2\/posts"}],"about":[{"href":"https:\/\/infonews.az\/index.php?rest_route=\/wp\/v2\/types\/post"}],"author":[{"embeddable":true,"href":"https:\/\/infonews.az\/index.php?rest_route=\/wp\/v2\/users\/3"}],"replies":[{"embeddable":true,"href":"https:\/\/infonews.az\/index.php?rest_route=%2Fwp%2Fv2%2Fcomments&post=1087"}],"version-history":[{"count":1,"href":"https:\/\/infonews.az\/index.php?rest_route=\/wp\/v2\/posts\/1087\/revisions"}],"predecessor-version":[{"id":1089,"href":"https:\/\/infonews.az\/index.php?rest_route=\/wp\/v2\/posts\/1087\/revisions\/1089"}],"wp:featuredmedia":[{"embeddable":true,"href":"https:\/\/infonews.az\/index.php?rest_route=\/wp\/v2\/media\/1088"}],"wp:attachment":[{"href":"https:\/\/infonews.az\/index.php?rest_route=%2Fwp%2Fv2%2Fmedia&parent=1087"}],"wp:term":[{"taxonomy":"category","embeddable":true,"href":"https:\/\/infonews.az\/index.php?rest_route=%2Fwp%2Fv2%2Fcategories&post=1087"},{"taxonomy":"post_tag","embeddable":true,"href":"https:\/\/infonews.az\/index.php?rest_route=%2Fwp%2Fv2%2Ftags&post=1087"}],"curies":[{"name":"wp","href":"https:\/\/api.w.org\/{rel}","templated":true}]}}