{"id":1097,"date":"2020-12-25T17:34:46","date_gmt":"2020-12-25T13:34:46","guid":{"rendered":"http:\/\/infonews.az\/?p=1097"},"modified":"2020-12-25T17:34:46","modified_gmt":"2020-12-25T13:34:46","slug":"heyd%c9%99r-%c9%99liyev-fondu-100-min%c9%99d%c9%99k-ail%c9%99y%c9%99-sovqat-gond%c9%99rir","status":"publish","type":"post","link":"https:\/\/infonews.az\/?p=1097","title":{"rendered":"Heyd\u0259r \u018fliyev Fondu 100 min\u0259d\u0259k ail\u0259y\u0259 sovqat g\u00f6nd\u0259rir"},"content":{"rendered":"<p><img loading=\"lazy\" decoding=\"async\" class=\" wp-image-1098 aligncenter\" src=\"http:\/\/infonews.az\/wp-content\/uploads\/2020\/12\/H.A.Fond_.jpg\" alt=\"\" width=\"296\" height=\"296\" srcset=\"https:\/\/infonews.az\/wp-content\/uploads\/2020\/12\/H.A.Fond_.jpg 238w, https:\/\/infonews.az\/wp-content\/uploads\/2020\/12\/H.A.Fond_-150x150.jpg 150w\" sizes=\"(max-width: 296px) 100vw, 296px\" \/><\/p>\n<p>&nbsp;<\/p>\n<blockquote><p>Az\u0259rbaycan Respublikas\u0131n\u0131n Birinci vitse-prezidenti, Heyd\u0259r \u018fliyev Fondunun prezidenti Mehriban \u018fliyevan\u0131n t\u0259\u015f\u0259bb\u00fcs\u00fc il\u0259 azt\u0259minatl\u0131 v\u0259 dig\u0259r h\u0259ssas qruplardan olan ail\u0259l\u0259r\u0259 D\u00fcnya Az\u0259rbaycanl\u0131lar\u0131n\u0131n H\u0259mr\u0259yliyi G\u00fcn\u00fc v\u0259 Yeni il bayram\u0131 m\u00fcnasib\u0259ti il\u0259 sovqatlar\u0131n \u00e7atd\u0131r\u0131lmas\u0131na ba\u015flan\u0131l\u0131b.<\/p><\/blockquote>\n<p>&nbsp;<\/p>\n<p>Heyd\u0259r \u018fliyev Fondunun v\u0259 \u201cRegional \u0130nki\u015faf\u201d \u0130ctimai Birliyinin h\u0259yata ke\u00e7irdiyi aksiya respublika \u00fczr\u0259 100 min\u0259d\u0259k ail\u0259ni \u0259hat\u0259 ed\u0259c\u0259k. Bura azt\u0259minatl\u0131 ail\u0259l\u0259rl\u0259 yana\u015f\u0131, sa\u011flaml\u0131q imkanlar\u0131 m\u0259hdud u\u015faqlar, 5 v\u0259 daha art\u0131q u\u015faql\u0131, Erm\u0259nistan\u0131n h\u0259rbi t\u0259cav\u00fcz\u00fc zaman\u0131 d\u0259ymi\u015f z\u0259r\u0259rl\u0259r n\u0259tic\u0259sind\u0259 evl\u0259rini t\u0259rk ed\u0259n ail\u0259l\u0259r daxildir.<\/p>\n<p>&nbsp;<\/p>\n<p><a href=\"https:\/\/heydar-aliyev-foundation.org\/az\/content\/view\/59\/5043\/Heyd%C9%99r-%C6%8Fliyev-Fondu-100-min%C9%99d%C9%99k-ail%C9%99y%C9%99-sovqat-g%C3%B6nd%C9%99rir-\">Fondun r\u0259smi sayt\u0131nda yay\u0131mlanan x\u0259b\u0259r\u0259<\/a> g\u00f6r\u0259 \u0259rzaq m\u0259hsullar\u0131ndan ibar\u0259t sovqatlar\u0131n v\u0259t\u0259nda\u015flara \u00e7atd\u0131r\u0131lmas\u0131 m\u00f6vcud karantin rejiminin t\u0259l\u0259bl\u0259rin\u0259 \u0259m\u0259l olunmaqla, \u018fm\u0259k v\u0259 \u018fhalinin Sosial M\u00fcdafi\u0259si Nazirliyinin d\u0259st\u0259yi il\u0259 h\u0259yata ke\u00e7irilir. \u201cRegional \u0130nki\u015faf\u201d \u0130ctimai Birliyinin k\u00f6n\u00fcll\u00fcl\u0259ri aksiyan\u0131n h\u0259yata ke\u00e7irilm\u0259sind\u0259 yax\u0131ndan i\u015ftirak edirl\u0259r.<\/p>\n<p>&nbsp;<\/p>\n<p>Sovqatlar\u0131n paylan\u0131lmas\u0131 dekabr\u0131n sonunad\u0259k davam ed\u0259c\u0259k.<\/p>\n<p>&nbsp;<\/p>\n<p>Qeyd ed\u0259k ki, azt\u0259minatl\u0131 ail\u0259l\u0259ri v\u0259 x\u00fcsusi qay\u011f\u0131ya ehtiyac\u0131 olan \u015f\u0259xsl\u0259ri daim diqq\u0259td\u0259 saxlayan Heyd\u0259r \u018fliyev Fondu onlarla ba\u011fl\u0131 m\u00fct\u0259madi\u00a0 olaraq m\u00fcxt\u0259lif layih\u0259l\u0259r h\u0259yata ke\u00e7irir. \u0130ndiy\u0259d\u0259k respublika \u00fczr\u0259 sosial yard\u0131m alan ail\u0259l\u0259r\u0259 Yeni il, Novruz v\u0259 Ramazan bayramlar\u0131nda sovqatlar \u00e7atd\u0131r\u0131l\u0131b, sosial yard\u0131ma ehtiyac\u0131 olan minl\u0259rl\u0259 \u015f\u0259xs \u00fc\u00e7\u00fcn bayram s\u00fcfr\u0259l\u0259ri t\u0259\u015fkil edilib, h\u0259diyy\u0259l\u0259r verilib. El\u0259c\u0259 d\u0259 yeni n\u00f6v koronavirus (COVID-19) pandemiyas\u0131 il\u0259 \u0259laq\u0259dar \u00f6lk\u0259d\u0259 elan olunmu\u015f x\u00fcsusi karantin rejimi d\u00f6vr\u00fcnd\u0259 evd\u0259n \u00e7\u0131xmas\u0131 qada\u011fan edil\u0259n ya\u015f\u0131 65-d\u0259n yuxar\u0131 t\u0259nha ya\u015fayan \u015f\u0259xsl\u0259r\u0259 v\u0259 \u201cBiz birlikd\u0259 g\u00fccl\u00fcy\u00fck\u201d layih\u0259si \u00e7\u0259r\u00e7iv\u0259sind\u0259 azt\u0259minatl\u0131 ail\u0259l\u0259r\u0259 \u0259rzaq paylar\u0131 \u00e7atd\u0131r\u0131l\u0131b.<\/p>\n<p><strong>D\u00fcnya Az\u0259rbaycanl\u0131lar\u0131n\u0131n H\u0259mr\u0259yliyi G\u00fcn\u00fc v\u0259 Yeni il bayram\u0131 m\u00fcnasib\u0259ti il\u0259 ail\u0259l\u0259r\u0259 \u00e7atd\u0131r\u0131lan bayram sovqat\u0131 qutusuna a\u015fa\u011f\u0131dak\u0131lar daxildir:<\/strong><\/p>\n<p>&nbsp;<\/p>\n<table width=\"672\" cellspacing=\"0\" cellpadding=\"0\">\n<tbody>\n<tr>\n<td nowrap=\"nowrap\" width=\"45\"><strong>s\/s<\/strong><\/td>\n<td nowrap=\"nowrap\" width=\"531\"><strong>M\u0259hsulun ad\u0131<\/strong><\/td>\n<td width=\"96\"><strong>Miqdar (\u0259d\u0259d)<\/strong><\/td>\n<\/tr>\n<tr>\n<td nowrap=\"nowrap\" width=\"45\">1<\/td>\n<td nowrap=\"nowrap\" width=\"531\">\u00c7ay (\u201cAz\u0259r\u00e7ay\u201d v\u0259 ya \u201cFinal\u201d, 800 qr)<\/td>\n<td width=\"96\">1<\/td>\n<\/tr>\n<tr>\n<td nowrap=\"nowrap\" width=\"45\">2<\/td>\n<td nowrap=\"nowrap\" width=\"531\">Q\u0259nd (\u201cAz\u0259r\u015f\u0259k\u0259r\u201d v\u0259 ya\u201cG\u00fcl\u00fcm\u201d, 800 qr)<\/td>\n<td width=\"96\">2<\/td>\n<\/tr>\n<tr>\n<td nowrap=\"nowrap\" width=\"45\">3<\/td>\n<td nowrap=\"nowrap\" width=\"531\">\u015e\u0259k\u0259r tozu (\u201cRichmond\u201d, &#8221;Az\u0259r\u015f\u0259k\u0259r\u201d v\u0259 ya \u201cEvim\u201d, 800 qr)<\/td>\n<td width=\"96\">2<\/td>\n<\/tr>\n<tr>\n<td nowrap=\"nowrap\" width=\"45\">4<\/td>\n<td nowrap=\"nowrap\" width=\"531\">D\u00fcy\u00fc (\u201cRichmond\u201d v\u0259 ya \u201cDoma\u015fneye\u201d, 800 qr)<\/td>\n<td width=\"96\">3<\/td>\n<\/tr>\n<tr>\n<td nowrap=\"nowrap\" width=\"45\">5<\/td>\n<td nowrap=\"nowrap\" width=\"531\">Bulqur (\u201cMizzo\u201d, 800 qr)<\/td>\n<td width=\"96\">1<\/td>\n<\/tr>\n<tr>\n<td nowrap=\"nowrap\" width=\"45\">6<\/td>\n<td nowrap=\"nowrap\" width=\"531\">Makaron (\u201cKarmen\u201d, \u201cDoymak\u201d, \u201cMakara\u201d v\u0259 ya \u201cNova mak\u201d)<\/td>\n<td width=\"96\">2 kq<\/td>\n<\/tr>\n<tr>\n<td nowrap=\"nowrap\" width=\"45\">7<\/td>\n<td nowrap=\"nowrap\" width=\"531\">Vermi\u015fel (\u201cKarmen\u201d, \u201cDoymak\u201d, \u201cMakara\u201d v\u0259 ya \u201cNova mak\u201d)<\/td>\n<td width=\"96\">2 kq<\/td>\n<\/tr>\n<tr>\n<td nowrap=\"nowrap\" width=\"45\">8<\/td>\n<td nowrap=\"nowrap\" width=\"531\">M\u0259rcim\u0259k (\u201cMizzo\u201d, 800 qr)<\/td>\n<td width=\"96\">1<\/td>\n<\/tr>\n<tr>\n<td nowrap=\"nowrap\" width=\"45\">9<\/td>\n<td nowrap=\"nowrap\" width=\"531\">G\u00fcn\u0259baxan ya\u011f\u0131 (\u201cEvim\u201d, \u201cFinal v\u0259 ya Yurdum\u201d, 1 lt)<\/td>\n<td width=\"96\">1<\/td>\n<\/tr>\n<tr>\n<td nowrap=\"nowrap\" width=\"45\">10<\/td>\n<td nowrap=\"nowrap\" width=\"531\">\u018fridilmi\u015f ya\u011f (&#8220;Ana bala\u201d, 1.745 kq)<\/td>\n<td width=\"96\">1<\/td>\n<\/tr>\n<tr>\n<td nowrap=\"nowrap\" width=\"45\">11<\/td>\n<td nowrap=\"nowrap\" width=\"531\">Un (\u201cKarmen\u201d,\u201cDoymak\u201d, \u201cOman\u201d v\u0259 ya \u201cFellini\u201d)<\/td>\n<td width=\"96\">3 kq<\/td>\n<\/tr>\n<tr>\n<td nowrap=\"nowrap\" width=\"45\">12<\/td>\n<td width=\"531\">Tomat pastas\u0131 (\u201cBlendo\u201d, 275 qr)<\/td>\n<td width=\"96\">1<\/td>\n<\/tr>\n<tr>\n<td nowrap=\"nowrap\" width=\"45\">13<\/td>\n<td width=\"531\">Duz (\u201cSalute\u201d, 1 kq)<\/td>\n<td width=\"96\">1<\/td>\n<\/tr>\n<tr>\n<td nowrap=\"nowrap\" width=\"45\">14<\/td>\n<td width=\"531\">Konfet (\u201cKaramel-ka\u201d, \u201cEstella\u201d, \u201cAssorti\u201d v\u0259 ya \u201cKometa\u201d, 1 kq)<\/td>\n<td width=\"96\">1<\/td>\n<\/tr>\n<tr>\n<td nowrap=\"nowrap\" width=\"45\">15.<\/td>\n<td width=\"531\">Toyuq (\u201cM\u0259rcan\u201d, \u201cGil\u0259zi\u201d, \u201cLebro\u201d, \u201cSiy\u0259z\u0259n\u201d, \u201c\u015e\u0259fa\u201d v\u0259 ya \u201cD\u0259v\u0259\u00e7i toyuqlar\u0131\u201d, 1.2-1.4 kq)<\/td>\n<td width=\"96\">2<\/td>\n<\/tr>\n<\/tbody>\n<\/table>\n<p>&nbsp;<\/p>\n<p>#Heyd\u0259r\u018fliyevFondu #Sovqat #Yard\u0131mlar #Pandemiya<\/p>\n","protected":false},"excerpt":{"rendered":"<p>&nbsp; Az\u0259rbaycan Respublikas\u0131n\u0131n Birinci vitse-prezidenti, Heyd\u0259r \u018fliyev Fondunun prezidenti Mehriban \u018fliyevan\u0131n t\u0259\u015f\u0259bb\u00fcs\u00fc il\u0259 azt\u0259minatl\u0131 v\u0259 dig\u0259r h\u0259ssas qruplardan olan ail\u0259l\u0259r\u0259 D\u00fcnya Az\u0259rbaycanl\u0131lar\u0131n\u0131n H\u0259mr\u0259yliyi G\u00fcn\u00fc v\u0259 Yeni il bayram\u0131 m\u00fcnasib\u0259ti il\u0259&hellip; <\/p>\n","protected":false},"author":3,"featured_media":1098,"comment_status":"open","ping_status":"open","sticky":false,"template":"","format":"quote","meta":{"_mi_skip_tracking":false,"_monsterinsights_sitenote_active":false,"_monsterinsights_sitenote_note":"","_monsterinsights_sitenote_category":0,"footnotes":""},"categories":[5,11],"tags":[13,38,21,208,209],"aioseo_notices":[],"_links":{"self":[{"href":"https:\/\/infonews.az\/index.php?rest_route=\/wp\/v2\/posts\/1097"}],"collection":[{"href":"https:\/\/infonews.az\/index.php?rest_route=\/wp\/v2\/posts"}],"about":[{"href":"https:\/\/infonews.az\/index.php?rest_route=\/wp\/v2\/types\/post"}],"author":[{"embeddable":true,"href":"https:\/\/infonews.az\/index.php?rest_route=\/wp\/v2\/users\/3"}],"replies":[{"embeddable":true,"href":"https:\/\/infonews.az\/index.php?rest_route=%2Fwp%2Fv2%2Fcomments&post=1097"}],"version-history":[{"count":1,"href":"https:\/\/infonews.az\/index.php?rest_route=\/wp\/v2\/posts\/1097\/revisions"}],"predecessor-version":[{"id":1099,"href":"https:\/\/infonews.az\/index.php?rest_route=\/wp\/v2\/posts\/1097\/revisions\/1099"}],"wp:featuredmedia":[{"embeddable":true,"href":"https:\/\/infonews.az\/index.php?rest_route=\/wp\/v2\/media\/1098"}],"wp:attachment":[{"href":"https:\/\/infonews.az\/index.php?rest_route=%2Fwp%2Fv2%2Fmedia&parent=1097"}],"wp:term":[{"taxonomy":"category","embeddable":true,"href":"https:\/\/infonews.az\/index.php?rest_route=%2Fwp%2Fv2%2Fcategories&post=1097"},{"taxonomy":"post_tag","embeddable":true,"href":"https:\/\/infonews.az\/index.php?rest_route=%2Fwp%2Fv2%2Ftags&post=1097"}],"curies":[{"name":"wp","href":"https:\/\/api.w.org\/{rel}","templated":true}]}}