{"id":11035,"date":"2021-08-02T10:13:48","date_gmt":"2021-08-02T06:13:48","guid":{"rendered":"https:\/\/infonews.az\/?p=11035"},"modified":"2021-08-03T11:19:27","modified_gmt":"2021-08-03T07:19:27","slug":"naxcivan-istiqam%c9%99tind%c9%99-movqel%c9%99rimiz-at%c9%99s%c9%99-tutulub","status":"publish","type":"post","link":"https:\/\/infonews.az\/?p=11035","title":{"rendered":"Nax\u00e7\u0131van istiqam\u0259tind\u0259 m\u00f6vqel\u0259rimiz at\u0259\u015f\u0259 tutulub"},"content":{"rendered":"<p><span style=\"color: #ffffff;\">Nax\u00e7\u0131van istiqam\u0259tind\u0259 m\u00f6vqel\u0259rimiz at\u0259\u015f\u0259 tutulub<\/span><\/p>\n<p><a href=\"https:\/\/infonews.az\"><strong><span style=\"color: #ff0000;\">&#8220;\u0130NFONEWS&#8221;<\/span><\/strong><\/a> x\u0259b\u0259r verir.<\/p>\n<p>Avqustun 2-si saat 03:27 rad\u0259l\u0259rind\u0259 Erm\u0259nistan silahl\u0131 q\u00fcvv\u0259l\u0259rinin b\u00f6lm\u0259l\u0259ri Vedi rayonunun Arazd\u0259y\u0259n k\u0259ndi yax\u0131nl\u0131\u011f\u0131nda yerl\u0259\u015f\u0259n m\u00f6vqel\u0259rind\u0259n Nax\u00e7\u0131van Muxtar Respublikas\u0131 S\u0259d\u0259r\u0259k rayonunun Heyd\u0259rabad ya\u015fay\u0131\u015f m\u0259nt\u0259q\u0259si istiqam\u0259tind\u0259 yerl\u0259\u015f\u0259n Az\u0259rbaycan Ordusunun m\u00f6vqel\u0259rini at\u0131c\u0131 silahlardan at\u0259\u015f\u0259 tutub.<\/p>\n<p>M\u00fcdafi\u0259 Nazirliyind\u0259n veril\u0259n m\u0259lumata g\u00f6r\u0259, Az\u0259rbaycan Ordusunun \u015f\u0259xsi hey\u0259ti aras\u0131nda itki yoxdur.<\/p>\n<p>Cavab at\u0259\u015fi il\u0259 qar\u015f\u0131 t\u0259r\u0259f susdurulub.<\/p>\n<p>Haz\u0131rda bu istiqam\u0259td\u0259 v\u0259ziyy\u0259t sabitdir, \u0259m\u0259liyyat \u015f\u0259raiti b\u00f6lm\u0259l\u0259rimizin n\u0259zar\u0259ti alt\u0131ndad\u0131r.<\/p>\n","protected":false},"excerpt":{"rendered":"<p>Nax\u00e7\u0131van istiqam\u0259tind\u0259 m\u00f6vqel\u0259rimiz at\u0259\u015f\u0259 tutulub &#8220;\u0130NFONEWS&#8221; x\u0259b\u0259r verir. Avqustun 2-si saat 03:27 rad\u0259l\u0259rind\u0259 Erm\u0259nistan silahl\u0131 q\u00fcvv\u0259l\u0259rinin b\u00f6lm\u0259l\u0259ri Vedi rayonunun Arazd\u0259y\u0259n k\u0259ndi yax\u0131nl\u0131\u011f\u0131nda yerl\u0259\u015f\u0259n m\u00f6vqel\u0259rind\u0259n Nax\u00e7\u0131van Muxtar Respublikas\u0131 S\u0259d\u0259r\u0259k rayonunun Heyd\u0259rabad&hellip; <\/p>\n","protected":false},"author":3,"featured_media":251,"comment_status":"open","ping_status":"open","sticky":false,"template":"","format":"standard","meta":{"_mi_skip_tracking":false,"_monsterinsights_sitenote_active":false,"_monsterinsights_sitenote_note":"","_monsterinsights_sitenote_category":0,"footnotes":""},"categories":[4,6,11],"tags":[4687,15],"aioseo_notices":[],"_links":{"self":[{"href":"https:\/\/infonews.az\/index.php?rest_route=\/wp\/v2\/posts\/11035"}],"collection":[{"href":"https:\/\/infonews.az\/index.php?rest_route=\/wp\/v2\/posts"}],"about":[{"href":"https:\/\/infonews.az\/index.php?rest_route=\/wp\/v2\/types\/post"}],"author":[{"embeddable":true,"href":"https:\/\/infonews.az\/index.php?rest_route=\/wp\/v2\/users\/3"}],"replies":[{"embeddable":true,"href":"https:\/\/infonews.az\/index.php?rest_route=%2Fwp%2Fv2%2Fcomments&post=11035"}],"version-history":[{"count":1,"href":"https:\/\/infonews.az\/index.php?rest_route=\/wp\/v2\/posts\/11035\/revisions"}],"predecessor-version":[{"id":11036,"href":"https:\/\/infonews.az\/index.php?rest_route=\/wp\/v2\/posts\/11035\/revisions\/11036"}],"wp:featuredmedia":[{"embeddable":true,"href":"https:\/\/infonews.az\/index.php?rest_route=\/wp\/v2\/media\/251"}],"wp:attachment":[{"href":"https:\/\/infonews.az\/index.php?rest_route=%2Fwp%2Fv2%2Fmedia&parent=11035"}],"wp:term":[{"taxonomy":"category","embeddable":true,"href":"https:\/\/infonews.az\/index.php?rest_route=%2Fwp%2Fv2%2Fcategories&post=11035"},{"taxonomy":"post_tag","embeddable":true,"href":"https:\/\/infonews.az\/index.php?rest_route=%2Fwp%2Fv2%2Ftags&post=11035"}],"curies":[{"name":"wp","href":"https:\/\/api.w.org\/{rel}","templated":true}]}}