{"id":11095,"date":"2021-08-03T20:19:45","date_gmt":"2021-08-03T16:19:45","guid":{"rendered":"https:\/\/infonews.az\/?p=11095"},"modified":"2021-08-03T20:19:45","modified_gmt":"2021-08-03T16:19:45","slug":"h%c9%99r%c9%99miz-bir-fidan-olaq-az%c9%99rbaycan-diasporu-turkiy%c9%99nin-yanindadir","status":"publish","type":"post","link":"https:\/\/infonews.az\/?p=11095","title":{"rendered":"\u201cH\u0259r\u0259miz bir fidan olaq\u201d &#8211; Az\u0259rbaycan diasporu T\u00fcrkiy\u0259nin yan\u0131ndad\u0131r"},"content":{"rendered":"<p><span style=\"color: #ffffff;\"><strong>\u201cH\u0259r\u0259miz bir fidan olaq\u201d &#8211; Az\u0259rbaycan diasporu T\u00fcrkiy\u0259nin yan\u0131ndad\u0131r<\/strong><\/span><\/p>\n<p><a href=\"https:\/\/infonews.az\"><strong><span style=\"color: #ff0000;\">&#8220;\u0130NFONEWS&#8221;<\/span><\/strong><\/a> x\u0259b\u0259r verir.<\/p>\n<p><b>D\u00fcnya az\u0259rbaycanl\u0131lar\u0131 T\u00fcrkiy\u0259y\u0259 h\u0259mr\u0259ylik n\u00fcmayi\u015f etdiribl\u0259r.<\/b><\/p>\n<p>Bu bar\u0259d\u0259 Diasporla \u0130\u015f \u00fczr\u0259 D\u00f6vl\u0259t Komit\u0259sind\u0259n\u00a0m\u0259lumat verilib.<\/p>\n<p>&#8220;M\u0259lumdur ki, T\u00fcrkiy\u0259 Respublikas\u0131n\u0131n m\u00fcxt\u0259lif b\u00f6lg\u0259l\u0259rind\u0259 ba\u015f vermi\u015f g\u00fccl\u00fc me\u015f\u0259 yan\u011f\u0131nlar\u0131 \u00e7oxlu f\u0259sadlar t\u00f6r\u0259tm\u0259kl\u0259 fauna v\u0259 floran\u0131 m\u0259hv etmi\u015fdir.<\/p>\n<p>T\u0259bii ki, bu hadis\u0259 d\u00fcnya az\u0259rbaycanl\u0131lar\u0131n\u0131, xaricd\u0259 ya\u015fayan soyda\u015flar\u0131m\u0131z\u0131 v\u0259 h\u0259mv\u0259t\u0259nl\u0259rimizi d\u0259 son d\u0259r\u0259c\u0259 k\u0259d\u0259rl\u0259ndirmi\u015fdir.<\/p>\n<p>B\u0259llidir ki, g\u00fccl\u00fc T\u00fcrkiy\u0259 d\u00f6vl\u0259ti bu f\u0259lak\u0259tin \u00f6hd\u0259sind\u0259n tezlikl\u0259 g\u0259l\u0259c\u0259kdir. Lakin Az\u0259rbaycan diasporu h\u0259r bir m\u0259s\u0259l\u0259d\u0259 oldu\u011fu kimi, bel\u0259 bir v\u0259ziyy\u0259td\u0259 d\u0259 ortaq d\u0259y\u0259rl\u0259r\u0259 &#8211; milli-m\u0259n\u0259vi irs\u0259, dil\u0259, tarix\u0259, m\u0259d\u0259niyy\u0259t\u0259, ad\u0259t-\u0259n\u0259n\u0259l\u0259r\u0259 malik \u00f6lk\u0259, xalq &#8211; T\u00fcrk diasporu il\u0259 birlik v\u0259 h\u0259mr\u0259yliyini g\u00f6st\u0259rm\u0259kd\u0259 israrl\u0131d\u0131r.<\/p>\n<p>Qarda\u015f T\u00fcrkiy\u0259nin f\u00fcsunkar t\u0259bi\u0259tini \u0259vv\u0259lki g\u00f6rk\u0259min\u0259 qaytarmaq \u00fc\u00e7\u00fcn m\u00fct\u0259\u015f\u0259kkillikl\u0259 d\u0259st\u0259k n\u00fcmayi\u015f etdirir.<\/p>\n<p>Bu x\u00fcsusda, d\u00fcnya az\u0259rbaycanl\u0131lar\u0131 do\u011fma T\u00fcrkiy\u0259mizin \u201cya\u015f\u0131l donu\u201dnun yenid\u0259n b\u0259rpa edilm\u0259si m\u0259qs\u0259di il\u0259 \u201cH\u0259r\u0259miz bir fidan olaq\u201d adl\u0131 kompaniyaya start vermi\u015fdir.<\/p>\n<p>Bir s\u00f6zl\u0259, Az\u0259rbaycan diaspor t\u0259\u015fkilatlar\u0131 v\u0259 n\u00fcmay\u0259nd\u0259l\u0259ri, habel\u0259 Az\u0259rbaycana dost m\u00fcnasib\u0259t b\u0259sl\u0259y\u0259n xalqlar\u0131n diaspor t\u0259msil\u00e7il\u0259ri h\u0259min kampaniyada yax\u0131ndan i\u015ftirak etm\u0259kl\u0259 bu b\u0259\u015f\u0259ri missiyaya \u00f6z t\u00f6hf\u0259sini vermi\u015f olacaqd\u0131r.<\/p>\n<p>G\u00f6r\u00fcnd\u00fcy\u00fc kimi, bu add\u0131m ekoloji t\u0259miz bir d\u00fcnya \u00fc\u00e7\u00fcn birik v\u0259 h\u0259mr\u0259yik \u00f6rn\u0259yidir&#8221;, &#8211; dey\u0259 m\u0259lumatda qeyd olunub.<\/p>\n","protected":false},"excerpt":{"rendered":"<p>\u201cH\u0259r\u0259miz bir fidan olaq\u201d &#8211; Az\u0259rbaycan diasporu T\u00fcrkiy\u0259nin yan\u0131ndad\u0131r &#8220;\u0130NFONEWS&#8221; x\u0259b\u0259r verir. D\u00fcnya az\u0259rbaycanl\u0131lar\u0131 T\u00fcrkiy\u0259y\u0259 h\u0259mr\u0259ylik n\u00fcmayi\u015f etdiribl\u0259r. Bu bar\u0259d\u0259 Diasporla \u0130\u015f \u00fczr\u0259 D\u00f6vl\u0259t Komit\u0259sind\u0259n\u00a0m\u0259lumat verilib. &#8220;M\u0259lumdur ki, T\u00fcrkiy\u0259 Respublikas\u0131n\u0131n&hellip; <\/p>\n","protected":false},"author":3,"featured_media":11096,"comment_status":"open","ping_status":"open","sticky":false,"template":"","format":"standard","meta":{"_mi_skip_tracking":false,"_monsterinsights_sitenote_active":false,"_monsterinsights_sitenote_note":"","_monsterinsights_sitenote_category":0,"footnotes":""},"categories":[9,6,11,7],"tags":[248,232,15],"aioseo_notices":[],"_links":{"self":[{"href":"https:\/\/infonews.az\/index.php?rest_route=\/wp\/v2\/posts\/11095"}],"collection":[{"href":"https:\/\/infonews.az\/index.php?rest_route=\/wp\/v2\/posts"}],"about":[{"href":"https:\/\/infonews.az\/index.php?rest_route=\/wp\/v2\/types\/post"}],"author":[{"embeddable":true,"href":"https:\/\/infonews.az\/index.php?rest_route=\/wp\/v2\/users\/3"}],"replies":[{"embeddable":true,"href":"https:\/\/infonews.az\/index.php?rest_route=%2Fwp%2Fv2%2Fcomments&post=11095"}],"version-history":[{"count":1,"href":"https:\/\/infonews.az\/index.php?rest_route=\/wp\/v2\/posts\/11095\/revisions"}],"predecessor-version":[{"id":11099,"href":"https:\/\/infonews.az\/index.php?rest_route=\/wp\/v2\/posts\/11095\/revisions\/11099"}],"wp:featuredmedia":[{"embeddable":true,"href":"https:\/\/infonews.az\/index.php?rest_route=\/wp\/v2\/media\/11096"}],"wp:attachment":[{"href":"https:\/\/infonews.az\/index.php?rest_route=%2Fwp%2Fv2%2Fmedia&parent=11095"}],"wp:term":[{"taxonomy":"category","embeddable":true,"href":"https:\/\/infonews.az\/index.php?rest_route=%2Fwp%2Fv2%2Fcategories&post=11095"},{"taxonomy":"post_tag","embeddable":true,"href":"https:\/\/infonews.az\/index.php?rest_route=%2Fwp%2Fv2%2Ftags&post=11095"}],"curies":[{"name":"wp","href":"https:\/\/api.w.org\/{rel}","templated":true}]}}