{"id":11153,"date":"2021-08-06T14:11:32","date_gmt":"2021-08-06T10:11:32","guid":{"rendered":"https:\/\/infonews.az\/?p=11153"},"modified":"2021-08-06T22:21:55","modified_gmt":"2021-08-06T18:21:55","slug":"prezident-yenil%c9%99nmis-110-35-6-kilovoltluq-suraxani-yarimstansiyasinin-acilisinda-istirak-edib","status":"publish","type":"post","link":"https:\/\/infonews.az\/?p=11153","title":{"rendered":"Prezident yenil\u0259nmi\u015f 110\/35\/6 kilovoltluq \u201cSuraxan\u0131\u201d yar\u0131mstansiyas\u0131n\u0131n a\u00e7\u0131l\u0131\u015f\u0131nda i\u015ftirak edib"},"content":{"rendered":"<p><img loading=\"lazy\" decoding=\"async\" class=\"alignnone size-full wp-image-11155\" src=\"https:\/\/infonews.az\/wp-content\/uploads\/2021\/08\/16282440164349347192_1000x669.jpg\" alt=\"\" width=\"1000\" height=\"626\" srcset=\"https:\/\/infonews.az\/wp-content\/uploads\/2021\/08\/16282440164349347192_1000x669.jpg?v=1660870598 1000w, https:\/\/infonews.az\/wp-content\/uploads\/2021\/08\/16282440164349347192_1000x669-300x188.jpg?v=1660870598 300w, https:\/\/infonews.az\/wp-content\/uploads\/2021\/08\/16282440164349347192_1000x669-768x481.jpg?v=1660870598 768w\" sizes=\"(max-width: 1000px) 100vw, 1000px\" \/><\/p>\n<p class=\"content-title\"><span style=\"color: #ffffff;\">Prezident yenil\u0259nmi\u015f 110\/35\/6 kilovoltluq \u201cSuraxan\u0131\u201d yar\u0131mstansiyas\u0131n\u0131n a\u00e7\u0131l\u0131\u015f\u0131nda i\u015ftirak edib<\/span><\/p>\n<p><a href=\"https:\/\/infonews.az\/?p=11153\"><strong><span style=\"color: #ff0000;\">&#8220;\u0130NFONESWS&#8221;<\/span><\/strong><\/a> x\u0259b\u0259r verir.<\/p>\n<p><strong>Az\u0259rbaycan Respublikas\u0131n\u0131n Prezidenti \u0130lham \u018fliyev \u0259sasl\u0131 \u015f\u0259kild\u0259 yenid\u0259n qurulan 110\/35\/6 kilovoltluq \u201cSuraxan\u0131\u201d yar\u0131mstansiyas\u0131n\u0131n a\u00e7\u0131l\u0131\u015f\u0131nda i\u015ftirak edib.<\/strong><\/p>\n<p>1932-ci ild\u0259 tikil\u0259n \u201cSuraxan\u0131\u201d yar\u0131mstansiyas\u0131 istismar m\u00fcdd\u0259tini d\u0259f\u0259l\u0259rl\u0259 ke\u00e7mi\u015fdi v\u0259 t\u0259bii ki, artan t\u0259l\u0259bat\u0131 qar\u015f\u0131laya bilmirdi. M\u0259hz buna g\u00f6r\u0259, yar\u0131mstansiyada \u0259sasl\u0131 \u015f\u0259kild\u0259 yenid\u0259nqurma i\u015fl\u0259ri apar\u0131ld\u0131.<\/p>\n<p>\u201cAz\u0259renerji\u201d A\u00e7\u0131q S\u0259hmdar C\u0259miyy\u0259tinin prezidenti Baba Rzayev d\u00f6vl\u0259timizin ba\u015f\u00e7\u0131s\u0131na m\u0259lumat verdi ki, yar\u0131mstansiya s\u00f6k\u00fcl\u0259r\u0259k a\u00e7\u0131q tiplid\u0259n qapal\u0131 tipli variantda tam yenid\u0259n qurulub.<\/p>\n<p>D\u00f6vl\u0259timizin ba\u015f\u00e7\u0131s\u0131 yar\u0131mstansiyan\u0131 i\u015f\u0259 sald\u0131.<\/p>\n<p>Haz\u0131rda d\u00fcnyada pandemiyan\u0131n davam etm\u0259sin\u0259 v\u0259 iqtisadi-maliyy\u0259 \u00e7\u0259tinlikl\u0259rin\u0259 baxmayaraq, Az\u0259rbaycanda Prezident \u0130lham \u018fliyevin r\u0259hb\u0259rliyi il\u0259 sosial infrastrukturun daha da m\u00fcasirl\u0259\u015fdirilm\u0259si, \u0259halinin sosial m\u0259s\u0259l\u0259l\u0259rinin h\u0259lli istiqam\u0259tind\u0259 icra olunan layih\u0259l\u0259r u\u011furla v\u0259 ard\u0131c\u0131l \u015f\u0259kild\u0259 davam edir. Bu layih\u0259l\u0259r aras\u0131nda \u0259halinin keyfiyy\u0259tli v\u0259 fasil\u0259siz elektrik enerjisi il\u0259 t\u0259minat\u0131 istiqam\u0259tind\u0259 h\u0259yata ke\u00e7iril\u0259n i\u015fl\u0259r x\u00fcsusi yer tutur. Son ill\u0259rd\u0259 yeni m\u00fcasir elektrik yar\u0131mstansiyalar\u0131n\u0131n yarad\u0131lmas\u0131, m\u00f6vcudlar\u0131n\u0131n \u0259sasl\u0131 yenid\u0259n qurulmas\u0131 bu sah\u0259nin maddi-texniki bazas\u0131n\u0131n daha da m\u00f6hk\u0259ml\u0259ndirilm\u0259sind\u0259 m\u00fch\u00fcm rol oynay\u0131r v\u0259 n\u0259tic\u0259d\u0259 istehlak\u00e7\u0131lar\u0131n etibarl\u0131 v\u0259 keyfiyy\u0259tli elektrik enerjisi il\u0259 t\u0259chiz olunmas\u0131n\u0131 t\u0259min edir.<\/p>\n<p>\u201cSuraxan\u0131\u201d yar\u0131mstansiyas\u0131nda dig\u0259rl\u0259rind\u0259 oldu\u011fu kimi m\u00fcasir avadanl\u0131q qura\u015fd\u0131r\u0131l\u0131b. Yar\u0131mstansiya Suraxan\u0131 rayonunu, Sabun\u00e7u v\u0259 X\u0259z\u0259r rayonlar\u0131n\u0131n bir hiss\u0259sini, o c\u00fcml\u0259d\u0259n bir ne\u00e7\u0259 dig\u0259r sosial strateji v\u0259 sosial infrastruktur obyektini elektrik enerjisi il\u0259 t\u0259chiz ed\u0259c\u0259k.<\/p>\n<p>X\u00fcsusi layih\u0259 \u0259sas\u0131nda \u201cSuraxan\u0131\u201d yar\u0131mstansiyas\u0131n\u0131n g\u0259rginliyi d\u0259yi\u015fdiril\u0259r\u0259k 110\/20\/6 kilovoltluqdan 110\/35\/6 kilovoltlu\u011fa ke\u00e7irilib, itkil\u0259rin azald\u0131lmas\u0131na nail olunub. Eyni zamanda, yar\u0131mstansiyan\u0131n transformatorlar\u0131n\u0131n \u00fcmumi g\u00fcc\u00fc d\u0259 126 meqavolt amper\u0259d\u0259k art\u0131r\u0131l\u0131b. M\u00fcasir avadanl\u0131\u011f\u0131n qura\u015fd\u0131r\u0131lmas\u0131 n\u0259tic\u0259sind\u0259 yar\u0131mstansiyan\u0131n istismar x\u0259rcl\u0259rinin azald\u0131lmas\u0131na, i\u015f\u00e7i hey\u0259tin t\u0259hl\u00fck\u0259siz \u0259m\u0259k f\u0259aliyy\u0259tin\u0259, avadanl\u0131qlar\u0131n \u0259traf m\u00fchitin z\u0259r\u0259rli t\u0259sirind\u0259n qorunmas\u0131na v\u0259 yar\u0131mstansiyan\u0131n daha s\u0259m\u0259r\u0259li f\u0259aliyy\u0259t g\u00f6st\u0259rm\u0259sin\u0259 nail olunub.<\/p>\n<p><img loading=\"lazy\" decoding=\"async\" class=\"alignnone size-full wp-image-11156\" src=\"https:\/\/infonews.az\/wp-content\/uploads\/2021\/08\/16282440161360421539_1000x669.jpg\" alt=\"\" width=\"980\" height=\"669\" srcset=\"https:\/\/infonews.az\/wp-content\/uploads\/2021\/08\/16282440161360421539_1000x669.jpg?v=1660870598 980w, https:\/\/infonews.az\/wp-content\/uploads\/2021\/08\/16282440161360421539_1000x669-300x205.jpg?v=1660870598 300w, https:\/\/infonews.az\/wp-content\/uploads\/2021\/08\/16282440161360421539_1000x669-768x524.jpg?v=1660870598 768w\" sizes=\"(max-width: 980px) 100vw, 980px\" \/><\/p>\n","protected":false},"excerpt":{"rendered":"<p>Prezident yenil\u0259nmi\u015f 110\/35\/6 kilovoltluq \u201cSuraxan\u0131\u201d yar\u0131mstansiyas\u0131n\u0131n a\u00e7\u0131l\u0131\u015f\u0131nda i\u015ftirak edib &#8220;\u0130NFONESWS&#8221; x\u0259b\u0259r verir. Az\u0259rbaycan Respublikas\u0131n\u0131n Prezidenti \u0130lham \u018fliyev \u0259sasl\u0131 \u015f\u0259kild\u0259 yenid\u0259n qurulan 110\/35\/6 kilovoltluq \u201cSuraxan\u0131\u201d yar\u0131mstansiyas\u0131n\u0131n a\u00e7\u0131l\u0131\u015f\u0131nda i\u015ftirak edib. 1932-ci ild\u0259&hellip; <\/p>\n","protected":false},"author":3,"featured_media":11154,"comment_status":"open","ping_status":"open","sticky":false,"template":"","format":"standard","meta":{"_mi_skip_tracking":false,"_monsterinsights_sitenote_active":false,"_monsterinsights_sitenote_note":"","_monsterinsights_sitenote_category":0,"footnotes":""},"categories":[4,11],"tags":[4704,1008,15],"aioseo_notices":[],"_links":{"self":[{"href":"https:\/\/infonews.az\/index.php?rest_route=\/wp\/v2\/posts\/11153"}],"collection":[{"href":"https:\/\/infonews.az\/index.php?rest_route=\/wp\/v2\/posts"}],"about":[{"href":"https:\/\/infonews.az\/index.php?rest_route=\/wp\/v2\/types\/post"}],"author":[{"embeddable":true,"href":"https:\/\/infonews.az\/index.php?rest_route=\/wp\/v2\/users\/3"}],"replies":[{"embeddable":true,"href":"https:\/\/infonews.az\/index.php?rest_route=%2Fwp%2Fv2%2Fcomments&post=11153"}],"version-history":[{"count":1,"href":"https:\/\/infonews.az\/index.php?rest_route=\/wp\/v2\/posts\/11153\/revisions"}],"predecessor-version":[{"id":11157,"href":"https:\/\/infonews.az\/index.php?rest_route=\/wp\/v2\/posts\/11153\/revisions\/11157"}],"wp:featuredmedia":[{"embeddable":true,"href":"https:\/\/infonews.az\/index.php?rest_route=\/wp\/v2\/media\/11154"}],"wp:attachment":[{"href":"https:\/\/infonews.az\/index.php?rest_route=%2Fwp%2Fv2%2Fmedia&parent=11153"}],"wp:term":[{"taxonomy":"category","embeddable":true,"href":"https:\/\/infonews.az\/index.php?rest_route=%2Fwp%2Fv2%2Fcategories&post=11153"},{"taxonomy":"post_tag","embeddable":true,"href":"https:\/\/infonews.az\/index.php?rest_route=%2Fwp%2Fv2%2Ftags&post=11153"}],"curies":[{"name":"wp","href":"https:\/\/api.w.org\/{rel}","templated":true}]}}