{"id":11275,"date":"2021-08-09T14:45:02","date_gmt":"2021-08-09T10:45:02","guid":{"rendered":"https:\/\/infonews.az\/?p=11275"},"modified":"2021-08-09T20:05:39","modified_gmt":"2021-08-09T16:05:39","slug":"kitabsev%c9%99rl%c9%99rin-sayinin-artmasi-dil%c9%99yil%c9%99-bayraminiz-mubar%c9%99k","status":"publish","type":"post","link":"https:\/\/infonews.az\/?p=11275","title":{"rendered":"Kitabsev\u0259rl\u0259rin say\u0131n\u0131n artmas\u0131 dil\u0259yil\u0259 bayram\u0131n\u0131z m\u00fcbar\u0259k!"},"content":{"rendered":"<p><span style=\"color: #ffffff;\"><i>Kitabsev\u0259rl\u0259rin say\u0131n\u0131n artmas\u0131 dil\u0259yi il\u0259 bayram\u0131n\u0131z m\u00fcbar\u0259k!<\/i><\/span><\/p>\n<p>&nbsp;<\/p>\n<div class=\"tools-panel\">\n<div class=\"row\">\n<div id=\"content-news\" class=\"col\">\n<div class=\"date-down\"><i class=\"fa fa-eye\"><\/i><a href=\"https:\/\/infonews.az\/?p=11275\"><span style=\"color: #ff0000;\"><strong>\u00a0&#8220;\u0130NFONEWS&#8221;<\/strong> <\/span><\/a>x\u0259b\u0259r verir.<\/div>\n<div><\/div>\n<\/div>\n<\/div>\n<\/div>\n<div class=\"post-content\">\n<p><b>9 avqust &#8211; D\u00fcnya Kitabsev\u0259rl\u0259r G\u00fcn\u00fcd\u00fcr.<\/b><\/p>\n<p>Bu g\u00fcn AB\u015e-da m\u00fctali\u0259 sev\u0259nl\u0259r aras\u0131nda qeyri-r\u0259smi bayram kimi qeyd edilm\u0259y\u0259 ba\u015flansa da, q\u0131sa zaman i\u00e7\u0259risind\u0259 d\u00fcnyan\u0131n bir s\u0131ra \u00f6lk\u0259l\u0259rind\u0259 d\u0259 b\u0259y\u0259nil\u0259r\u0259k, ke\u00e7irilir. N\u0259tic\u0259d\u0259 is\u0259 9 avqust D\u00fcnya Kitabsev\u0259rl\u0259r g\u00fcn\u00fc kimi qeyd edilm\u0259y\u0259 ba\u015flay\u0131r.<\/p>\n<p>Axtar\u0131\u015f ets\u0259niz, bu g\u00fcn haqq\u0131nda yet\u0259rinc\u0259 m\u0259lumat \u0259ld\u0259 etm\u0259k olar.\u00a0 M\u0259n is\u0259 Siz\u0259 diqq\u0259timi \u00e7\u0259k\u0259n bir ne\u00e7\u0259 tarxi \u0259hvalatdan ikisini s\u00f6yl\u0259m\u0259k ist\u0259rdim.<\/p>\n<\/div>\n<div class=\"post-content\">Ba\u011fdad x\u0259lif\u0259si V\u0259zir \u0259s- Sahib d\u00fcnyan\u0131n \u0259n m\u0259\u015fhur kitabsev\u0259ri say\u0131l\u0131b. O, 100 mind\u0259n ibar\u0259t kitabxanas\u0131n\u0131 min il \u00f6nc\u0259 yaratm\u0131\u015fd\u0131r. \u00d6mr\u00fcn\u00fcn \u00e7ox hiss\u0259sini h\u0259rbi s\u0259f\u0259rl\u0259rd\u0259 ke\u00e7ir\u0259n bu insan kitablar\u0131ndan bir g\u00fcn d\u0259 olsun ayr\u0131lmam\u0131\u015fd\u0131r. Bel\u0259 ki, hara getm\u0259yind\u0259n as\u0131l\u0131 olmayaraq, h\u0259mi\u015f\u0259 onu \u0259lifba s\u0131ras\u0131 il\u0259 d\u00fcz\u00fclm\u00fc\u015f, y\u00fck\u00fc kitablar olan d\u0259v\u0259 karvan\u0131 m\u00fc\u015fayi\u0259t edirmi\u015f. T\u0259kc\u0259 onun haz\u0131rlad\u0131\u011f\u0131 kitab kataloqu is\u0259 10 min tomdan ibar\u0259t imi\u015f. Bu, ona laz\u0131m olan kitab\u0131 d\u0259v\u0259 karvan\u0131ndan asanl\u0131qla tapma\u011fa yard\u0131m edirmi\u015f.<\/div>\n<div class=\"post-content\">\u0130kinci hadis\u0259 is\u0259 m\u0259\u015fhur yaz\u0131\u00e7\u0131 Ernest Heminqueyin oxucularla g\u00fcr\u00fc\u015f\u00fc haqq\u0131ndad\u0131r. G\u00f6r\u00fc\u015f zaman\u0131 yaranan m\u00fcbahis\u0259 zaman\u0131 yaz\u0131\u00e7\u0131 m\u0259rc edir ki, d\u00fcnyan\u0131n \u0259n q\u0131sa v\u0259 \u00fcr\u0259kl\u0259ri k\u00f6vr\u0259ld\u0259n hekay\u0259sini yaza bil\u0259r. V\u0259 yaz\u0131\u00e7\u0131 bu m\u0259rci udur.<\/div>\n<div class=\"post-content\">Hekay\u0259 is\u0259 bel\u0259 idi:<\/div>\n<div class=\"post-content\">&#8220;U\u015faq \u00e7\u0259km\u0259l\u0259ri sat\u0131l\u0131r. He\u00e7 geyinilm\u0259yib&#8230;&#8221;<\/div>\n<div class=\"post-content\"><strong><i>Kitabsev\u0259rl\u0259rin say\u0131n\u0131n artmas\u0131 dil\u0259yi il\u0259 bayram\u0131n\u0131z m\u00fcbar\u0259k!<\/i><\/strong><br \/>\n<b><\/b><\/div>\n<div><\/div>\n<div class=\"post-content\"><b>Arzu M\u0259mm\u0259dova<\/b><br \/>\n<b>UNEC K\u0130M-in 24\/7 kitabxanas\u0131n\u0131n m\u00fcdiri<\/b><\/div>\n","protected":false},"excerpt":{"rendered":"<p>Kitabsev\u0259rl\u0259rin say\u0131n\u0131n artmas\u0131 dil\u0259yi il\u0259 bayram\u0131n\u0131z m\u00fcbar\u0259k! &nbsp; \u00a0&#8220;\u0130NFONEWS&#8221; x\u0259b\u0259r verir. 9 avqust &#8211; D\u00fcnya Kitabsev\u0259rl\u0259r G\u00fcn\u00fcd\u00fcr. Bu g\u00fcn AB\u015e-da m\u00fctali\u0259 sev\u0259nl\u0259r aras\u0131nda qeyri-r\u0259smi bayram kimi qeyd edilm\u0259y\u0259 ba\u015flansa da,&hellip; <\/p>\n","protected":false},"author":3,"featured_media":11278,"comment_status":"open","ping_status":"open","sticky":false,"template":"","format":"standard","meta":{"_mi_skip_tracking":false,"_monsterinsights_sitenote_active":false,"_monsterinsights_sitenote_note":"","_monsterinsights_sitenote_category":0,"footnotes":""},"categories":[4,10,11,3394],"tags":[48,15,4724,664],"aioseo_notices":[],"_links":{"self":[{"href":"https:\/\/infonews.az\/index.php?rest_route=\/wp\/v2\/posts\/11275"}],"collection":[{"href":"https:\/\/infonews.az\/index.php?rest_route=\/wp\/v2\/posts"}],"about":[{"href":"https:\/\/infonews.az\/index.php?rest_route=\/wp\/v2\/types\/post"}],"author":[{"embeddable":true,"href":"https:\/\/infonews.az\/index.php?rest_route=\/wp\/v2\/users\/3"}],"replies":[{"embeddable":true,"href":"https:\/\/infonews.az\/index.php?rest_route=%2Fwp%2Fv2%2Fcomments&post=11275"}],"version-history":[{"count":2,"href":"https:\/\/infonews.az\/index.php?rest_route=\/wp\/v2\/posts\/11275\/revisions"}],"predecessor-version":[{"id":11280,"href":"https:\/\/infonews.az\/index.php?rest_route=\/wp\/v2\/posts\/11275\/revisions\/11280"}],"wp:featuredmedia":[{"embeddable":true,"href":"https:\/\/infonews.az\/index.php?rest_route=\/wp\/v2\/media\/11278"}],"wp:attachment":[{"href":"https:\/\/infonews.az\/index.php?rest_route=%2Fwp%2Fv2%2Fmedia&parent=11275"}],"wp:term":[{"taxonomy":"category","embeddable":true,"href":"https:\/\/infonews.az\/index.php?rest_route=%2Fwp%2Fv2%2Fcategories&post=11275"},{"taxonomy":"post_tag","embeddable":true,"href":"https:\/\/infonews.az\/index.php?rest_route=%2Fwp%2Fv2%2Ftags&post=11275"}],"curies":[{"name":"wp","href":"https:\/\/api.w.org\/{rel}","templated":true}]}}