{"id":11316,"date":"2021-08-10T10:05:56","date_gmt":"2021-08-10T06:05:56","guid":{"rendered":"https:\/\/infonews.az\/?p=11316"},"modified":"2021-08-10T16:48:30","modified_gmt":"2021-08-10T12:48:30","slug":"h%c9%99yat-yoldasi-sabiq-nazir-muavinini-m%c9%99hk%c9%99m%c9%99y%c9%99-verdi","status":"publish","type":"post","link":"https:\/\/infonews.az\/?p=11316","title":{"rendered":"H\u0259yat yolda\u015f\u0131 sabiq nazir m\u00fcavinini m\u0259hk\u0259m\u0259y\u0259 verdi"},"content":{"rendered":"<p><span style=\"color: #ffffff;\">H\u0259yat yolda\u015f\u0131 sabiq nazir m\u00fcavinini m\u0259hk\u0259m\u0259y\u0259 verdi<\/span><\/p>\n<blockquote><p><b>Bu ilin fevral ay\u0131nda s\u0259hh\u0259ti il\u0259 ba\u011fl\u0131 tutdu\u011fu v\u0259zif\u0259d\u0259n azad olunan sabiq T\u0259hsil nazirinin m\u00fcavini M\u0259h\u0259bb\u0259t V\u0259liyeva h\u0259yat yolda\u015f\u0131 t\u0259r\u0259find\u0259n m\u0259hk\u0259m\u0259y\u0259 verilib.<\/b><\/p><\/blockquote>\n<p><a href=\"https:\/\/infonews.az\/\"><span style=\"color: #ff0000;\"><b>&#8220;\u0130NFONEWS&#8221;<\/b><\/span><\/a>\u00a0\u201cqaynarinfo\u201dya istinad\u0259n x\u0259b\u0259r verir ki, Namiq V\u0259liyevin iddias\u0131 \u0259sas\u0131nda h\u0259yat yolda\u015f\u0131 M.V\u0259liyevadan Yasamal rayon M\u0259hk\u0259m\u0259sin\u0259 \u015fikay\u0259t olunub.<\/p>\n<p>\u015eikay\u0259td\u0259 \u0259r-arvad aras\u0131nda \u0259mlak\u0131n b\u00f6l\u00fc\u015fd\u00fcr\u00fclm\u0259si v\u0259 dig\u0259r m\u0259s\u0259l\u0259l\u0259r yer al\u0131r.<\/p>\n<p>M\u0259hk\u0259m\u0259 Namiq V\u0259liyevin \u015fikay\u0259tini t\u0259min edib. Bundan naraz\u0131 qalan M.V\u0259liyeva m\u0259hk\u0259m\u0259nin q\u0259rar\u0131ndan Apellyasiya M\u0259hk\u0259m\u0259sin\u0259 \u015fikay\u0259t verib.<\/p>\n","protected":false},"excerpt":{"rendered":"<p>H\u0259yat yolda\u015f\u0131 sabiq nazir m\u00fcavinini m\u0259hk\u0259m\u0259y\u0259 verdi Bu ilin fevral ay\u0131nda s\u0259hh\u0259ti il\u0259 ba\u011fl\u0131 tutdu\u011fu v\u0259zif\u0259d\u0259n azad olunan sabiq T\u0259hsil nazirinin m\u00fcavini M\u0259h\u0259bb\u0259t V\u0259liyeva h\u0259yat yolda\u015f\u0131 t\u0259r\u0259find\u0259n m\u0259hk\u0259m\u0259y\u0259 verilib. &#8220;\u0130NFONEWS&#8221;\u00a0\u201cqaynarinfo\u201dya&hellip; <\/p>\n","protected":false},"author":3,"featured_media":11317,"comment_status":"open","ping_status":"open","sticky":false,"template":"","format":"standard","meta":{"_mi_skip_tracking":false,"_monsterinsights_sitenote_active":false,"_monsterinsights_sitenote_note":"","_monsterinsights_sitenote_category":0,"footnotes":""},"categories":[11,7],"tags":[4733],"aioseo_notices":[],"_links":{"self":[{"href":"https:\/\/infonews.az\/index.php?rest_route=\/wp\/v2\/posts\/11316"}],"collection":[{"href":"https:\/\/infonews.az\/index.php?rest_route=\/wp\/v2\/posts"}],"about":[{"href":"https:\/\/infonews.az\/index.php?rest_route=\/wp\/v2\/types\/post"}],"author":[{"embeddable":true,"href":"https:\/\/infonews.az\/index.php?rest_route=\/wp\/v2\/users\/3"}],"replies":[{"embeddable":true,"href":"https:\/\/infonews.az\/index.php?rest_route=%2Fwp%2Fv2%2Fcomments&post=11316"}],"version-history":[{"count":1,"href":"https:\/\/infonews.az\/index.php?rest_route=\/wp\/v2\/posts\/11316\/revisions"}],"predecessor-version":[{"id":11318,"href":"https:\/\/infonews.az\/index.php?rest_route=\/wp\/v2\/posts\/11316\/revisions\/11318"}],"wp:featuredmedia":[{"embeddable":true,"href":"https:\/\/infonews.az\/index.php?rest_route=\/wp\/v2\/media\/11317"}],"wp:attachment":[{"href":"https:\/\/infonews.az\/index.php?rest_route=%2Fwp%2Fv2%2Fmedia&parent=11316"}],"wp:term":[{"taxonomy":"category","embeddable":true,"href":"https:\/\/infonews.az\/index.php?rest_route=%2Fwp%2Fv2%2Fcategories&post=11316"},{"taxonomy":"post_tag","embeddable":true,"href":"https:\/\/infonews.az\/index.php?rest_route=%2Fwp%2Fv2%2Ftags&post=11316"}],"curies":[{"name":"wp","href":"https:\/\/api.w.org\/{rel}","templated":true}]}}