{"id":11350,"date":"2021-08-11T11:16:15","date_gmt":"2021-08-11T07:16:15","guid":{"rendered":"https:\/\/infonews.az\/?p=11350"},"modified":"2021-08-11T14:08:29","modified_gmt":"2021-08-11T10:08:29","slug":"guz%c9%99stli-m%c9%99nzill%c9%99rin-demo-qaydada-secimin%c9%99-baslanildi","status":"publish","type":"post","link":"https:\/\/infonews.az\/?p=11350","title":{"rendered":"G\u00fcz\u0259\u015ftli m\u0259nzill\u0259rin demo qaydada se\u00e7imin\u0259 ba\u015flan\u0131ld\u0131"},"content":{"rendered":"<p><span style=\"color: #ffffff;\">G\u00fcz\u0259\u015ftli m\u0259nzill\u0259rin demo qaydada se\u00e7imin\u0259 ba\u015flan\u0131ld\u0131<\/span><\/p>\n<blockquote><p><b>M\u0259nzil \u0130n\u015faat\u0131 D\u00f6vl\u0259t Agentliyinin (M\u0130DA) regionda ilk layih\u0259si \u2013 Sumqay\u0131t \u015f\u0259h\u0259rind\u0259 in\u015fa olunmu\u015f g\u00fcz\u0259\u015ftli m\u0259nzill\u0259rin sat\u0131\u015f\u0131 il\u0259 \u0259laq\u0259dar olaraq bu il iyulun 17-d\u0259 istifad\u0259y\u0259 verilmi\u015f \u201cG\u00fcz\u0259\u015ftli m\u0259nzil\u201d sisteminin sat\u0131\u015f modulunun v\u0259 g\u00f6zl\u0259m\u0259 qaydas\u0131nda m\u0259nzil se\u00e7iminin s\u0131naq (demo) versiyas\u0131ndan bu g\u00fcn\u0259 q\u0259d\u0259r 1 803 n\u0259f\u0259r 2 502 d\u0259f\u0259 istifad\u0259 edib.<\/b><\/p><\/blockquote>\n<p>M\u0259lumata g\u00f6r\u0259, \u201cG\u00fcz\u0259\u015ftli m\u0259nzil\u201d sistemind\u0259 elektron kabineti olan v\u0259t\u0259nda\u015flar \u201cElektron h\u00f6kum\u0259t\u201d portal\u0131 (www.e-gov.az) \u00fcz\u0259rind\u0259n &#8220;Elektron \u0130mza&#8221; (www.e-imza.az) v\u0259 yaxud &#8220;Asan \u0130mza&#8221; (www.asanimza.az) il\u0259 \u00f6z elektron kabinetl\u0259rin\u0259 daxil olub, onlara t\u0259qdim edilmi\u015f x\u00fcsusi ke\u00e7id vasit\u0259sil\u0259 sat\u0131\u015f modulunun v\u0259 g\u00f6zl\u0259m\u0259 qaydas\u0131nda m\u0259nzil se\u00e7iminin s\u0131naq (demo) versiyas\u0131ndan istifad\u0259 ed\u0259 bil\u0259rl\u0259r.<\/p>\n<p>Bu xidm\u0259t istifad\u0259\u00e7il\u0259r\u0259 h\u0259m sat\u0131\u015f, h\u0259m d\u0259 g\u00f6zl\u0259m\u0259 qaydas\u0131nda m\u0259nzil se\u00e7imi prosesl\u0259rinin b\u00fct\u00fcn m\u0259rh\u0259l\u0259l\u0259ri il\u0259 yax\u0131ndan tan\u0131\u015f olmaq, elektron imza sertifikatlar\u0131ndan v\u0259 texniki avadanl\u0131qlar\u0131ndan istifad\u0259 bacar\u0131qlar\u0131n\u0131 t\u0259kmill\u0259\u015fdirm\u0259k imkan\u0131 yarad\u0131r.<\/p>\n<p>Sat\u0131\u015f modulunun v\u0259 g\u00f6zl\u0259m\u0259 qaydas\u0131nda m\u0259nzil se\u00e7iminin s\u0131naq versiyas\u0131 16 avqust 2021-ci il tarixi saat 00:00-a q\u0259d\u0259r aktiv olacaq.<\/p>\n<p>Sumqay\u0131t \u015f\u0259h\u0259ri, 41-ci m\u0259h\u0259ll\u0259, Z\u0259min\u0259 H\u0259s\u0259nova k\u00fc\u00e7\u0259sind\u0259 yerl\u0259\u015f\u0259n 1 v\u0259 2 sayl\u0131 binalar \u00fczr\u0259 h\u0259r birind\u0259 72 m\u0259nzil olmaqla, \u00fcmumilikd\u0259 144 m\u0259nzilin g\u00fcz\u0259\u015ftl\u0259 sat\u0131\u015f\u0131 17 avqust 2021-ci il tarixind\u0259 saat 11:00-da ba\u015flayacaq v\u0259 24 avqust 2021-ci il tarixi saat 11:00-a q\u0259d\u0259r davam ed\u0259c\u0259k.<\/p>\n<p>V\u0259t\u0259nda\u015flar \u201c108\u201d \u00c7a\u011fr\u0131 m\u0259rk\u0259zin\u0259 z\u0259ng ed\u0259r\u0259k v\u0259 ya Bak\u0131 \u015f\u0259h\u0259rind\u0259 yerl\u0259\u015f\u0259n 1 sayl\u0131 &#8220;ASAN Kommunal&#8221;, 3 v\u0259 5 sayl\u0131 &#8220;ASAN xidm\u0259t&#8221; m\u0259rk\u0259zl\u0259rind\u0259, habel\u0259 Sumqay\u0131t v\u0259 G\u0259nc\u0259 \u015f\u0259h\u0259rl\u0259rind\u0259 yerl\u0259\u015f\u0259n &#8220;ASAN xidm\u0259t&#8221; m\u0259rk\u0259zl\u0259rind\u0259 f\u0259aliyy\u0259t g\u00f6st\u0259r\u0259n &#8220;G\u00fcz\u0259\u015ftli m\u0259nzil&#8221; (M\u0130DA) p\u0259nc\u0259r\u0259l\u0259rin\u0259 yax\u0131nla\u015faraq xidm\u0259tl\u0259 ba\u011fl\u0131 b\u00fct\u00fcn suallar\u0131na cavab tapa bil\u0259rl\u0259r.<\/p>\n<p><a href=\"https:\/\/infonews.az\/\"><strong><span style=\"color: #ff0000;\">&#8220;\u0130NFONEWS&#8221;<\/span><\/strong><\/a><\/p>\n","protected":false},"excerpt":{"rendered":"<p>G\u00fcz\u0259\u015ftli m\u0259nzill\u0259rin demo qaydada se\u00e7imin\u0259 ba\u015flan\u0131ld\u0131 M\u0259nzil \u0130n\u015faat\u0131 D\u00f6vl\u0259t Agentliyinin (M\u0130DA) regionda ilk layih\u0259si \u2013 Sumqay\u0131t \u015f\u0259h\u0259rind\u0259 in\u015fa olunmu\u015f g\u00fcz\u0259\u015ftli m\u0259nzill\u0259rin sat\u0131\u015f\u0131 il\u0259 \u0259laq\u0259dar olaraq bu il iyulun 17-d\u0259 istifad\u0259y\u0259&hellip; <\/p>\n","protected":false},"author":3,"featured_media":11351,"comment_status":"open","ping_status":"open","sticky":false,"template":"","format":"standard","meta":{"_mi_skip_tracking":false,"_monsterinsights_sitenote_active":false,"_monsterinsights_sitenote_note":"","_monsterinsights_sitenote_category":0,"footnotes":""},"categories":[11,7],"tags":[4738],"aioseo_notices":[],"_links":{"self":[{"href":"https:\/\/infonews.az\/index.php?rest_route=\/wp\/v2\/posts\/11350"}],"collection":[{"href":"https:\/\/infonews.az\/index.php?rest_route=\/wp\/v2\/posts"}],"about":[{"href":"https:\/\/infonews.az\/index.php?rest_route=\/wp\/v2\/types\/post"}],"author":[{"embeddable":true,"href":"https:\/\/infonews.az\/index.php?rest_route=\/wp\/v2\/users\/3"}],"replies":[{"embeddable":true,"href":"https:\/\/infonews.az\/index.php?rest_route=%2Fwp%2Fv2%2Fcomments&post=11350"}],"version-history":[{"count":1,"href":"https:\/\/infonews.az\/index.php?rest_route=\/wp\/v2\/posts\/11350\/revisions"}],"predecessor-version":[{"id":11352,"href":"https:\/\/infonews.az\/index.php?rest_route=\/wp\/v2\/posts\/11350\/revisions\/11352"}],"wp:featuredmedia":[{"embeddable":true,"href":"https:\/\/infonews.az\/index.php?rest_route=\/wp\/v2\/media\/11351"}],"wp:attachment":[{"href":"https:\/\/infonews.az\/index.php?rest_route=%2Fwp%2Fv2%2Fmedia&parent=11350"}],"wp:term":[{"taxonomy":"category","embeddable":true,"href":"https:\/\/infonews.az\/index.php?rest_route=%2Fwp%2Fv2%2Fcategories&post=11350"},{"taxonomy":"post_tag","embeddable":true,"href":"https:\/\/infonews.az\/index.php?rest_route=%2Fwp%2Fv2%2Ftags&post=11350"}],"curies":[{"name":"wp","href":"https:\/\/api.w.org\/{rel}","templated":true}]}}