{"id":11623,"date":"2021-08-21T09:50:09","date_gmt":"2021-08-21T05:50:09","guid":{"rendered":"https:\/\/infonews.az\/?p=11623"},"modified":"2021-08-21T16:06:29","modified_gmt":"2021-08-21T12:06:29","slug":"turkiy%c9%99li-yazicinin-ikinci-kitabi-da-bakida-isiq-uzu-gordu","status":"publish","type":"post","link":"https:\/\/infonews.az\/?p=11623","title":{"rendered":"T\u00fcrkiy\u0259li yaz\u0131\u00e7\u0131n\u0131n ikinci kitab\u0131 da Bak\u0131da i\u015f\u0131q \u00fcz\u00fc g\u00f6rd\u00fc"},"content":{"rendered":"<p><span style=\"color: #ffffff\">T\u00fcrkiy\u0259li yaz\u0131\u00e7\u0131n\u0131n ikinci kitab\u0131 da Bak\u0131da i\u015f\u0131q \u00fcz\u00fc g\u00f6rd\u00fc<\/span><\/p>\n<p><img loading=\"lazy\" decoding=\"async\" class=\"aligncenter size-full wp-image-11624\" src=\"https:\/\/infonews.az\/wp-content\/uploads\/2021\/08\/170561_cpnkifrhfh.jpg\" alt=\"\" width=\"648\" height=\"432\" srcset=\"https:\/\/infonews.az\/wp-content\/uploads\/2021\/08\/170561_cpnkifrhfh.jpg?v=1660870493 648w, https:\/\/infonews.az\/wp-content\/uploads\/2021\/08\/170561_cpnkifrhfh-300x200.jpg?v=1660870493 300w\" sizes=\"(max-width: 648px) 100vw, 648px\" \/><\/p>\n<p><a href=\"https:\/\/infonews.az\/?p=11623\"><strong><span style=\"color: #ff0000\">&#8220;\u0130NFONEWS&#8221;<\/span><\/strong><\/a> x\u0259b\u0259r verir.<\/p>\n<blockquote><p><b>Bu g\u00fcnl\u0259rd\u0259 Az\u0259rbaycan Yaz\u0131\u00e7\u0131lar Birliyinin \u201cAYB kitab\u201d layih\u0259si \u00e7\u0259r\u00e7iv\u0259sind\u0259 \u00e7a\u011fda\u015f t\u00fcrk \u0259d\u0259biyyat\u0131n\u0131n usta yazarlar\u0131ndan olan \u0130mdat Av\u015far\u0131n \u201cG\u00f6y\u0259r\u00e7in sevdas\u0131\u201d kitab\u0131 n\u0259\u015fr olunub.\u00a0 <\/b><\/p><\/blockquote>\n<p>\u201cG\u00f6y\u0259r\u00e7in sevdas\u0131\u201d \u0130mdat Av\u015far\u0131n \u201cAnam\u0131n saatlar\u0131\u201dndan sonra Az\u0259rbaycan t\u00fcrkc\u0259sind\u0259 i\u015f\u0131q \u00fcz\u00fc g\u00f6r\u0259n ikinci kitab\u0131d\u0131r.<br \/>\n\u0130mdat Av\u015far b\u0259nz\u0259rsiz \u00fcslubu, dil t\u0259mizliyi, m\u00fcraci\u0259t etdiyi m\u00f6vzular\u0131n h\u0259yatiliyi, g\u00f6r\u00fcml\u00fc m\u0259tn yarada, orijinal s\u00fcjet qura bilm\u0259 qabiliyy\u0259tin\u0259 g\u00f6r\u0259 \u00e7a\u011fda\u015f t\u00fcrk n\u0259srinin \u0259n istedadl\u0131 n\u00fcmay\u0259nd\u0259l\u0259rind\u0259n biridir. Yarad\u0131c\u0131l\u0131\u011f\u0131na m\u0259xsus realizmi, f\u0259ls\u0259fi-psixoloji d\u0259rinliyi, insansev\u0259rliyi v\u0259 \u00a0humanizmi il\u0259 geni\u015f oxucu auditoriyas\u0131n\u0131n v\u0259 \u0259d\u0259bi-elmi ictimaiyy\u0259tin r\u0259\u011fb\u0259tini qazanan m\u00fc\u0259llifin \u201cG\u00f6y\u0259r\u00e7in sevdas\u0131\u201d kitab\u0131 T\u00fcrkiy\u0259d\u0259 2 ay kimi q\u0131sa zaman k\u0259siyind\u0259 3 d\u0259f\u0259 n\u0259\u015fr olunub.<br \/>\nAz\u0259rbaycan Yaz\u0131\u00e7\u0131lar Birliyinin \u201cAYB kitab\u201d seriyas\u0131nda \u201cG\u00f6y\u0259r\u00e7in sevdas\u0131\u201dn\u0131n n\u0259\u015fri is\u0259 ikinci v\u0259t\u0259ni sayd\u0131\u011f\u0131 Az\u0259rbaycanda \u0130mdat Av\u015far q\u0259l\u0259min\u0259, s\u00f6z\u00fcn\u0259, yarad\u0131c\u0131l\u0131\u011f\u0131na olan sevginin, say\u011f\u0131n\u0131n, ehtiram\u0131n bariz n\u00fcmun\u0259sidir.<\/p>\n<p>Kitabda m\u00fc\u0259llifin \u201cKafa ka\u011f\u0131d\u0131\u201d, \u201cBitm\u0259y\u0259n roman\u201d, \u201cG\u00f6y\u0259r\u00e7in sevdas\u0131\u201d, \u201c\u015eahnaz xan\u0131m ad\u0131na kollec\u201d, \u201cS\u00f6yl\u0259nm\u0259mi\u015f s\u00f6zl\u0259r\u201d, \u0130tmi\u015f bahar n\u0259rgizi\u201d, \u201cYetim Abdal\u201d, \u201cXocal\u0131da qalan tar\u201d, \u201cDurna \u00e7\u0131ra\u011f\u0131\u201d, \u201cT\u0259fti\u015f hey\u0259tinin \u00f6vliyas\u0131\u201d, \u201cR\u0259c\u0259b yezn\u0259\u201d, \u201c\u015e\u0259kil v\u0259 qa\u015fov\u201d, \u201c\u00d6rt qap\u0131n\u0131, ac\u0131ndan \u00f6ls\u00fcn\u201d kimi hekay\u0259l\u0259ri yer alm\u0131\u015fd\u0131r.\u00a0 Bu hekay\u0259l\u0259rin h\u0259r biri ki\u00e7ik epizodlarda b\u00f6y\u00fck hadis\u0259l\u0259r, adi g\u00f6r\u00fcn\u0259n \u0259hvalatlarda qeyri-adi h\u0259qiq\u0259tl\u0259ri \u00f6z\u00fcnd\u0259 ehtiva etm\u0259si il\u0259 diqq\u0259ti \u00e7\u0259km\u0259kd\u0259dir. \u201cXocal\u0131da qalan tar\u201d hekay\u0259si \u0130mdat b\u0259yin \u201cQaraba\u011f qa\u00e7q\u0131nlar\u0131\u201dndan sonra V\u0259t\u0259nsizlik nisgilimizi s\u00f6z\u0259 \u00e7evir\u0259n ikinci hekay\u0259sidir.<\/p>\n<p>Kitabda yer alan hekay\u0259l\u0259rin b\u00f6y\u00fck bir qisminin toplu hal\u0131nda \u00e7ap\u0131ndan \u00f6nc\u0259 \u201cAz\u0259rbaycan\u201d, \u201cUlduz\u201d \u0259d\u0259bi d\u0259rgil\u0259rind\u0259, \u201c\u018fd\u0259biyyat\u201d, \u201c525-ci q\u0259zet\u201d, \u201cT\u00fcrk\u00fcstan\u201d v\u0259 s. q\u0259zet v\u0259 d\u00f6vri m\u0259tbuatda yay\u0131mlanmas\u0131 v\u0259 maraqla qar\u015f\u0131lanmas\u0131 Az\u0259rbaycan oxucusunun \u0130mdat Av\u015far\u00a0 imzas\u0131na olan sevgisind\u0259n qaynaqlan\u0131r.<\/p>\n<p>Layih\u0259nin r\u0259hb\u0259ri X\u0259yal Rza, kitab\u0131n redaktoru X\u0259yal\u0259 Z\u0259rrabq\u0131z\u0131d\u0131r. \u201cM\u00fct\u0259rcim\u201d n\u0259\u015friyyat\u0131nda n\u0259fis bir t\u0259rtibatla \u00e7ap olunmu\u015f \u201cG\u00f6y\u0259r\u00e7in sevdas\u0131\u201d\u00a0 P\u0259rvin Nur\u0259liyevan\u0131n \u201cT\u0259bi\u0259tin par\u00e7as\u0131 \u0130nsandan dan\u0131\u015f\u0131r\u0131q\u201d adl\u0131 \u00f6n s\u00f6z\u00fc il\u0259 ba\u015flay\u0131r. \u00d6n s\u00f6zd\u0259 P\u0259rvin xan\u0131m \u0130mdat Av\u015far yarad\u0131c\u0131l\u0131\u011f\u0131n\u0131n \u00f6z\u00fcn\u0259m\u0259xsus x\u00fcsusiyy\u0259tl\u0259ri il\u0259 b\u0259rab\u0259r Az\u0259rbaycan \u00fc\u00e7\u00fcn g\u00f6rd\u00fcy\u00fc i\u015fl\u0259rd\u0259n, o c\u00fcml\u0259d\u0259n, Qaraba\u011f h\u0259qiq\u0259tl\u0259rinin \u0259d\u0259bi m\u00fcst\u0259vid\u0259 i\u015f\u0131\u011fa \u00e7\u0131xar\u0131lmas\u0131nda \u201cQaraba\u011f hekay\u0259l\u0259ri\u201d layih\u0259sinin m\u00fcst\u0259sna\u00a0 \u0259h\u0259miyy\u0259tind\u0259n b\u0259hs edir.<\/p>\n","protected":false},"excerpt":{"rendered":"<p>T\u00fcrkiy\u0259li yaz\u0131\u00e7\u0131n\u0131n ikinci kitab\u0131 da Bak\u0131da i\u015f\u0131q \u00fcz\u00fc g\u00f6rd\u00fc &#8220;\u0130NFONEWS&#8221; x\u0259b\u0259r verir. Bu g\u00fcnl\u0259rd\u0259 Az\u0259rbaycan Yaz\u0131\u00e7\u0131lar Birliyinin \u201cAYB kitab\u201d layih\u0259si \u00e7\u0259r\u00e7iv\u0259sind\u0259 \u00e7a\u011fda\u015f t\u00fcrk \u0259d\u0259biyyat\u0131n\u0131n usta yazarlar\u0131ndan olan \u0130mdat Av\u015far\u0131n \u201cG\u00f6y\u0259r\u00e7in&hellip; <\/p>\n","protected":false},"author":14,"featured_media":11625,"comment_status":"open","ping_status":"open","sticky":false,"template":"","format":"standard","meta":{"_mi_skip_tracking":false,"_monsterinsights_sitenote_active":false,"_monsterinsights_sitenote_note":"","_monsterinsights_sitenote_category":0,"footnotes":""},"categories":[4,10,11],"tags":[4779,15,3771],"aioseo_notices":[],"_links":{"self":[{"href":"https:\/\/infonews.az\/index.php?rest_route=\/wp\/v2\/posts\/11623"}],"collection":[{"href":"https:\/\/infonews.az\/index.php?rest_route=\/wp\/v2\/posts"}],"about":[{"href":"https:\/\/infonews.az\/index.php?rest_route=\/wp\/v2\/types\/post"}],"author":[{"embeddable":true,"href":"https:\/\/infonews.az\/index.php?rest_route=\/wp\/v2\/users\/14"}],"replies":[{"embeddable":true,"href":"https:\/\/infonews.az\/index.php?rest_route=%2Fwp%2Fv2%2Fcomments&post=11623"}],"version-history":[{"count":1,"href":"https:\/\/infonews.az\/index.php?rest_route=\/wp\/v2\/posts\/11623\/revisions"}],"predecessor-version":[{"id":11626,"href":"https:\/\/infonews.az\/index.php?rest_route=\/wp\/v2\/posts\/11623\/revisions\/11626"}],"wp:featuredmedia":[{"embeddable":true,"href":"https:\/\/infonews.az\/index.php?rest_route=\/wp\/v2\/media\/11625"}],"wp:attachment":[{"href":"https:\/\/infonews.az\/index.php?rest_route=%2Fwp%2Fv2%2Fmedia&parent=11623"}],"wp:term":[{"taxonomy":"category","embeddable":true,"href":"https:\/\/infonews.az\/index.php?rest_route=%2Fwp%2Fv2%2Fcategories&post=11623"},{"taxonomy":"post_tag","embeddable":true,"href":"https:\/\/infonews.az\/index.php?rest_route=%2Fwp%2Fv2%2Ftags&post=11623"}],"curies":[{"name":"wp","href":"https:\/\/api.w.org\/{rel}","templated":true}]}}