{"id":11639,"date":"2021-08-21T17:11:38","date_gmt":"2021-08-21T13:11:38","guid":{"rendered":"https:\/\/infonews.az\/?p=11639"},"modified":"2021-08-21T17:16:37","modified_gmt":"2021-08-21T13:16:37","slug":"hava-proqnozu-f%c9%99r%c9%99h-oruc%c9%99liyevanin-t%c9%99qdimatinda","status":"publish","type":"post","link":"https:\/\/infonews.az\/?p=11639","title":{"rendered":"Hava proqnozu F\u0259r\u0259h Oruc\u0259liyevan\u0131n t\u0259qdimat\u0131nda"},"content":{"rendered":"<p class=\"entry-title\"><span style=\"color: #ffffff\">Hava proqnozu F\u0259r\u0259h Oruc\u0259liyevan\u0131n t\u0259qdimat\u0131nda<\/span><\/p>\n<p><img loading=\"lazy\" decoding=\"async\" class=\"aligncenter size-full wp-image-11641\" src=\"https:\/\/infonews.az\/wp-content\/uploads\/2021\/08\/F4.jpg\" alt=\"\" width=\"768\" height=\"1024\" srcset=\"https:\/\/infonews.az\/wp-content\/uploads\/2021\/08\/F4.jpg?v=1660870489 768w, https:\/\/infonews.az\/wp-content\/uploads\/2021\/08\/F4-225x300.jpg?v=1660870489 225w\" sizes=\"(max-width: 768px) 100vw, 768px\" \/><\/p>\n<p><a href=\"https:\/\/infonews.az\/?p=11639\"><strong><span style=\"color: #ff0000\">\u201c\u0130NFONEWS\u201d<\/span><\/strong><\/a><span style=\"color: #ff0000\">\u00a0<\/span>\u2013un start verdiyi \u201cHava proqnozu h\u0259yat\u0131m\u0131z\u0131 b\u0259z\u0259y\u0259n balacalar\u0131n t\u0259qdimat\u0131nda\u201d lahiy\u0259si davam edir.<\/p>\n<blockquote><p><strong>Bu burax\u0131l\u0131\u015fda hava haqq\u0131nda m\u0259lumat\u0131 ail\u0259sinin sevinc pay\u0131, anas\u0131n\u0131n nur par\u00e7as\u0131, balaca \u015f\u0131ltaq \u015fahzad\u0259 F\u0259r\u0259h t\u0259qdim edir:<\/strong><\/p><\/blockquote>\n<p><b>Sabah Bak\u0131da v\u0259 Ab\u015feron yar\u0131madas\u0131nda hava \u015f\u0259raitinin ya\u011fmursuz ke\u00e7\u0259c\u0259yi g\u00f6zl\u0259nilir.<\/b><\/p>\n<p>Milli Hidrometeorologiya Xidm\u0259tind\u0259n veril\u0259n m\u0259lumata g\u00f6r\u0259, \u015fimal k\u00fcl\u0259yi \u0259s\u0259c\u0259k. Ab\u015feron yar\u0131madas\u0131nda gec\u0259 24-27\u00b0, g\u00fcnd\u00fcz 35-38\u00b0, b\u0259zi yerl\u0259rd\u0259 39\u00b0, Bak\u0131da is\u0259 gec\u0259 25-27\u00b0, g\u00fcnd\u00fcz 36-38\u00b0 isti olacaq. Atmosfer t\u0259zyiqi 758 mm civ\u0259 s\u00fctunu t\u0259\u015fkil ed\u0259c\u0259k. Nisbi r\u00fctub\u0259t gec\u0259 60-70 %, g\u00fcnd\u00fcz 35-40 % olacaq.<\/p>\n<p>Ab\u015feron \u00e7im\u0259rlikl\u0259rind\u0259 \u015fimal k\u00fcl\u0259yi \u0259s\u0259c\u0259k. D\u0259niz suyunun temperaturu \u015fimal \u00e7im\u0259rlikl\u0259rind\u0259 (Sumqay\u0131t, Novxan\u0131, Pir\u015fa\u011f\u0131, Nardaran, Bilg\u0259h, Zaqulba) 27-28\u00b0 isti, c\u0259nub \u00e7im\u0259rlikl\u0259rind\u0259 is\u0259 (T\u00fcrkan, H\u00f6vsan, Sahil, \u015e\u0131x) 28-29\u00b0 isti olacaq.<\/p>\n<p>Az\u0259rbaycan\u0131n rayonlar\u0131nda sabah \u0259sas\u0259n hava ya\u011fmursuz olacaq. Lakin g\u00fcnd\u00fcz b\u0259zi da\u011fl\u0131q \u0259razil\u0259rd\u0259 \u015fim\u015f\u0259k \u00e7axaca\u011f\u0131, q\u0131sam\u00fcdd\u0259tli ya\u011f\u0131\u015f ya\u011faca\u011f\u0131, dolu d\u00fc\u015f\u0259c\u0259yi ehtimal\u0131 var. \u015e\u0259rq k\u00fcl\u0259yi \u0259s\u0259c\u0259k. Havan\u0131n temperaturu gec\u0259 20-25\u00b0 isti, g\u00fcnd\u00fcz 35-40\u00b0 isti, da\u011flarda gec\u0259 13-18\u00b0 isti, g\u00fcnd\u00fcz 23-28\u00b0 isti olacaq.<\/p>\n<p><img loading=\"lazy\" decoding=\"async\" class=\"aligncenter size-full wp-image-11642\" src=\"https:\/\/infonews.az\/wp-content\/uploads\/2021\/08\/F3.jpg\" alt=\"\" width=\"1200\" height=\"1600\" srcset=\"https:\/\/infonews.az\/wp-content\/uploads\/2021\/08\/F3.jpg?v=1660870489 1200w, https:\/\/infonews.az\/wp-content\/uploads\/2021\/08\/F3-225x300.jpg?v=1660870489 225w, https:\/\/infonews.az\/wp-content\/uploads\/2021\/08\/F3-768x1024.jpg?v=1660870489 768w, https:\/\/infonews.az\/wp-content\/uploads\/2021\/08\/F3-1152x1536.jpg?v=1660870489 1152w\" sizes=\"(max-width: 1200px) 100vw, 1200px\" \/><\/p>\n","protected":false},"excerpt":{"rendered":"<p>Hava proqnozu F\u0259r\u0259h Oruc\u0259liyevan\u0131n t\u0259qdimat\u0131nda \u201c\u0130NFONEWS\u201d\u00a0\u2013un start verdiyi \u201cHava proqnozu h\u0259yat\u0131m\u0131z\u0131 b\u0259z\u0259y\u0259n balacalar\u0131n t\u0259qdimat\u0131nda\u201d lahiy\u0259si davam edir. Bu burax\u0131l\u0131\u015fda hava haqq\u0131nda m\u0259lumat\u0131 ail\u0259sinin sevinc pay\u0131, anas\u0131n\u0131n nur par\u00e7as\u0131, balaca \u015f\u0131ltaq&hellip; <\/p>\n","protected":false},"author":14,"featured_media":11640,"comment_status":"open","ping_status":"open","sticky":false,"template":"","format":"standard","meta":{"_mi_skip_tracking":false,"_monsterinsights_sitenote_active":false,"_monsterinsights_sitenote_note":"","_monsterinsights_sitenote_category":0,"footnotes":""},"categories":[4,64,11],"tags":[40,15],"aioseo_notices":[],"_links":{"self":[{"href":"https:\/\/infonews.az\/index.php?rest_route=\/wp\/v2\/posts\/11639"}],"collection":[{"href":"https:\/\/infonews.az\/index.php?rest_route=\/wp\/v2\/posts"}],"about":[{"href":"https:\/\/infonews.az\/index.php?rest_route=\/wp\/v2\/types\/post"}],"author":[{"embeddable":true,"href":"https:\/\/infonews.az\/index.php?rest_route=\/wp\/v2\/users\/14"}],"replies":[{"embeddable":true,"href":"https:\/\/infonews.az\/index.php?rest_route=%2Fwp%2Fv2%2Fcomments&post=11639"}],"version-history":[{"count":4,"href":"https:\/\/infonews.az\/index.php?rest_route=\/wp\/v2\/posts\/11639\/revisions"}],"predecessor-version":[{"id":11646,"href":"https:\/\/infonews.az\/index.php?rest_route=\/wp\/v2\/posts\/11639\/revisions\/11646"}],"wp:featuredmedia":[{"embeddable":true,"href":"https:\/\/infonews.az\/index.php?rest_route=\/wp\/v2\/media\/11640"}],"wp:attachment":[{"href":"https:\/\/infonews.az\/index.php?rest_route=%2Fwp%2Fv2%2Fmedia&parent=11639"}],"wp:term":[{"taxonomy":"category","embeddable":true,"href":"https:\/\/infonews.az\/index.php?rest_route=%2Fwp%2Fv2%2Fcategories&post=11639"},{"taxonomy":"post_tag","embeddable":true,"href":"https:\/\/infonews.az\/index.php?rest_route=%2Fwp%2Fv2%2Ftags&post=11639"}],"curies":[{"name":"wp","href":"https:\/\/api.w.org\/{rel}","templated":true}]}}