{"id":11702,"date":"2021-08-23T16:43:08","date_gmt":"2021-08-23T12:43:08","guid":{"rendered":"https:\/\/infonews.az\/?p=11702"},"modified":"2021-08-23T20:51:11","modified_gmt":"2021-08-23T16:51:11","slug":"bu-il-od%c9%99nissiz-t%c9%99hsil-almaq-ucun-yeni-imkanlar-yaradilib","status":"publish","type":"post","link":"https:\/\/infonews.az\/?p=11702","title":{"rendered":"Bu il \u00f6d\u0259ni\u015fsiz t\u0259hsil almaq \u00fc\u00e7\u00fcn yeni imkanlar yarad\u0131l\u0131b"},"content":{"rendered":"<p class=\"content-title\"><span style=\"color: #ffffff\">Bu il \u00f6d\u0259ni\u015fsiz t\u0259hsil almaq \u00fc\u00e7\u00fcn yeni imkanlar yarad\u0131l\u0131b<\/span><\/p>\n<p><a href=\"https:\/\/infonews.az\/?p=11702\"><strong><span style=\"color: #ff0000\">&#8220;\u0130NFONEWS&#8221;<\/span><\/strong><\/a> x\u0259b\u0259r verir.<\/p>\n<blockquote><p><strong>\u0130xtisas se\u00e7imi zaman\u0131 15 ixtisas\u0131 se\u00e7m\u0259k vacib deyil. Abituriyent 5 ixtisas da se\u00e7\u0259 bil\u0259r, 3 ixtisas da. H\u0259m\u00e7inin ixtisas se\u00e7imi zaman\u0131 abituriyentin ya\u015fad\u0131\u011f\u0131 \u015f\u0259h\u0259rd\u0259, yoxsa ba\u015fqa \u015f\u0259h\u0259rd\u0259 ya\u015famaq imkan\u0131n\u0131, \u00f6d\u0259ni\u015fli v\u0259 \u00f6d\u0259ni\u015fsiz t\u0259hsili almaq imkan\u0131n\u0131 da n\u0259z\u0259r\u0259 almaq laz\u0131md\u0131r.<\/strong><\/p><\/blockquote>\n<p>Bunu D\u00f6vl\u0259t \u0130mtahan M\u0259rk\u0259zinin feysbuk s\u0259hif\u0259si vasit\u0259sil\u0259 M\u0259rk\u0259zin Direktorlar \u015euras\u0131n\u0131n s\u0259dri M\u0259leyk\u0259 Abbaszad\u0259 II v\u0259 III ixtisas qrupu \u00fczr\u0259 ixtisas se\u00e7imi ed\u0259c\u0259k abituriyentl\u0259r\u0259 diqq\u0259t yetirm\u0259li olduqlar\u0131 m\u0259s\u0259l\u0259l\u0259r haqq\u0131nda m\u0259lumat ver\u0259rk\u0259n deyib.<\/p>\n<p>M\u0259leyk\u0259 Abbaszad\u0259 xat\u0131rlad\u0131b ki, \u201cAz\u0259rbaycan Respublikas\u0131nda ali v\u0259 orta ixtisas t\u0259hsili m\u00fc\u0259ssis\u0259l\u0259rin\u0259 t\u0259l\u0259b\u0259 q\u0259bulu imtahanlar\u0131n\u0131n t\u0259\u015fkilinin t\u0259nziml\u0259nm\u0259si il\u0259 ba\u011fl\u0131 \u0259lav\u0259 t\u0259dbirl\u0259r haqq\u0131nda\u201d Az\u0259rbaycan Respublikas\u0131 Prezidentinin 2017-ci il 24 fevral tarixli S\u0259r\u0259ncam\u0131nda d\u0259yi\u015fiklik edilm\u0259si bar\u0259d\u0259 Az\u0259rbaycan Respublikas\u0131 Prezidentinin 2021-ci il 7 may tarixli S\u0259r\u0259ncam\u0131na \u0259sas\u0259n m\u00fcvafiq kateqoriyadan olan Az\u0259rbaycan Respublikas\u0131 v\u0259t\u0259nda\u015flar\u0131n\u0131n (yaln\u0131z \u00fcmumi t\u0259hsil m\u00fc\u0259ssis\u0259l\u0259rini bitir\u0259n) q\u0259bul imtahan\u0131nda (b\u00fct\u00fcn m\u0259rh\u0259l\u0259 v\u0259 c\u0259hdl\u0259r \u00fczr\u0259) i\u015ftirak\u0131 d\u00f6vl\u0259t b\u00fcdc\u0259sinin v\u0259saiti hesab\u0131na h\u0259yata ke\u00e7irilir:<\/p>\n<p>&#8211; Az\u0259rbaycan Respublikas\u0131n\u0131n \u0259razi b\u00fct\u00f6vl\u00fcy\u00fcn\u00fcn, m\u00fcst\u0259qilliyinin v\u0259 konstitusiya qurulu\u015funun m\u00fcdafi\u0259si il\u0259 \u0259laq\u0259dar \u0259lilliyi m\u00fc\u0259yy\u0259n edilmi\u015f \u015f\u0259xsl\u0259rin u\u015faqlar\u0131;<\/p>\n<p>&#8211; \u015f\u0259hid ail\u0259sinin \u00fczvl\u0259ri;<\/p>\n<p>&#8211; valideynl\u0259rini itirmi\u015f v\u0259 valideyn himay\u0259sind\u0259n m\u0259hrum olmu\u015f u\u015faqlar;<\/p>\n<p>&#8211; m\u0259cburi k\u00f6\u00e7k\u00fcn statusu olan \u015f\u0259xsl\u0259r;<\/p>\n<p>&#8211; I v\u0259 II d\u0259r\u0259c\u0259 \u0259lilliyi m\u00fc\u0259yy\u0259n edilmi\u015f \u015f\u0259xsl\u0259r, o c\u00fcml\u0259d\u0259n sa\u011flaml\u0131q imkanlar\u0131 m\u0259hdud 18 ya\u015f\u0131nad\u0259k u\u015faqlar.<\/p>\n<p>M.Abbaszad\u0259, el\u0259c\u0259 d\u0259 T\u0259hsil T\u0259l\u0259b\u0259 Krediti Fondunun yarad\u0131ld\u0131\u011f\u0131n\u0131 xat\u0131rlad\u0131b.<\/p>\n<p>Qeyd ed\u0259k ki, ixtisas se\u00e7imi avqustun 20-d\u0259n ba\u015flan\u0131b v\u0259 30-d\u0259k davam ed\u0259c\u0259k.<\/p>\n","protected":false},"excerpt":{"rendered":"<p>Bu il \u00f6d\u0259ni\u015fsiz t\u0259hsil almaq \u00fc\u00e7\u00fcn yeni imkanlar yarad\u0131l\u0131b &#8220;\u0130NFONEWS&#8221; x\u0259b\u0259r verir. \u0130xtisas se\u00e7imi zaman\u0131 15 ixtisas\u0131 se\u00e7m\u0259k vacib deyil. Abituriyent 5 ixtisas da se\u00e7\u0259 bil\u0259r, 3 ixtisas da. H\u0259m\u00e7inin&hellip; <\/p>\n","protected":false},"author":14,"featured_media":11703,"comment_status":"open","ping_status":"open","sticky":false,"template":"","format":"standard","meta":{"_mi_skip_tracking":false,"_monsterinsights_sitenote_active":false,"_monsterinsights_sitenote_note":"","_monsterinsights_sitenote_category":0,"footnotes":""},"categories":[4,11,3],"tags":[1144,15,4790],"aioseo_notices":[],"_links":{"self":[{"href":"https:\/\/infonews.az\/index.php?rest_route=\/wp\/v2\/posts\/11702"}],"collection":[{"href":"https:\/\/infonews.az\/index.php?rest_route=\/wp\/v2\/posts"}],"about":[{"href":"https:\/\/infonews.az\/index.php?rest_route=\/wp\/v2\/types\/post"}],"author":[{"embeddable":true,"href":"https:\/\/infonews.az\/index.php?rest_route=\/wp\/v2\/users\/14"}],"replies":[{"embeddable":true,"href":"https:\/\/infonews.az\/index.php?rest_route=%2Fwp%2Fv2%2Fcomments&post=11702"}],"version-history":[{"count":1,"href":"https:\/\/infonews.az\/index.php?rest_route=\/wp\/v2\/posts\/11702\/revisions"}],"predecessor-version":[{"id":11704,"href":"https:\/\/infonews.az\/index.php?rest_route=\/wp\/v2\/posts\/11702\/revisions\/11704"}],"wp:featuredmedia":[{"embeddable":true,"href":"https:\/\/infonews.az\/index.php?rest_route=\/wp\/v2\/media\/11703"}],"wp:attachment":[{"href":"https:\/\/infonews.az\/index.php?rest_route=%2Fwp%2Fv2%2Fmedia&parent=11702"}],"wp:term":[{"taxonomy":"category","embeddable":true,"href":"https:\/\/infonews.az\/index.php?rest_route=%2Fwp%2Fv2%2Fcategories&post=11702"},{"taxonomy":"post_tag","embeddable":true,"href":"https:\/\/infonews.az\/index.php?rest_route=%2Fwp%2Fv2%2Ftags&post=11702"}],"curies":[{"name":"wp","href":"https:\/\/api.w.org\/{rel}","templated":true}]}}