{"id":11708,"date":"2021-08-24T08:11:52","date_gmt":"2021-08-24T04:11:52","guid":{"rendered":"https:\/\/infonews.az\/?p=11708"},"modified":"2021-08-24T12:20:44","modified_gmt":"2021-08-24T08:20:44","slug":"%c9%99fqan-miqrantlar-bakida-aksiya-kecirm%c9%99y%c9%99-c%c9%99hd-edibl%c9%99r","status":"publish","type":"post","link":"https:\/\/infonews.az\/?p=11708","title":{"rendered":"\u018ffqan miqrantlar Bak\u0131da aksiya ke\u00e7irm\u0259y\u0259 c\u0259hd edibl\u0259r"},"content":{"rendered":"<p class=\"news-title\"><span style=\"color: #ffffff\">\u018ffqan miqrantlar Bak\u0131da aksiya ke\u00e7irm\u0259y\u0259 c\u0259hd edibl\u0259r<\/span><\/p>\n<p><a href=\"https:\/\/infonews.az\/?p=11708\"><strong><span style=\"color: #ff0000\">&#8220;\u0130NFONEWS&#8221;<\/span><\/strong><\/a> &#8220;Report&#8221; -a istinad\u0259n x\u0259b\u0259r verir.<\/p>\n<p><strong>Az\u0259rbaycan Daxili \u0130\u015fl\u0259r Nazirliyi (D\u0130N) d\u00fcn\u0259n \u018ffqan\u0131standan Az\u0259rbaycana g\u0259l\u0259n miqrantlar\u0131n Bak\u0131da aksiya ke\u00e7irm\u0259y\u0259 c\u0259hd g\u00f6st\u0259rm\u0259si il\u0259 ba\u011fl\u0131 a\u00e7\u0131qlama verib.<\/strong><\/p>\n<p>Nazirliyin M\u0259tbuat Xidm\u0259tinin r\u0259isi, polis polkovniki Ehsan Zahidov deyib ki, t\u0259xmin\u0259n 40 n\u0259f\u0259r \u0259fqan miqrant icaz\u0259siz aksiya ke\u00e7irm\u0259y\u0259 c\u0259hd g\u00f6st\u0259rib.<\/p>\n<p>\u201cOnlar BMT Qa\u00e7q\u0131nlar \u00fczr\u0259 Ali Komissarl\u0131\u011f\u0131n\u0131n (BMT QAK) Az\u0259rbaycandak\u0131 N\u00fcmay\u0259nd\u0259liyinin onlara daha \u00e7ox diqq\u0259t yetirm\u0259sini t\u0259l\u0259b edibl\u0259r. Aksiya icaz\u0259siz \u015f\u0259kild\u0259 t\u0259\u015fkil olundu\u011fundan polis \u0259m\u0259kda\u015flar\u0131 onlarla profilaktik s\u00f6hb\u0259t apar\u0131b. Daha sonra is\u0259 aksiya i\u015ftirak\u00e7\u0131lar\u0131 \u0259razid\u0259n uzaqla\u015fd\u0131r\u0131l\u0131b\u201d, &#8211; E.Zahidov vur\u011fulay\u0131b.<\/p>\n","protected":false},"excerpt":{"rendered":"<p>\u018ffqan miqrantlar Bak\u0131da aksiya ke\u00e7irm\u0259y\u0259 c\u0259hd edibl\u0259r &#8220;\u0130NFONEWS&#8221; &#8220;Report&#8221; -a istinad\u0259n x\u0259b\u0259r verir. Az\u0259rbaycan Daxili \u0130\u015fl\u0259r Nazirliyi (D\u0130N) d\u00fcn\u0259n \u018ffqan\u0131standan Az\u0259rbaycana g\u0259l\u0259n miqrantlar\u0131n Bak\u0131da aksiya ke\u00e7irm\u0259y\u0259 c\u0259hd g\u00f6st\u0259rm\u0259si il\u0259 ba\u011fl\u0131&hellip; <\/p>\n","protected":false},"author":14,"featured_media":11709,"comment_status":"open","ping_status":"open","sticky":false,"template":"","format":"standard","meta":{"_mi_skip_tracking":false,"_monsterinsights_sitenote_active":false,"_monsterinsights_sitenote_note":"","_monsterinsights_sitenote_category":0,"footnotes":""},"categories":[5,6,11],"tags":[522,15],"aioseo_notices":[],"_links":{"self":[{"href":"https:\/\/infonews.az\/index.php?rest_route=\/wp\/v2\/posts\/11708"}],"collection":[{"href":"https:\/\/infonews.az\/index.php?rest_route=\/wp\/v2\/posts"}],"about":[{"href":"https:\/\/infonews.az\/index.php?rest_route=\/wp\/v2\/types\/post"}],"author":[{"embeddable":true,"href":"https:\/\/infonews.az\/index.php?rest_route=\/wp\/v2\/users\/14"}],"replies":[{"embeddable":true,"href":"https:\/\/infonews.az\/index.php?rest_route=%2Fwp%2Fv2%2Fcomments&post=11708"}],"version-history":[{"count":1,"href":"https:\/\/infonews.az\/index.php?rest_route=\/wp\/v2\/posts\/11708\/revisions"}],"predecessor-version":[{"id":11710,"href":"https:\/\/infonews.az\/index.php?rest_route=\/wp\/v2\/posts\/11708\/revisions\/11710"}],"wp:featuredmedia":[{"embeddable":true,"href":"https:\/\/infonews.az\/index.php?rest_route=\/wp\/v2\/media\/11709"}],"wp:attachment":[{"href":"https:\/\/infonews.az\/index.php?rest_route=%2Fwp%2Fv2%2Fmedia&parent=11708"}],"wp:term":[{"taxonomy":"category","embeddable":true,"href":"https:\/\/infonews.az\/index.php?rest_route=%2Fwp%2Fv2%2Fcategories&post=11708"},{"taxonomy":"post_tag","embeddable":true,"href":"https:\/\/infonews.az\/index.php?rest_route=%2Fwp%2Fv2%2Ftags&post=11708"}],"curies":[{"name":"wp","href":"https:\/\/api.w.org\/{rel}","templated":true}]}}