{"id":11807,"date":"2021-08-25T13:23:35","date_gmt":"2021-08-25T09:23:35","guid":{"rendered":"https:\/\/infonews.az\/?p=11807"},"modified":"2021-08-25T20:28:18","modified_gmt":"2021-08-25T16:28:18","slug":"erm%c9%99nistan-parlamentind%c9%99-bu-d%c9%99f%c9%99-d%c9%99-dava-dusdu","status":"publish","type":"post","link":"https:\/\/infonews.az\/?p=11807","title":{"rendered":"Erm\u0259nistan parlamentind\u0259 bu d\u0259f\u0259 d\u0259 dava d\u00fc\u015fd\u00fc"},"content":{"rendered":"<p><span style=\"color: #ffffff\">Erm\u0259nistan parlamentind\u0259 bu d\u0259f\u0259 d\u0259 dava d\u00fc\u015fd\u00fc<\/span><\/p>\n<p><a href=\"https:\/\/infonews.az\/?p=11807\"><strong><span style=\"color: #ff0000\">&#8220;\u0130NFONEWS&#8221;<\/span><\/strong><\/a> x\u0259b\u0259r verir.<\/p>\n<p><strong>N\u00f6vb\u0259ti dava s\u0259b\u0259bind\u0259n Erm\u0259nistan parlamentinin iclas\u0131nda m\u0259cburi fasil\u0259 elan olunub.<\/strong><\/p>\n<p>Erm\u0259nistan m\u0259tbuat\u0131n\u0131n yayd\u0131\u011f\u0131 m\u0259lumatlara g\u00f6r\u0259, buna s\u0259b\u0259b deputatlardan birinin ke\u00e7mi\u015f m\u00fcdafi\u0259 naziri, haz\u0131rda parlamentd\u0259 m\u00fcxalif\u0259t fraksiyas\u0131na r\u0259hb\u0259rlik ed\u0259n Seyran Ohanyan\u0131 dolay\u0131 yolla v\u0259t\u0259n xaini adland\u0131rmas\u0131 olub.<\/p>\n<p>Parlamentd\u0259 \u00e7oxluq t\u0259\u015fkil ed\u0259n \u201cV\u0259t\u0259nda\u015f Raz\u0131la\u015fmas\u0131\u201d fraksiyas\u0131nda t\u0259msil olunan mill\u0259t v\u0259kili Hayk Sarkisyan\u0131n \u00e7\u0131x\u0131\u015f\u0131 zaldak\u0131 m\u00fcxalif\u0259t t\u0259msil\u00e7il\u0259rini \u00f6zl\u0259rind\u0259n \u00e7\u0131xar\u0131b.<\/p>\n<p>\u0130qtidar partiyas\u0131ndan deputat Sarkisyan \u00e7\u0131x\u0131\u015f\u0131nda \u201cordudan uzaqla\u015fd\u0131r\u0131lan b\u00fct\u00fcn m\u00fcdafi\u0259 nazirl\u0259ri \u015f\u0259xsi hey\u0259tin harada h\u0259rbi xidm\u0259t etm\u0259l\u0259rini pul v\u0259 ya telefon vasit\u0259sil\u0259 m\u00fc\u0259yy\u0259nl\u0259\u015fdirm\u0259yi normaya \u00e7evirm\u0259kl\u0259 v\u0259t\u0259n\u0259 x\u0259yan\u0259t edibl\u0259r\u201d &#8211; dem\u0259si Ohanyan\u0131 v\u0259 onun partiya yolda\u015flar\u0131n\u0131 hidd\u0259tl\u0259ndirib.<\/p>\n","protected":false},"excerpt":{"rendered":"<p>Erm\u0259nistan parlamentind\u0259 bu d\u0259f\u0259 d\u0259 dava d\u00fc\u015fd\u00fc &#8220;\u0130NFONEWS&#8221; x\u0259b\u0259r verir. N\u00f6vb\u0259ti dava s\u0259b\u0259bind\u0259n Erm\u0259nistan parlamentinin iclas\u0131nda m\u0259cburi fasil\u0259 elan olunub. Erm\u0259nistan m\u0259tbuat\u0131n\u0131n yayd\u0131\u011f\u0131 m\u0259lumatlara g\u00f6r\u0259, buna s\u0259b\u0259b deputatlardan birinin ke\u00e7mi\u015f&hellip; <\/p>\n","protected":false},"author":14,"featured_media":11808,"comment_status":"open","ping_status":"open","sticky":false,"template":"","format":"standard","meta":{"_mi_skip_tracking":false,"_monsterinsights_sitenote_active":false,"_monsterinsights_sitenote_note":"","_monsterinsights_sitenote_category":0,"footnotes":""},"categories":[9,6,11],"tags":[4809,15],"aioseo_notices":[],"_links":{"self":[{"href":"https:\/\/infonews.az\/index.php?rest_route=\/wp\/v2\/posts\/11807"}],"collection":[{"href":"https:\/\/infonews.az\/index.php?rest_route=\/wp\/v2\/posts"}],"about":[{"href":"https:\/\/infonews.az\/index.php?rest_route=\/wp\/v2\/types\/post"}],"author":[{"embeddable":true,"href":"https:\/\/infonews.az\/index.php?rest_route=\/wp\/v2\/users\/14"}],"replies":[{"embeddable":true,"href":"https:\/\/infonews.az\/index.php?rest_route=%2Fwp%2Fv2%2Fcomments&post=11807"}],"version-history":[{"count":1,"href":"https:\/\/infonews.az\/index.php?rest_route=\/wp\/v2\/posts\/11807\/revisions"}],"predecessor-version":[{"id":11809,"href":"https:\/\/infonews.az\/index.php?rest_route=\/wp\/v2\/posts\/11807\/revisions\/11809"}],"wp:featuredmedia":[{"embeddable":true,"href":"https:\/\/infonews.az\/index.php?rest_route=\/wp\/v2\/media\/11808"}],"wp:attachment":[{"href":"https:\/\/infonews.az\/index.php?rest_route=%2Fwp%2Fv2%2Fmedia&parent=11807"}],"wp:term":[{"taxonomy":"category","embeddable":true,"href":"https:\/\/infonews.az\/index.php?rest_route=%2Fwp%2Fv2%2Fcategories&post=11807"},{"taxonomy":"post_tag","embeddable":true,"href":"https:\/\/infonews.az\/index.php?rest_route=%2Fwp%2Fv2%2Ftags&post=11807"}],"curies":[{"name":"wp","href":"https:\/\/api.w.org\/{rel}","templated":true}]}}