{"id":11818,"date":"2021-08-26T10:52:35","date_gmt":"2021-08-26T06:52:35","guid":{"rendered":"https:\/\/infonews.az\/?p=11818"},"modified":"2021-08-26T15:56:52","modified_gmt":"2021-08-26T11:56:52","slug":"az%c9%99rbaycan-tokioda-ilk-medalini-qazandi","status":"publish","type":"post","link":"https:\/\/infonews.az\/?p=11818","title":{"rendered":"Az\u0259rbaycan Tokioda ilk medal\u0131n\u0131 qazand\u0131"},"content":{"rendered":"<p><span style=\"color: #ffffff\">Az\u0259rbaycan Tokioda ilk\u00a0medal\u0131n\u0131 qazand\u0131<\/span><\/p>\n<p><a href=\"https:\/\/infonews.az\/?p=11818\"><strong><span style=\"color: #ff0000\">&#8220;\u0130NFONEWS&#8221;<\/span> <\/strong><\/a>x\u0259b\u0259r verir.<\/p>\n<blockquote><p><b>Az\u0259rbaycan idman\u00e7\u0131s\u0131 Tokio 2020 XVI Yay Paralimpiya Oyunlar\u0131nda ilk medal\u0131n\u0131 qazan\u0131b.<\/b><\/p><\/blockquote>\n<p>Bu bar\u0259d\u0259 Milli Paralimpiya Komit\u0259sind\u0259n m\u0259lumat verilib.<\/p>\n<p>Pauerliftiq idman n\u00f6v\u00fc \u00fczr\u0259 milli komandan\u0131n \u00fczv\u00fc P\u0259rvin M\u0259mm\u0259dov (-49 kq) 156 kq a\u011f\u0131rl\u0131q qald\u0131raraq, Tokio 2020 XVI Yay Paralimpiya Oyunlar\u0131n\u0131n b\u00fcr\u00fcnc medal\u0131n\u0131 qazan\u0131b.<\/p>\n<p>&#8220;Sevincimin h\u0259ddi, h\u00fcdudu yoxdur. Bu, d\u00fcn\u0259n\u0259 q\u0259d\u0259r m\u0259nim \u00fc\u00e7\u00fcn yuxu kimi idi. \u00c7ox sevinir\u0259m ki, Tokioda bayra\u011f\u0131m\u0131z\u0131 ucalda bildim. M\u0259\u015fq\u00e7imizl\u0259 \u0259ziyy\u0259t \u00e7ox \u0259ziyy\u0259t \u00e7\u0259kdik. \u015e\u00fck\u00fcr Allaha, \u0259ziyy\u0259timiz yerd\u0259 qalmad\u0131&#8221;, &#8211; dey\u0259 P\u0259rvin M\u0259mm\u0259dov bildirib.<\/p>\n","protected":false},"excerpt":{"rendered":"<p>Az\u0259rbaycan Tokioda ilk\u00a0medal\u0131n\u0131 qazand\u0131 &#8220;\u0130NFONEWS&#8221; x\u0259b\u0259r verir. Az\u0259rbaycan idman\u00e7\u0131s\u0131 Tokio 2020 XVI Yay Paralimpiya Oyunlar\u0131nda ilk medal\u0131n\u0131 qazan\u0131b. Bu bar\u0259d\u0259 Milli Paralimpiya Komit\u0259sind\u0259n m\u0259lumat verilib. Pauerliftiq idman n\u00f6v\u00fc \u00fczr\u0259 milli&hellip; <\/p>\n","protected":false},"author":14,"featured_media":11819,"comment_status":"open","ping_status":"open","sticky":false,"template":"","format":"standard","meta":{"_mi_skip_tracking":false,"_monsterinsights_sitenote_active":false,"_monsterinsights_sitenote_note":"","_monsterinsights_sitenote_category":0,"footnotes":""},"categories":[4,58,11],"tags":[4085,15],"aioseo_notices":[],"_links":{"self":[{"href":"https:\/\/infonews.az\/index.php?rest_route=\/wp\/v2\/posts\/11818"}],"collection":[{"href":"https:\/\/infonews.az\/index.php?rest_route=\/wp\/v2\/posts"}],"about":[{"href":"https:\/\/infonews.az\/index.php?rest_route=\/wp\/v2\/types\/post"}],"author":[{"embeddable":true,"href":"https:\/\/infonews.az\/index.php?rest_route=\/wp\/v2\/users\/14"}],"replies":[{"embeddable":true,"href":"https:\/\/infonews.az\/index.php?rest_route=%2Fwp%2Fv2%2Fcomments&post=11818"}],"version-history":[{"count":1,"href":"https:\/\/infonews.az\/index.php?rest_route=\/wp\/v2\/posts\/11818\/revisions"}],"predecessor-version":[{"id":11820,"href":"https:\/\/infonews.az\/index.php?rest_route=\/wp\/v2\/posts\/11818\/revisions\/11820"}],"wp:featuredmedia":[{"embeddable":true,"href":"https:\/\/infonews.az\/index.php?rest_route=\/wp\/v2\/media\/11819"}],"wp:attachment":[{"href":"https:\/\/infonews.az\/index.php?rest_route=%2Fwp%2Fv2%2Fmedia&parent=11818"}],"wp:term":[{"taxonomy":"category","embeddable":true,"href":"https:\/\/infonews.az\/index.php?rest_route=%2Fwp%2Fv2%2Fcategories&post=11818"},{"taxonomy":"post_tag","embeddable":true,"href":"https:\/\/infonews.az\/index.php?rest_route=%2Fwp%2Fv2%2Ftags&post=11818"}],"curies":[{"name":"wp","href":"https:\/\/api.w.org\/{rel}","templated":true}]}}