{"id":11837,"date":"2021-08-26T11:54:23","date_gmt":"2021-08-26T07:54:23","guid":{"rendered":"https:\/\/infonews.az\/?p=11837"},"modified":"2021-08-26T17:41:17","modified_gmt":"2021-08-26T13:41:17","slug":"leyla-%c9%99liyeva-instaqram-hesabinda-birinci-vitse-prezident-mehriban-%c9%99liyeva-il%c9%99-bagli-video-paylasib","status":"publish","type":"post","link":"https:\/\/infonews.az\/?p=11837","title":{"rendered":"Leyla \u018fliyeva \u0130nstaqram hesab\u0131nda Birinci vitse-prezident Mehriban \u018fliyeva il\u0259 ba\u011fl\u0131 video payla\u015f\u0131b"},"content":{"rendered":"<p class=\"content-title\"><span style=\"color: #ffffff\">Leyla \u018fliyeva \u0130nstaqram hesab\u0131nda Birinci vitse-prezident\u00a0Mehriban \u018fliyeva il\u0259 ba\u011fl\u0131 video payla\u015f\u0131b<\/span><\/p>\n<p><a href=\"https:\/\/infonews.az\/?p=11837\"><strong><span style=\"color: #ff0000\">&#8220;\u0130NFONEWS&#8221;<\/span><\/strong><\/a> x\u0259b\u0259r verir.<\/p>\n<p><strong>Heyd\u0259r \u018fliyev Fondunun vitse-prezidenti Leyla \u018fliyeva \u0130nstaqram hesab\u0131nda anas\u0131, Az\u0259rbaycan Respublikas\u0131n\u0131n Birinci vitse-prezidenti Mehriban \u018fliyeva il\u0259 ba\u011fl\u0131 video payla\u015f\u0131b.<\/strong><\/p>\n<p>Videog\u00f6r\u00fcnt\u00fcl\u0259rd\u0259 birinci xan\u0131m Mehriban \u018fliyevan\u0131n u\u015faql\u0131q, g\u0259nclik ill\u0259rini, el\u0259c\u0259 d\u0259 ictimai-siyasi f\u0259aliyy\u0259tini \u00f6z\u00fcnd\u0259 \u0259ks etdir\u0259n fotolar yer al\u0131b.<\/p>\n<p>Videonu t\u0259qdim edirik.<\/p>\n<div class=\"tgme_widget_message_link accent_color\"><a class=\"link_anchor flex_ellipsis\" href=\"https:\/\/t.me\/Acevsmisle\/547\"><span class=\"ellipsis\">t.me\/Acevsmisle<\/span>\/547<\/a><\/div>\n<div><\/div>\n<p>&nbsp;<\/p>\n","protected":false},"excerpt":{"rendered":"<p>Leyla \u018fliyeva \u0130nstaqram hesab\u0131nda Birinci vitse-prezident\u00a0Mehriban \u018fliyeva il\u0259 ba\u011fl\u0131 video payla\u015f\u0131b &#8220;\u0130NFONEWS&#8221; x\u0259b\u0259r verir. Heyd\u0259r \u018fliyev Fondunun vitse-prezidenti Leyla \u018fliyeva \u0130nstaqram hesab\u0131nda anas\u0131, Az\u0259rbaycan Respublikas\u0131n\u0131n Birinci vitse-prezidenti Mehriban \u018fliyeva il\u0259&hellip; <\/p>\n","protected":false},"author":14,"featured_media":11838,"comment_status":"open","ping_status":"open","sticky":false,"template":"","format":"standard","meta":{"_mi_skip_tracking":false,"_monsterinsights_sitenote_active":false,"_monsterinsights_sitenote_note":"","_monsterinsights_sitenote_category":0,"footnotes":""},"categories":[4,11,50,3394],"tags":[962,15],"aioseo_notices":[],"_links":{"self":[{"href":"https:\/\/infonews.az\/index.php?rest_route=\/wp\/v2\/posts\/11837"}],"collection":[{"href":"https:\/\/infonews.az\/index.php?rest_route=\/wp\/v2\/posts"}],"about":[{"href":"https:\/\/infonews.az\/index.php?rest_route=\/wp\/v2\/types\/post"}],"author":[{"embeddable":true,"href":"https:\/\/infonews.az\/index.php?rest_route=\/wp\/v2\/users\/14"}],"replies":[{"embeddable":true,"href":"https:\/\/infonews.az\/index.php?rest_route=%2Fwp%2Fv2%2Fcomments&post=11837"}],"version-history":[{"count":1,"href":"https:\/\/infonews.az\/index.php?rest_route=\/wp\/v2\/posts\/11837\/revisions"}],"predecessor-version":[{"id":11839,"href":"https:\/\/infonews.az\/index.php?rest_route=\/wp\/v2\/posts\/11837\/revisions\/11839"}],"wp:featuredmedia":[{"embeddable":true,"href":"https:\/\/infonews.az\/index.php?rest_route=\/wp\/v2\/media\/11838"}],"wp:attachment":[{"href":"https:\/\/infonews.az\/index.php?rest_route=%2Fwp%2Fv2%2Fmedia&parent=11837"}],"wp:term":[{"taxonomy":"category","embeddable":true,"href":"https:\/\/infonews.az\/index.php?rest_route=%2Fwp%2Fv2%2Fcategories&post=11837"},{"taxonomy":"post_tag","embeddable":true,"href":"https:\/\/infonews.az\/index.php?rest_route=%2Fwp%2Fv2%2Ftags&post=11837"}],"curies":[{"name":"wp","href":"https:\/\/api.w.org\/{rel}","templated":true}]}}