{"id":11875,"date":"2021-08-27T14:07:58","date_gmt":"2021-08-27T10:07:58","guid":{"rendered":"https:\/\/infonews.az\/?p=11875"},"modified":"2021-08-27T14:56:53","modified_gmt":"2021-08-27T10:56:53","slug":"aqil-abbas-biz%c9%99-s%c9%99hiyy%c9%99-naziri-lazimdirmi","status":"publish","type":"post","link":"https:\/\/infonews.az\/?p=11875","title":{"rendered":"Aqil Abbas: &#8220;Biz\u0259 s\u0259hiyy\u0259 naziri laz\u0131md\u0131rm\u0131?!&#8221;"},"content":{"rendered":"<p><span style=\"color: #ffffff\">Aqil Abbas: &#8220;Biz\u0259 s\u0259hiyy\u0259 naziri laz\u0131md\u0131rm\u0131?!&#8221;<\/span><\/p>\n<p><a href=\"https:\/\/infonews.az\/?p=11875\"><strong><span style=\"color: #ff0000\">&#8220;\u0130NFONEWS&#8221;<\/span><\/strong><\/a> &#8220;Adalet.az&#8221; -a istinad\u0259n x\u0259b\u0259r verir.<\/p>\n<blockquote><p><strong>B\u0130Z\u018f S\u018fH\u0130YY\u018f NAZ\u0130R\u0130 LAZIMDIRMI?!<\/strong><\/p><\/blockquote>\n<p>5 ayd\u0131r s\u0259hiyy\u0259 naziri Oqtay \u015eir\u0259liyev\u00a0 v\u0259zif\u0259d\u0259n g\u00f6t\u00fcr\u00fcl\u00fcb v\u0259 kreslosu bo\u015fdur.\u00a0 Bu kreslonun dolulu\u011fu bilinm\u0259diyi kimi, bo\u015flu\u011fu da\u00a0 he\u00e7 bilinmir. Arada d\u00f6vl\u0259t b\u00fcdc\u0259miz\u00a0 t\u0259xmin\u0259n bir 20 min manat\u00a0 ir\u0259li d\u00fc\u015f\u00fcb, y\u0259ni\u00a0 nazir maa\u015f\u0131n\u0131 alan yoxdu.<\/p>\n<p>Deyir\u0259m, varl\u0131\u011f\u0131 il\u0259 yoxlu\u011fu bilinm\u0259diyin\u0259 g\u00f6r\u0259\u00a0 b\u0259lk\u0259 biz\u0259 he\u00e7\u00a0 s\u0259hiyy\u0259 naziri laz\u0131m deyil? V\u0259 \u00fcmumiyy\u0259tl\u0259, he\u00e7\u00a0 S\u0259hiyy\u0259\u00a0 Nazirliyi\u00a0 laz\u0131m deyil?<\/p>\n<p>Dem\u0259li, s\u0259hiyy\u0259mizl\u0259 \u00fc\u00e7\u00a0 t\u0259\u015fkilat\u00a0 m\u0259\u015f\u011fuldur: T\u018fB\u0130B, Tibbi S\u0131\u011forta\u00a0 v\u0259 S\u0259hiyy\u0259\u00a0 Nazirliyi.\u00a0 B\u00f6y\u00fck-b\u00f6y\u00fck\u00a0 nazirlikl\u0259ri\u00a0 v\u0259 komit\u0259l\u0259ri bir nazirlikd\u0259 birl\u0259\u015fdirdiyimiz halda, bir nazirliyi\u00a0 \u00fc\u00e7 yer\u0259 b\u00f6lm\u00fc\u015f\u00fck. O nazirliyi ki\u00a0 s\u0259hiyy\u0259ni el\u0259 bir g\u00fcn\u0259 qoyublar ki, h\u0259m\u00a0 \u00f6zl\u0259ri, h\u0259m d\u0259 y\u00fcks\u0259k v\u0259zif\u0259li\u00a0 d\u00f6vl\u0259t m\u0259murlar\u0131\u00a0 bu\u00a0 nazirliy\u0259 etibar etmir, xaric\u0259 m\u00fcalic\u0259y\u0259 gedir.<\/p>\n<p>Bir d\u0259f\u0259 Oqtay \u015eir\u0259liyev\u0259 hans\u0131sa\u00a0 q\u0259zet hans\u0131sa bir\u00a0 m\u0259s\u0259l\u0259 il\u0259 ba\u011fl\u0131\u00a0 z\u0259ng etmi\u015fdi, cavab vermi\u015fdi ki,\u00a0 Almaniyada\u00a0 m\u00fcalic\u0259d\u0259y\u0259m, g\u0259l\u0259nd\u0259\u00a0 dan\u0131\u015far\u0131q.<\/p>\n<p>Dem\u0259li, T\u0259cili Yard\u0131m\u0131\u00a0 vermi\u015fdil\u0259r T\u018fB\u0130B-\u0259. Sonra S\u0259hiyy\u0259 Nazirliyi\u00a0\u00a0 maya\u00a0 qoydu, ald\u0131lar\u00a0 verdil\u0259r S\u0259hiyy\u0259 Nazirliyin\u0259. Maraql\u0131d\u0131r, el\u0259 deyilmi?<\/p>\n<p>Bu g\u00fcn pandemiya\u00a0 il\u0259 m\u00fcbariz\u0259\u00a0 aparan\u00a0 \u0259sas\u00a0 t\u0259\u015fkilat\u00a0 T\u018fB\u0130B-dir. Ham\u0131\u00a0 T\u018fB\u0130B-d\u0259n umur, k\u00fcs\u00fcr. S\u0259hiyy\u0259 Nazirliyi bar\u0259d\u0259\u00a0 bir k\u0259lm\u0259\u00a0 d\u0259 yazan yoxdur, \u00e7\u00fcnki\u00a0 olmayan \u015fey bar\u0259d\u0259\u00a0 n\u0259\u00a0 yazs\u0131nlar?<\/p>\n<p>B\u0259lk\u0259 nazirliyin\u00a0 b\u00fct\u00fcn\u00a0 s\u0259lahiyy\u0259tl\u0259ri\u00a0 T\u018fB\u0130B-\u0259 verilsin, g\u00f6r\u00fcn\u00a0 onda d\u00f6vl\u0259t b\u00fcdc\u0259si\u00a0 n\u0259 q\u0259d\u0259r\u00a0 xeyir g\u00f6r\u0259c\u0259k.<\/p>\n<p>\u00d6lk\u0259d\u0259 islahatlar gedir, dedik\u00a0 bir\u00a0 t\u0259klifi d\u0259 biz ver\u0259k.<\/p>\n<p>Onu da qeyd edim ki, T\u018fB\u0130B-\u0259 he\u00e7 bir\u00a0 i\u015fim d\u00fc\u015fm\u0259yib, in\u015fallah da\u00a0 d\u00fc\u015fm\u0259z.\u00a0 Bunu\u00a0 harasa yozmay\u0131n.<\/p>\n","protected":false},"excerpt":{"rendered":"<p>Aqil Abbas: &#8220;Biz\u0259 s\u0259hiyy\u0259 naziri laz\u0131md\u0131rm\u0131?!&#8221; &#8220;\u0130NFONEWS&#8221; &#8220;Adalet.az&#8221; -a istinad\u0259n x\u0259b\u0259r verir. B\u0130Z\u018f S\u018fH\u0130YY\u018f NAZ\u0130R\u0130 LAZIMDIRMI?! 5 ayd\u0131r s\u0259hiyy\u0259 naziri Oqtay \u015eir\u0259liyev\u00a0 v\u0259zif\u0259d\u0259n g\u00f6t\u00fcr\u00fcl\u00fcb v\u0259 kreslosu bo\u015fdur.\u00a0 Bu kreslonun dolulu\u011fu&hellip; <\/p>\n","protected":false},"author":14,"featured_media":11876,"comment_status":"open","ping_status":"open","sticky":false,"template":"","format":"standard","meta":{"_mi_skip_tracking":false,"_monsterinsights_sitenote_active":false,"_monsterinsights_sitenote_note":"","_monsterinsights_sitenote_category":0,"footnotes":""},"categories":[4499,11],"tags":[4818,15],"aioseo_notices":[],"_links":{"self":[{"href":"https:\/\/infonews.az\/index.php?rest_route=\/wp\/v2\/posts\/11875"}],"collection":[{"href":"https:\/\/infonews.az\/index.php?rest_route=\/wp\/v2\/posts"}],"about":[{"href":"https:\/\/infonews.az\/index.php?rest_route=\/wp\/v2\/types\/post"}],"author":[{"embeddable":true,"href":"https:\/\/infonews.az\/index.php?rest_route=\/wp\/v2\/users\/14"}],"replies":[{"embeddable":true,"href":"https:\/\/infonews.az\/index.php?rest_route=%2Fwp%2Fv2%2Fcomments&post=11875"}],"version-history":[{"count":1,"href":"https:\/\/infonews.az\/index.php?rest_route=\/wp\/v2\/posts\/11875\/revisions"}],"predecessor-version":[{"id":11877,"href":"https:\/\/infonews.az\/index.php?rest_route=\/wp\/v2\/posts\/11875\/revisions\/11877"}],"wp:featuredmedia":[{"embeddable":true,"href":"https:\/\/infonews.az\/index.php?rest_route=\/wp\/v2\/media\/11876"}],"wp:attachment":[{"href":"https:\/\/infonews.az\/index.php?rest_route=%2Fwp%2Fv2%2Fmedia&parent=11875"}],"wp:term":[{"taxonomy":"category","embeddable":true,"href":"https:\/\/infonews.az\/index.php?rest_route=%2Fwp%2Fv2%2Fcategories&post=11875"},{"taxonomy":"post_tag","embeddable":true,"href":"https:\/\/infonews.az\/index.php?rest_route=%2Fwp%2Fv2%2Ftags&post=11875"}],"curies":[{"name":"wp","href":"https:\/\/api.w.org\/{rel}","templated":true}]}}