{"id":11919,"date":"2021-08-28T12:03:07","date_gmt":"2021-08-28T08:03:07","guid":{"rendered":"https:\/\/infonews.az\/?p=11919"},"modified":"2021-08-28T16:30:34","modified_gmt":"2021-08-28T12:30:34","slug":"niderlandin-leiden-universiteti-t%c9%99l%c9%99b%c9%99l%c9%99rl%c9%99-gorus-kecirilib","status":"publish","type":"post","link":"https:\/\/infonews.az\/?p=11919","title":{"rendered":"Niderland\u0131n Leiden Universiteti t\u0259l\u0259b\u0259l\u0259rl\u0259 g\u00f6r\u00fc\u015f ke\u00e7irilib"},"content":{"rendered":"<p><span style=\"color: #ffffff\">Niderland\u0131n Leiden Universiteti t\u0259l\u0259b\u0259l\u0259rl\u0259 g\u00f6r\u00fc\u015f ke\u00e7irilib<\/span><\/p>\n<p><img loading=\"lazy\" decoding=\"async\" class=\"aligncenter size-full wp-image-11921\" src=\"https:\/\/infonews.az\/wp-content\/uploads\/2021\/08\/16301369963507131705_1000x669.jpg\" alt=\"\" width=\"1000\" height=\"666\" srcset=\"https:\/\/infonews.az\/wp-content\/uploads\/2021\/08\/16301369963507131705_1000x669.jpg?v=1660870435 1000w, https:\/\/infonews.az\/wp-content\/uploads\/2021\/08\/16301369963507131705_1000x669-300x200.jpg?v=1660870435 300w, https:\/\/infonews.az\/wp-content\/uploads\/2021\/08\/16301369963507131705_1000x669-768x511.jpg?v=1660870435 768w\" sizes=\"(max-width: 1000px) 100vw, 1000px\" \/><\/p>\n<p><a href=\"https:\/\/infonews.az\/?p=11919\"><strong><span style=\"color: #ff0000\">&#8220;\u0130NFONEWS&#8221;<\/span><\/strong><\/a> AZ\u018fRTAC -a istinad\u0259n x\u0259b\u0259r verir.<\/p>\n<p><strong>Az\u0259rbaycan\u0131n Niderland Krall\u0131\u011f\u0131ndak\u0131 s\u0259firi Fikr\u0259t Axundov bu \u00f6lk\u0259nin Leiden Universitetinin t\u0259l\u0259b\u0259l\u0259ri il\u0259 g\u00f6r\u00fc\u015f\u00fcb.<\/strong><\/p>\n<p>Az\u0259rbaycan s\u0259firliyinin binas\u0131nda ke\u00e7iril\u0259n g\u00f6r\u00fc\u015fd\u0259 yerli v\u0259 \u0259cn\u0259bi t\u0259l\u0259b\u0259l\u0259r i\u015ftirak edibl\u0259r. G\u00f6r\u00fc\u015f Leiden Universitetinin \u0259cn\u0259bi t\u0259l\u0259b\u0259l\u0259r \u00fc\u00e7\u00fcn t\u0259\u015fkil edilmi\u015f adaptasiya proqram\u0131 \u00e7\u0259r\u00e7iv\u0259sind\u0259 t\u0259\u015fkil olunub.<\/p>\n<p>S\u0259fir F.Axundov t\u0259l\u0259b\u0259l\u0259r\u0259 Az\u0259rbaycan\u0131n tarixi, m\u0259d\u0259niyy\u0259ti, el\u0259c\u0259 d\u0259 Erm\u0259nistan\u0131n \u00f6lk\u0259miz\u0259 qar\u015f\u0131 i\u015f\u011fal\u00e7\u0131l\u0131q siyas\u0259ti haqq\u0131nda m\u0259lumat verib. M\u00fcz\u0259ff\u0259r Ali Ba\u015f Komandan \u0130lham \u018fliyevin r\u0259hb\u0259rliyi il\u0259 \u015fanl\u0131 Az\u0259rbaycan Ordusunun 44 g\u00fcnl\u00fck V\u0259t\u0259n m\u00fcharib\u0259sind\u0259 torpaqlar\u0131m\u0131z\u0131 azad etm\u0259sind\u0259n, Niderland\u0131n b\u0259zi K\u0130V-ind\u0259 \u00f6lk\u0259miz\u0259 qar\u015f\u0131 q\u0259r\u0259zli v\u0259 feyk m\u0259lumatlar\u0131n yaz\u0131lmas\u0131ndan s\u00f6z a\u00e7\u0131l\u0131b.<\/p>\n<p>H\u0259m\u00e7inin g\u00f6r\u00fc\u015fd\u0259 Az\u0259rbaycan-Niderland m\u00fcnasib\u0259tl\u0259rin\u0259 toxunulub. T\u0259l\u0259b\u0259l\u0259r\u0259 \u00f6lk\u0259mizl\u0259 ba\u011fl\u0131 videomateriallar n\u00fcmayi\u015f olunub. Diplomatiya, s\u0259firliyin f\u0259aliyy\u0259ti, Az\u0259rbaycan-Niderland m\u00fcnasib\u0259tl\u0259rind\u0259 prioritetl\u0259rd\u0259n dan\u0131\u015f\u0131l\u0131b.<\/p>\n<p>Sonda t\u0259l\u0259b\u0259l\u0259rin suallar\u0131 cavabland\u0131r\u0131l\u0131b.<\/p>\n<p><img loading=\"lazy\" decoding=\"async\" class=\"aligncenter size-full wp-image-11920\" src=\"https:\/\/infonews.az\/wp-content\/uploads\/2021\/08\/16301369965262225577_1000x669.jpg\" alt=\"\" width=\"1000\" height=\"666\" srcset=\"https:\/\/infonews.az\/wp-content\/uploads\/2021\/08\/16301369965262225577_1000x669.jpg?v=1660870435 1000w, https:\/\/infonews.az\/wp-content\/uploads\/2021\/08\/16301369965262225577_1000x669-300x200.jpg?v=1660870435 300w, https:\/\/infonews.az\/wp-content\/uploads\/2021\/08\/16301369965262225577_1000x669-768x511.jpg?v=1660870435 768w\" sizes=\"(max-width: 1000px) 100vw, 1000px\" \/><\/p>\n","protected":false},"excerpt":{"rendered":"<p>Niderland\u0131n Leiden Universiteti t\u0259l\u0259b\u0259l\u0259rl\u0259 g\u00f6r\u00fc\u015f ke\u00e7irilib &#8220;\u0130NFONEWS&#8221; AZ\u018fRTAC -a istinad\u0259n x\u0259b\u0259r verir. Az\u0259rbaycan\u0131n Niderland Krall\u0131\u011f\u0131ndak\u0131 s\u0259firi Fikr\u0259t Axundov bu \u00f6lk\u0259nin Leiden Universitetinin t\u0259l\u0259b\u0259l\u0259ri il\u0259 g\u00f6r\u00fc\u015f\u00fcb. Az\u0259rbaycan s\u0259firliyinin binas\u0131nda ke\u00e7iril\u0259n g\u00f6r\u00fc\u015fd\u0259&hellip; <\/p>\n","protected":false},"author":14,"featured_media":11922,"comment_status":"open","ping_status":"open","sticky":false,"template":"","format":"standard","meta":{"_mi_skip_tracking":false,"_monsterinsights_sitenote_active":false,"_monsterinsights_sitenote_note":"","_monsterinsights_sitenote_category":0,"footnotes":""},"categories":[4,6,11],"tags":[15,4825],"aioseo_notices":[],"_links":{"self":[{"href":"https:\/\/infonews.az\/index.php?rest_route=\/wp\/v2\/posts\/11919"}],"collection":[{"href":"https:\/\/infonews.az\/index.php?rest_route=\/wp\/v2\/posts"}],"about":[{"href":"https:\/\/infonews.az\/index.php?rest_route=\/wp\/v2\/types\/post"}],"author":[{"embeddable":true,"href":"https:\/\/infonews.az\/index.php?rest_route=\/wp\/v2\/users\/14"}],"replies":[{"embeddable":true,"href":"https:\/\/infonews.az\/index.php?rest_route=%2Fwp%2Fv2%2Fcomments&post=11919"}],"version-history":[{"count":2,"href":"https:\/\/infonews.az\/index.php?rest_route=\/wp\/v2\/posts\/11919\/revisions"}],"predecessor-version":[{"id":11924,"href":"https:\/\/infonews.az\/index.php?rest_route=\/wp\/v2\/posts\/11919\/revisions\/11924"}],"wp:featuredmedia":[{"embeddable":true,"href":"https:\/\/infonews.az\/index.php?rest_route=\/wp\/v2\/media\/11922"}],"wp:attachment":[{"href":"https:\/\/infonews.az\/index.php?rest_route=%2Fwp%2Fv2%2Fmedia&parent=11919"}],"wp:term":[{"taxonomy":"category","embeddable":true,"href":"https:\/\/infonews.az\/index.php?rest_route=%2Fwp%2Fv2%2Fcategories&post=11919"},{"taxonomy":"post_tag","embeddable":true,"href":"https:\/\/infonews.az\/index.php?rest_route=%2Fwp%2Fv2%2Ftags&post=11919"}],"curies":[{"name":"wp","href":"https:\/\/api.w.org\/{rel}","templated":true}]}}