{"id":11928,"date":"2021-08-28T15:20:29","date_gmt":"2021-08-28T11:20:29","guid":{"rendered":"https:\/\/infonews.az\/?p=11928"},"modified":"2021-08-28T16:51:26","modified_gmt":"2021-08-28T12:51:26","slug":"az%c9%99rbaycanin-su-t%c9%99minatinin-muasir-probleml%c9%99ri-elmi-konfrans","status":"publish","type":"post","link":"https:\/\/infonews.az\/?p=11928","title":{"rendered":"&#8220;Az\u0259rbaycan\u0131n su t\u0259minat\u0131n\u0131n m\u00fcasir probleml\u0259ri&#8221; &#8211; Elmi Konfrans"},"content":{"rendered":"<p><span style=\"color: #ffffff\">&#8220;Az\u0259rbaycan\u0131n su t\u0259minat\u0131n\u0131n m\u00fcasir probleml\u0259ri&#8221;-Elmi Konfrans<\/span><\/p>\n<p><a href=\"https:\/\/infonews.az\/?p=11928\"><strong><span style=\"color: #ff0000\">&#8220;\u0130NFONEWS&#8221;<\/span><\/strong><\/a> x\u0259b\u0259r verir.<\/p>\n<blockquote><p><strong>Oktyabr\u0131n 6-7-d\u0259 ke\u00e7iril\u0259c\u0259k \u201cAz\u0259rbaycan\u0131n su t\u0259minat\u0131n\u0131n m\u00fcasir probleml\u0259ri\u201d m\u00f6vzusunda respublika elmi-praktik konfrans\u0131na haz\u0131rl\u0131q i\u015fl\u0259ri davam edir. Konfrans \u018fm\u0259kdar elm xadimi, co\u011frafiya elml\u0259ri doktoru, professor Saleh R\u00fcst\u0259movun anadan olmas\u0131n\u0131n 110 illiyin\u0259 h\u0259sr edil\u0259c\u0259k.<\/strong><\/p><\/blockquote>\n<p>T\u0259dbirin t\u0259\u015fkilat\u00e7\u0131lar\u0131 akademik H\u0259s\u0259n \u018fliyev ad\u0131na Co\u011frafiya \u0130nstitutu, \u201cAz\u0259rsu\u201d ASC, Az\u0259rbaycan Meliorasiya v\u0259 Su T\u0259s\u0259rr\u00fcfat\u0131 ASC, UNESCO-nun Beyn\u0259lxalq Hidroloji Proqram\u0131 \u00fczr\u0259 Az\u0259rbaycan Milli Komit\u0259si, Az\u0259rbaycan Co\u011frafiya C\u0259miyy\u0259ti v\u0259 \u201cSudan istifad\u0259 sah\u0259sind\u0259 m\u00fct\u0259x\u0259ssisl\u0259r\u201d \u0130ctimai Birliyidir.<\/p>\n<p>\u0130nstitutdan bildirilib ki, konfransda Az\u0259rbaycanda \u00e7aylar\u0131n rejim x\u00fcsusiyy\u0259tl\u0259ri v\u0259 su ehtiyatlar\u0131n\u0131n \u00f6yr\u0259nilm\u0259sind\u0259, h\u0259m\u00e7inin hidrologiya sah\u0259sind\u0259 \u00e7oxsayl\u0131 kadrlar\u0131n haz\u0131rlanmas\u0131nda m\u00fcst\u0259sna xidm\u0259tl\u0259ri olmu\u015f Saleh R\u00fcst\u0259movun formala\u015fd\u0131rd\u0131\u011f\u0131 elmi istiqam\u0259tl\u0259r \u00fczr\u0259 m\u00f6vcud v\u0259ziyy\u0259t t\u0259hlil edil\u0259c\u0259k.<\/p>\n<p>Konfransda \u201cAz\u0259rbaycan\u0131n su ehtiyatlar\u0131n\u0131n m\u00fcasir v\u0259ziyy\u0259ti v\u0259 idar\u0259 olunmas\u0131\u201d, \u201cQaraba\u011f \u0259razisinin m\u00fcasir hidrometeoroloji probleml\u0259ri\u201d, \u201cRegional iqlim d\u0259yi\u015fm\u0259l\u0259ri v\u0259 onlar\u0131n su ehtiyatlar\u0131na t\u0259siri\u201d, \u201c\u018ftraf m\u00fchit v\u0259 dayan\u0131ql\u0131 inki\u015faf\u201d m\u00f6vzular\u0131 \u00fczr\u0259 m\u0259ruz\u0259l\u0259r dinl\u0259nil\u0259c\u0259k.<\/p>\n","protected":false},"excerpt":{"rendered":"<p>&#8220;Az\u0259rbaycan\u0131n su t\u0259minat\u0131n\u0131n m\u00fcasir probleml\u0259ri&#8221;-Elmi Konfrans &#8220;\u0130NFONEWS&#8221; x\u0259b\u0259r verir. Oktyabr\u0131n 6-7-d\u0259 ke\u00e7iril\u0259c\u0259k \u201cAz\u0259rbaycan\u0131n su t\u0259minat\u0131n\u0131n m\u00fcasir probleml\u0259ri\u201d m\u00f6vzusunda respublika elmi-praktik konfrans\u0131na haz\u0131rl\u0131q i\u015fl\u0259ri davam edir. Konfrans \u018fm\u0259kdar elm xadimi, co\u011frafiya&hellip; <\/p>\n","protected":false},"author":14,"featured_media":11929,"comment_status":"open","ping_status":"open","sticky":false,"template":"","format":"standard","meta":{"_mi_skip_tracking":false,"_monsterinsights_sitenote_active":false,"_monsterinsights_sitenote_note":"","_monsterinsights_sitenote_category":0,"footnotes":""},"categories":[11,3],"tags":[4827,15],"aioseo_notices":[],"_links":{"self":[{"href":"https:\/\/infonews.az\/index.php?rest_route=\/wp\/v2\/posts\/11928"}],"collection":[{"href":"https:\/\/infonews.az\/index.php?rest_route=\/wp\/v2\/posts"}],"about":[{"href":"https:\/\/infonews.az\/index.php?rest_route=\/wp\/v2\/types\/post"}],"author":[{"embeddable":true,"href":"https:\/\/infonews.az\/index.php?rest_route=\/wp\/v2\/users\/14"}],"replies":[{"embeddable":true,"href":"https:\/\/infonews.az\/index.php?rest_route=%2Fwp%2Fv2%2Fcomments&post=11928"}],"version-history":[{"count":1,"href":"https:\/\/infonews.az\/index.php?rest_route=\/wp\/v2\/posts\/11928\/revisions"}],"predecessor-version":[{"id":11930,"href":"https:\/\/infonews.az\/index.php?rest_route=\/wp\/v2\/posts\/11928\/revisions\/11930"}],"wp:featuredmedia":[{"embeddable":true,"href":"https:\/\/infonews.az\/index.php?rest_route=\/wp\/v2\/media\/11929"}],"wp:attachment":[{"href":"https:\/\/infonews.az\/index.php?rest_route=%2Fwp%2Fv2%2Fmedia&parent=11928"}],"wp:term":[{"taxonomy":"category","embeddable":true,"href":"https:\/\/infonews.az\/index.php?rest_route=%2Fwp%2Fv2%2Fcategories&post=11928"},{"taxonomy":"post_tag","embeddable":true,"href":"https:\/\/infonews.az\/index.php?rest_route=%2Fwp%2Fv2%2Ftags&post=11928"}],"curies":[{"name":"wp","href":"https:\/\/api.w.org\/{rel}","templated":true}]}}