{"id":11943,"date":"2021-08-28T17:42:55","date_gmt":"2021-08-28T13:42:55","guid":{"rendered":"https:\/\/infonews.az\/?p=11943"},"modified":"2021-08-28T17:42:55","modified_gmt":"2021-08-28T13:42:55","slug":"hulusi-akar-%c9%99m%c9%99kdasliga-gor%c9%99-az%c9%99rbaycana-t%c9%99s%c9%99kkur-etdi","status":"publish","type":"post","link":"https:\/\/infonews.az\/?p=11943","title":{"rendered":"Hulusi Akar \u0259m\u0259kda\u015fl\u0131\u011fa g\u00f6r\u0259 Az\u0259rbaycana t\u0259\u015f\u0259kk\u00fcr etdi"},"content":{"rendered":"<p><span style=\"color: #ffffff\">Hulusi Akar \u0259m\u0259kda\u015fl\u0131\u011fa g\u00f6r\u0259 Az\u0259rbaycana t\u0259\u015f\u0259kk\u00fcr etdi<\/span><\/p>\n<p><a href=\"https:\/\/infonews.az\/?p=11943\"><strong><span style=\"color: #ff0000\">&#8220;\u0130NFONEWS&#8221;<\/span> <\/strong><\/a>x\u0259b\u0259r verir.<\/p>\n<blockquote><p><b>T\u00fcrkiy\u0259nin m\u00fcdafi\u0259 naziri Hulusi Akar \u018ffqan\u0131standa s\u00fclhm\u0259raml\u0131 missiyadak\u0131 \u0259m\u0259kda\u015fl\u0131\u011fa g\u00f6r\u0259 Az\u0259rbaycana t\u0259\u015f\u0259kk\u00fcr edib.<\/b><\/p><\/blockquote>\n<p>Kabild\u0259n t\u0259xliy\u0259 edil\u0259n T\u00fcrkiy\u0259 s\u00fclhm\u0259raml\u0131lar\u0131 \u00fc\u00e7\u00fcn Ankarada t\u0259\u015fkil olunan m\u0259rasimd\u0259 \u00e7\u0131x\u0131\u015f ed\u0259n H. Akar T\u00fcrkiy\u0259 Silahl\u0131 Q\u00fcvv\u0259l\u0259rinin \u018ffqan\u0131standa indiy\u0259d\u0259k g\u00f6st\u0259rdiyi layiqli xidm\u0259t\u0259 g\u00f6r\u0259 t\u0259\u015f\u0259kk\u00fcr\u00fcn\u00fc bildirib v\u0259 onlar\u0131 t\u0259brik edib: \u201cKabild\u0259 h\u0259rbi q\u00fcvv\u0259l\u0259rimizl\u0259 birlikd\u0259 \u0259m\u0259kda\u015fl\u0131q ed\u0259n Az\u0259rbaycan h\u0259rb\u00e7il\u0259rin\u0259, nazirlikl\u0259r\u0259 v\u0259 qurumlara biz\u0259 verdikl\u0259ri d\u0259st\u0259y\u0259 g\u00f6r\u0259 t\u0259\u015f\u0259kk\u00fcr edir\u0259m\u201d.<\/p>\n","protected":false},"excerpt":{"rendered":"<p>Hulusi Akar \u0259m\u0259kda\u015fl\u0131\u011fa g\u00f6r\u0259 Az\u0259rbaycana t\u0259\u015f\u0259kk\u00fcr etdi &#8220;\u0130NFONEWS&#8221; x\u0259b\u0259r verir. T\u00fcrkiy\u0259nin m\u00fcdafi\u0259 naziri Hulusi Akar \u018ffqan\u0131standa s\u00fclhm\u0259raml\u0131 missiyadak\u0131 \u0259m\u0259kda\u015fl\u0131\u011fa g\u00f6r\u0259 Az\u0259rbaycana t\u0259\u015f\u0259kk\u00fcr edib. Kabild\u0259n t\u0259xliy\u0259 edil\u0259n T\u00fcrkiy\u0259 s\u00fclhm\u0259raml\u0131lar\u0131 \u00fc\u00e7\u00fcn Ankarada&hellip; <\/p>\n","protected":false},"author":14,"featured_media":11944,"comment_status":"open","ping_status":"open","sticky":false,"template":"","format":"standard","meta":{"_mi_skip_tracking":false,"_monsterinsights_sitenote_active":false,"_monsterinsights_sitenote_note":"","_monsterinsights_sitenote_category":0,"footnotes":""},"categories":[4,6,11],"tags":[248,15],"aioseo_notices":[],"_links":{"self":[{"href":"https:\/\/infonews.az\/index.php?rest_route=\/wp\/v2\/posts\/11943"}],"collection":[{"href":"https:\/\/infonews.az\/index.php?rest_route=\/wp\/v2\/posts"}],"about":[{"href":"https:\/\/infonews.az\/index.php?rest_route=\/wp\/v2\/types\/post"}],"author":[{"embeddable":true,"href":"https:\/\/infonews.az\/index.php?rest_route=\/wp\/v2\/users\/14"}],"replies":[{"embeddable":true,"href":"https:\/\/infonews.az\/index.php?rest_route=%2Fwp%2Fv2%2Fcomments&post=11943"}],"version-history":[{"count":1,"href":"https:\/\/infonews.az\/index.php?rest_route=\/wp\/v2\/posts\/11943\/revisions"}],"predecessor-version":[{"id":11945,"href":"https:\/\/infonews.az\/index.php?rest_route=\/wp\/v2\/posts\/11943\/revisions\/11945"}],"wp:featuredmedia":[{"embeddable":true,"href":"https:\/\/infonews.az\/index.php?rest_route=\/wp\/v2\/media\/11944"}],"wp:attachment":[{"href":"https:\/\/infonews.az\/index.php?rest_route=%2Fwp%2Fv2%2Fmedia&parent=11943"}],"wp:term":[{"taxonomy":"category","embeddable":true,"href":"https:\/\/infonews.az\/index.php?rest_route=%2Fwp%2Fv2%2Fcategories&post=11943"},{"taxonomy":"post_tag","embeddable":true,"href":"https:\/\/infonews.az\/index.php?rest_route=%2Fwp%2Fv2%2Ftags&post=11943"}],"curies":[{"name":"wp","href":"https:\/\/api.w.org\/{rel}","templated":true}]}}