{"id":12098,"date":"2021-09-01T20:04:55","date_gmt":"2021-09-01T16:04:55","guid":{"rendered":"https:\/\/infonews.az\/?p=12098"},"modified":"2021-09-01T20:47:17","modified_gmt":"2021-09-01T16:47:17","slug":"polis-ozunu-tv-%c9%99m%c9%99kdasi-kimi-t%c9%99qdim-ed%c9%99n-s%c9%99xs-bar%c9%99d%c9%99-arasdirma-aparir","status":"publish","type":"post","link":"https:\/\/infonews.az\/?p=12098","title":{"rendered":"Polis \u00f6z\u00fcn\u00fc TV \u0259m\u0259kda\u015f\u0131 kimi t\u0259qdim ed\u0259n \u015f\u0259xs bar\u0259d\u0259 ara\u015fd\u0131rma apar\u0131r"},"content":{"rendered":"<p><span style=\"color: #ffffff;\">Polis \u00f6z\u00fcn\u00fc TV \u0259m\u0259kda\u015f\u0131 kimi t\u0259qdim ed\u0259n \u015f\u0259xs bar\u0259d\u0259 ara\u015fd\u0131rma apar\u0131r<\/span><\/p>\n<blockquote><p><b>B\u0259rd\u0259 rayon sakini F\u0259xri \u018fliyevin \u00f6z\u00fcn\u00fc televiziyalardan birinin \u0259m\u0259kda\u015f\u0131 kimi t\u0259qdim ed\u0259r\u0259k ayr\u0131-ayr\u0131 \u015f\u0259xsl\u0259rd\u0259n pul t\u0259l\u0259b etm\u0259si bar\u0259d\u0259 A\u011fdam Rayon Polis \u015e\u00f6b\u0259sin\u0259 m\u0259lumat daxil olub.<\/b><\/p><\/blockquote>\n<p>Bu bar\u0259d\u0259 <a href=\"https:\/\/infonews.az\/\"><span style=\"color: #ff0000;\"><strong>&#8220;\u0130NFONEWS&#8221;<\/strong><\/span><\/a>-a Daxili \u0130\u015fl\u0259r Nazirliyinin M\u0259tbuat Xidm\u0259tinin B\u0259rd\u0259 regional qrupundan m\u0259lumat verilib.<\/p>\n<p>Haz\u0131rda daxil olmu\u015f m\u0259lumat \u0259sas\u0131nda polis \u0259m\u0259kda\u015flar\u0131 t\u0259r\u0259find\u0259n ara\u015fd\u0131rmalar davam etdirilir. Ara\u015fd\u0131rmalar\u0131n n\u0259tic\u0259sind\u0259n as\u0131l\u0131 olaraq m\u0259s\u0259l\u0259y\u0259 h\u00fcquqi qiym\u0259t veril\u0259c\u0259k.<\/p>\n","protected":false},"excerpt":{"rendered":"<p>Polis \u00f6z\u00fcn\u00fc TV \u0259m\u0259kda\u015f\u0131 kimi t\u0259qdim ed\u0259n \u015f\u0259xs bar\u0259d\u0259 ara\u015fd\u0131rma apar\u0131r B\u0259rd\u0259 rayon sakini F\u0259xri \u018fliyevin \u00f6z\u00fcn\u00fc televiziyalardan birinin \u0259m\u0259kda\u015f\u0131 kimi t\u0259qdim ed\u0259r\u0259k ayr\u0131-ayr\u0131 \u015f\u0259xsl\u0259rd\u0259n pul t\u0259l\u0259b etm\u0259si bar\u0259d\u0259 A\u011fdam&hellip; <\/p>\n","protected":false},"author":3,"featured_media":111,"comment_status":"open","ping_status":"open","sticky":false,"template":"","format":"standard","meta":{"_mi_skip_tracking":false,"_monsterinsights_sitenote_active":false,"_monsterinsights_sitenote_note":"","_monsterinsights_sitenote_category":0,"footnotes":""},"categories":[5,11],"tags":[522],"aioseo_notices":[],"_links":{"self":[{"href":"https:\/\/infonews.az\/index.php?rest_route=\/wp\/v2\/posts\/12098"}],"collection":[{"href":"https:\/\/infonews.az\/index.php?rest_route=\/wp\/v2\/posts"}],"about":[{"href":"https:\/\/infonews.az\/index.php?rest_route=\/wp\/v2\/types\/post"}],"author":[{"embeddable":true,"href":"https:\/\/infonews.az\/index.php?rest_route=\/wp\/v2\/users\/3"}],"replies":[{"embeddable":true,"href":"https:\/\/infonews.az\/index.php?rest_route=%2Fwp%2Fv2%2Fcomments&post=12098"}],"version-history":[{"count":1,"href":"https:\/\/infonews.az\/index.php?rest_route=\/wp\/v2\/posts\/12098\/revisions"}],"predecessor-version":[{"id":12099,"href":"https:\/\/infonews.az\/index.php?rest_route=\/wp\/v2\/posts\/12098\/revisions\/12099"}],"wp:featuredmedia":[{"embeddable":true,"href":"https:\/\/infonews.az\/index.php?rest_route=\/wp\/v2\/media\/111"}],"wp:attachment":[{"href":"https:\/\/infonews.az\/index.php?rest_route=%2Fwp%2Fv2%2Fmedia&parent=12098"}],"wp:term":[{"taxonomy":"category","embeddable":true,"href":"https:\/\/infonews.az\/index.php?rest_route=%2Fwp%2Fv2%2Fcategories&post=12098"},{"taxonomy":"post_tag","embeddable":true,"href":"https:\/\/infonews.az\/index.php?rest_route=%2Fwp%2Fv2%2Ftags&post=12098"}],"curies":[{"name":"wp","href":"https:\/\/api.w.org\/{rel}","templated":true}]}}