{"id":12222,"date":"2021-09-03T13:04:18","date_gmt":"2021-09-03T09:04:18","guid":{"rendered":"https:\/\/infonews.az\/?p=12222"},"modified":"2021-09-03T15:53:06","modified_gmt":"2021-09-03T11:53:06","slug":"diqq%c9%99t-m%c9%99rk%c9%99zi-s%c9%99hidl%c9%99r-s%c9%99hid-gizir-c%c9%99mil-h%c9%99simli","status":"publish","type":"post","link":"https:\/\/infonews.az\/?p=12222","title":{"rendered":"&#8220;Diqq\u0259t M\u0259rk\u0259zi: \u015e\u018fH\u0130DL\u018fR&#8221; &#8211;  \u015e\u0259hid gizir C\u018fM\u0130L H\u018f\u015e\u0130ML\u0130&#8221;"},"content":{"rendered":"<p><span style=\"color: #ffffff;\">&#8220;Diqq\u0259t M\u0259rk\u0259zi: \u015e\u018fH\u0130DL\u018fR&#8221; &#8211; \u015e\u0259hid gizir C\u018fM\u0130L H\u018f\u015e\u0130ML\u0130<\/span><\/p>\n<p>&nbsp;<\/p>\n<p><img loading=\"lazy\" decoding=\"async\" class=\"aligncenter size-full wp-image-12226\" src=\"https:\/\/infonews.az\/wp-content\/uploads\/2021\/09\/2ef2275a-76e3-4a5d-81e9-00da37390671.jpg\" alt=\"\" width=\"986\" height=\"1280\" srcset=\"https:\/\/infonews.az\/wp-content\/uploads\/2021\/09\/2ef2275a-76e3-4a5d-81e9-00da37390671.jpg?v=1660870372 986w, https:\/\/infonews.az\/wp-content\/uploads\/2021\/09\/2ef2275a-76e3-4a5d-81e9-00da37390671-231x300.jpg?v=1660870372 231w, https:\/\/infonews.az\/wp-content\/uploads\/2021\/09\/2ef2275a-76e3-4a5d-81e9-00da37390671-789x1024.jpg?v=1660870372 789w, https:\/\/infonews.az\/wp-content\/uploads\/2021\/09\/2ef2275a-76e3-4a5d-81e9-00da37390671-768x997.jpg?v=1660870372 768w\" sizes=\"(max-width: 986px) 100vw, 986px\" \/><\/p>\n<p><a href=\"https:\/\/infonews.az\/?p=12222\"><strong><span style=\"color: #ff0000;\">&#8220;\u0130NFONEWS&#8221;<\/span><\/strong><\/a>\u00a0t\u0259qdim edir.<\/p>\n<blockquote><p><strong>Az\u0259rbaycan G\u0259nclik Platformu (AGP), \u201c\u0130NFONEWS\u201d Operativ \u0130nformasiya Agentliyi v\u0259 Fransa-Az\u0259rbaycan Dialoqu Assosiasiyas\u0131n\u0131n birg\u0259 t\u0259\u015fkilat\u00e7\u0131l\u0131\u011f\u0131 il\u0259 &#8220;Diqq\u0259t M\u0259rk\u0259zi: \u015e\u018fH\u0130DL\u018fR&#8221; layih\u0259sinin bug\u00fcnki qona\u011f\u0131 \u015e\u0259hid gizir H\u0259\u015fimli C\u0259milin anas\u0131 Simuz\u0259r Ba\u011f\u0131yevad\u0131r.<\/strong><\/p><\/blockquote>\n<p><strong>\u015e\u0259hid <\/strong><strong>g<\/strong><strong>izir <\/strong><strong>C\u018fM\u0130L <\/strong><strong>H\u018f\u015e<\/strong><strong>\u0130<\/strong><strong>ML<\/strong><strong>\u0130<\/strong><\/p>\n<p>1995-ci ilin 11 avqustunda Az\u0259rbaycan Respublikas\u0131n\u0131n K\u00fcrd\u0259mir \u015f\u0259h\u0259rind\u0259 anadan olub. 1-ci sinf\u0259 2002-ci ild\u0259 K\u00fcrd\u0259mir \u015f\u0259h\u0259r Famil H\u0259\u015fimov ad\u0131na 3 sayl\u0131 orta m\u0259kt\u0259bind\u0259 gedib, 2013-c\u00fc ild\u0259 h\u0259min m\u0259kt\u0259bin m\u0259zunu olub. El\u0259 h\u0259min ilin noyabr ay\u0131nda C\u0259mil h\u0259qiqi h\u0259rbi xidm\u0259t\u0259 \u00e7a\u011fr\u0131l\u0131r. Bu zaman ail\u0259sind\u0259n xahi\u015f edir ki, onu bu \u00e7a\u011f\u0131r\u0131\u015fdan saxlatd\u0131rs\u0131nlar. Ail\u0259si s\u0259b\u0259bini soru\u015fduqda is\u0259, \u201c\u00c7\u00fcnki orada \u015e\u0259hidlik m\u0259n\u0259 n\u0259sib olmaya bil\u0259r\u201d, &#8211; dey\u0259,cavab verir.<\/p>\n<p>H\u0259rbi xidm\u0259td\u0259 Astara rayonunda olan C\u0259mil 2015-ci ilin aprelind\u0259 \u00a0xidm\u0259td\u0259n d\u00f6n\u00fcr. C\u0259mil kolleci bitirs\u0259 d\u0259, mara\u011f\u0131n\u0131 h\u0259rbiy\u0259 y\u00f6n\u0259ltm\u0259kd\u0259 davam edirdi.<\/p>\n<p>2016-c\u0131 il aprel d\u00f6y\u00fc\u015fl\u0259rind\u0259n sonra C\u0259mil v\u0259 qarda\u015f\u0131 Az\u0259rbaycan Ordusunun s\u0131ralar\u0131nda g\u00f6rm\u0259k q\u0259rar\u0131na g\u0259lirl\u0259r. 2016-c\u0131 ilin aprel ay\u0131nda qarda\u015f\u0131, avqustda is\u0259 C\u0259mil ordu s\u0131ralar\u0131nda h\u0259rb\u00e7i olmaq \u00fc\u00e7\u00fcn t\u0259lim-t\u0259dris kurslar\u0131na yola d\u00fc\u015f\u00fcrl\u0259r. H\u0259rbi qullu\u011fa \u201cN\u201d sayl\u0131 h\u0259rbi hiss\u0259d\u0259 ba\u015flayan C\u0259milin \u015e\u0259hidlik arzusunu unutmur. H\u0259l\u0259 ilk g\u00fcnl\u0259rd\u0259n \u0259traf\u0131ndak\u0131 h\u0259r k\u0259s\u0259 C\u0259milin v\u0259t\u0259n\u0259, d\u00f6vl\u0259t\u0259, xalq\u0131na sevgisi b\u0259yan idi. Az\u0259rbaycan Ordusunda h\u0259rb\u00e7i olaraq 4 il xidm\u0259t g\u00f6st\u0259r\u0259n C\u0259mil \u00f6z m\u0259rdliyi v\u0259 qorxmazl\u0131\u011f\u0131 il\u0259 x\u00fcsusil\u0259 se\u00e7ilir. C\u0259milin dilind\u0259 yaln\u0131z bir s\u00f6z vard\u0131 ki, v\u0259t\u0259nin h\u0259r qar\u0131\u015f torpa\u011f\u0131 namuslu, \u015f\u0259r\u0259fli bir h\u0259rb\u00e7iy\u0259 \u0259man\u0259tdir&#8230;<\/p>\n<p>C\u0259milin \u0259n b\u00f6y\u00fck arzusu Ordumuzun XTQ-n\u0259 ke\u00e7m\u0259k idi v\u0259 n\u0259hay\u0259t ki, mart ay\u0131nda bu arzusuna nail olur. Lakin art\u0131q iyul idi v\u0259 C\u0259mil XTQ t\u0259lim-t\u0259drisini yar\u0131m\u00e7\u0131q qoyur, yenid\u0259n ordu s\u0131ralar\u0131na, y\u0259ni \u00f6z v\u0259zif\u0259sin\u0259 qay\u0131d\u0131r. C\u0259mil Milli Q\u0259hr\u0259man \u015e\u00fck\u00fcr H\u0259midovun d\u0259st\u0259sind\u0259 t\u0259liml\u0259rd\u0259 olur.<\/p>\n<p>Daha sonra is\u0259 yaln\u0131z telefon dan\u0131\u015f\u0131qlar\u0131&#8230;<\/p>\n<p>Qeyd etm\u0259liyik ki, anas\u0131 C\u0259mili v\u0259 qarda\u015flar\u0131n\u0131 t\u0259k ba\u015f\u0131na b\u00f6y\u00fcd\u00fcb.<\/p>\n<p>C\u0259milin anas\u0131n h\u0259mi\u015f\u0259 bir s\u00f6z deyirdi: \u201cHe\u00e7 vaxt d\u00fc\u015fm\u0259n\u0259 arxan\u0131 \u00e7evirm\u0259, z\u0259rb\u0259nin haradan g\u0259l\u0259c\u0259yi m\u0259lum olmaz\u201d.<\/p>\n<p>Sentyabr\u0131n 27-sind\u0259 anas\u0131 il\u0259 \u0259laq\u0259 saxlayanda C\u0259mil anas\u0131na m\u00fcjd\u0259 x\u0259b\u0259ri verir ki: \u201cAy Ana, g\u00f6z\u00fcn ayd\u0131n, torpaqlar\u0131m\u0131z al\u0131nacaq!\u201d<\/p>\n<p>N\u00f6vb\u0259ti d\u0259f\u0259 (2 oktyabr tarixind\u0259) anas\u0131 il\u0259 telefon \u0259laq\u0259si saxlad\u0131qda is\u0259 onun narahat olmamas\u0131 \u00fc\u00e7\u00fcn, sanki t\u0259s\u0259lli edici s\u00f6zl\u0259r deyir.<\/p>\n<p>5 oktyabrda anas\u0131 il\u0259 sonuncu d\u0259f\u0259 telefonda dan\u0131\u015fanda, anas\u0131ndan Bak\u0131ya getm\u0259sini xahi\u015f edir. El\u0259 h\u0259min g\u00fcn anas\u0131 il\u0259 bir ne\u00e7\u0259 d\u0259f\u0259 \u0259laq\u0259 saxlay\u0131r v\u0259 d\u0259f\u0259l\u0259rl\u0259 ondan k\u0259nd\u0259 qay\u0131tmama\u011f\u0131n\u0131 xahi\u015f edir.<\/p>\n<p><strong>Bu da son&#8230;<\/strong><\/p>\n<p>C\u0259mil 5 oktyabr saat 18:40 rad\u0259l\u0259rind\u0259 F\u00fczulinin \u018fbd\u00fcrr\u0259hmanl\u0131 k\u0259ndi u\u011frunda ged\u0259n d\u00f6y\u00fc\u015fl\u0259rd\u0259 d\u00fc\u015fm\u0259nl\u0259 vuru\u015faraq q\u0259hr\u0259mancas\u0131na \u015e\u0259hid olur.<\/p>\n<p>Anas\u0131na \u015e\u0259hidimizin yaral\u0131 oldu\u011fu deyildikd\u0259: \u201cC\u0259mil yaralana bilm\u0259z, o\u011ful m\u0259nimdirs\u0259, son qan\u0131na q\u0259d\u0259r vuru\u015facaq\u201d.<\/p>\n<p>B\u0259li, C\u0259mil anas\u0131n\u0131n dediyi ki, d\u00fc\u015fm\u0259nin qar\u015f\u0131s\u0131ndan qa\u00e7may\u0131b, m\u0259hz ona g\u00f6r\u0259 d\u0259 \u00fcr\u0259yind\u0259n snayper g\u00fcll\u0259sind\u0259n \u015f\u0259hid olub.<\/p>\n<p><strong>C\u018fM<\/strong><strong>\u0130<\/strong><strong>L<\/strong><strong>\u0130<\/strong><strong>N U\u015eAQLI\u011eI,<\/strong> <strong>M\u018fKT\u018fB <\/strong><strong>\u0130<\/strong><strong>LL\u018fR<\/strong><strong>\u0130, \u018fM\u018fK F\u018fAL\u0130YY\u018fT\u0130<\/strong><\/p>\n<p>C\u0259milin u\u015faql\u0131q ill\u0259ri k\u0259ndd\u0259 ke\u00e7ib. C\u0259mil anas\u0131n\u0131 \u00e7ox sevdiyind\u0259n h\u0259r i\u015fin\u0259 k\u00f6m\u0259k edib v\u0259 h\u0259r \u0259ziyy\u0259t\u0259 qatla\u015f\u0131b. C\u0259mil m\u0259kt\u0259bd\u0259 d\u0259 \u00f6z savad\u0131, bacar\u0131\u011f\u0131 v\u0259 xeyirxahl\u0131\u011f\u0131 il\u0259 se\u00e7ilib. H\u0259l\u0259 6-c\u0131 sinifd\u0259 oxuyanda anas\u0131na i\u015fl\u0259m\u0259k, ail\u0259y\u0259 maddi yard\u0131m g\u00f6st\u0259rm\u0259k ist\u0259dini deyir, balaca oldu\u011fundan anas\u0131 raz\u0131la\u015fmr. Lakin C\u0259mil el\u0259 h\u0259min vaxtdan ma\u015f\u0131n yuma obyektind\u0259 i\u015f\u0259 ba\u015flay\u0131r. 9-cu sinifd\u0259n art\u0131q avtomobil ustas\u0131n\u0131n yan\u0131nda f\u0259aliyy\u0259t g\u00f6st\u0259rir v\u0259 \u00f6z bacar\u0131\u011f\u0131 il\u0259 diqq\u0259t \u00e7\u0259kir. B\u00fct\u00fcn bunlar\u0131 anas\u0131n\u0131n az i\u015fl\u0259m\u0259si, yorulmamas\u0131 \u00fc\u00e7\u00fcn edirdi, \u00e7\u00fcnki anas\u0131 il\u0259 bir ba\u015fqa ba\u011fl\u0131l\u0131\u011f\u0131 var idi. Qarda\u015f\u0131n\u0131n \u00a0ali m\u0259kt\u0259b\u0259 daxil olmas\u0131 is\u0259 ona b\u00f6y\u00fck sevinc ya\u015fad\u0131r, h\u0259min zamanlar C\u0259mil, sanki yer\u0259-g\u00f6y\u0259 s\u0131\u011fm\u0131r. T\u0259hsil m\u00fcdd\u0259tind\u0259 \u00f6z d\u0259st\u0259yini qarda\u015flar\u0131ndan \u0259sirg\u0259mir.<\/p>\n<p>C\u0259milin anas\u0131 Simuz\u0259r Ba\u011f\u0131yeva:<\/p>\n<ul>\n<li><strong>M\u0259n C\u0259mili \u015e\u0259hid kimi, \u00f6l\u00fc kimi g\u00f6rm\u00fcr\u0259m, el\u0259 bilir\u0259m ki, m\u00fcv\u0259qq\u0259ti ayr\u0131lm\u0131\u015f\u0131q. \u00c7\u00fcnki m\u0259nim \u00fcmidim var, bu, ona qovu\u015faca\u011f\u0131m g\u00fcn\u00fcn \u00fcmididir. M\u0259n C\u0259mili \u015f\u0259r\u0259fli, layiqli ki\u015fi kimi b\u00f6y\u00fctm\u00fc\u015f\u0259m v\u0259 o el\u0259 d\u0259 o\u011ful idi. C\u0259milin qo\u00e7aql\u0131\u011f\u0131, c\u0259sar\u0259ti b\u00fct\u00fcn K\u00fcrd\u0259mir camaat\u0131n\u0131n dilind\u0259dir.<\/strong><\/li>\n<\/ul>\n<p>Simuz\u0259r ana \u015e\u0259hidimizi yuxular\u0131nda tez-tez g\u00f6rd\u00fcy\u00fcn\u00fc s\u00f6yl\u0259di. Yuxular\u0131nda da anas\u0131na ona g\u00f6r\u0259 narahat olmamas\u0131n\u0131, yerinin g\u00f6z\u0259l oldu\u011funu s\u00f6yl\u0259yir.<\/p>\n<p>Bu ilin aprelind\u0259 \u015e\u0259hid C\u0259mil H\u0259\u015fimlinin ad\u0131na bula\u011f\u0131n a\u00e7\u0131l\u0131\u015f\u0131 edilib.<\/p>\n<p>C\u0259milin anas\u0131 b\u00fct\u00fcn \u015e\u0259hid analar\u0131na \u00fcz tutaraq deyir:<\/p>\n<ul>\n<li><strong>\u015e\u0259hidl\u0259rimizi ya\u015fatmaq \u00f6z \u0259limizd\u0259dir. Ya\u015fayaq ki, \u015e\u0259hidl\u0259rimizi ya\u015fadaq. G\u0259lin \u015e\u0259hidl\u0259rimizi unudulma\u011fa qoymayaq. \u00c7\u00fcnki \u015e\u0259hidl\u0259r vurulanda deyil, unudulanda \u00f6l\u0259rl\u0259r&#8230;<\/strong><strong>Bu xalq\u0131n ba\u015f\u0131n\u0131n ucal\u0131\u011f\u0131 Poladlar, M\u00fcbarizl\u0259r, C\u0259mill\u0259r, Ar\u0259st\u0259l\u0259r, G\u00fclt\u0259kinl\u0259rdir!<\/strong><\/li>\n<\/ul>\n<p><img loading=\"lazy\" decoding=\"async\" class=\"aligncenter size-full wp-image-12227\" src=\"https:\/\/infonews.az\/wp-content\/uploads\/2021\/09\/81d63b52-d0ad-46c0-84ff-eada0461c68b.jpg\" alt=\"\" width=\"772\" height=\"1280\" srcset=\"https:\/\/infonews.az\/wp-content\/uploads\/2021\/09\/81d63b52-d0ad-46c0-84ff-eada0461c68b.jpg?v=1660870372 772w, https:\/\/infonews.az\/wp-content\/uploads\/2021\/09\/81d63b52-d0ad-46c0-84ff-eada0461c68b-181x300.jpg?v=1660870372 181w, https:\/\/infonews.az\/wp-content\/uploads\/2021\/09\/81d63b52-d0ad-46c0-84ff-eada0461c68b-618x1024.jpg?v=1660870372 618w, https:\/\/infonews.az\/wp-content\/uploads\/2021\/09\/81d63b52-d0ad-46c0-84ff-eada0461c68b-768x1273.jpg?v=1660870372 768w\" sizes=\"(max-width: 772px) 100vw, 772px\" \/><\/p>\n<p><img loading=\"lazy\" decoding=\"async\" class=\"aligncenter size-full wp-image-12228\" src=\"https:\/\/infonews.az\/wp-content\/uploads\/2021\/09\/7f1df892-89fc-49d5-9016-f47a955c6803.jpeg\" alt=\"\" width=\"750\" height=\"1000\" srcset=\"https:\/\/infonews.az\/wp-content\/uploads\/2021\/09\/7f1df892-89fc-49d5-9016-f47a955c6803.jpeg?v=1660870372 750w, https:\/\/infonews.az\/wp-content\/uploads\/2021\/09\/7f1df892-89fc-49d5-9016-f47a955c6803-225x300.jpeg?v=1660870372 225w\" sizes=\"(max-width: 750px) 100vw, 750px\" \/><\/p>\n<p>&nbsp;<\/p>\n","protected":false},"excerpt":{"rendered":"<p>&#8220;Diqq\u0259t M\u0259rk\u0259zi: \u015e\u018fH\u0130DL\u018fR&#8221; &#8211; \u015e\u0259hid gizir C\u018fM\u0130L H\u018f\u015e\u0130ML\u0130 &nbsp; &#8220;\u0130NFONEWS&#8221;\u00a0t\u0259qdim edir. Az\u0259rbaycan G\u0259nclik Platformu (AGP), \u201c\u0130NFONEWS\u201d Operativ \u0130nformasiya Agentliyi v\u0259 Fransa-Az\u0259rbaycan Dialoqu Assosiasiyas\u0131n\u0131n birg\u0259 t\u0259\u015fkilat\u00e7\u0131l\u0131\u011f\u0131 il\u0259 &#8220;Diqq\u0259t M\u0259rk\u0259zi: \u015e\u018fH\u0130DL\u018fR&#8221; layih\u0259sinin&hellip; <\/p>\n","protected":false},"author":14,"featured_media":12230,"comment_status":"open","ping_status":"open","sticky":false,"template":"","format":"standard","meta":{"_mi_skip_tracking":false,"_monsterinsights_sitenote_active":false,"_monsterinsights_sitenote_note":"","_monsterinsights_sitenote_category":0,"footnotes":""},"categories":[4,11,7,550],"tags":[4884,15,4885],"aioseo_notices":[],"_links":{"self":[{"href":"https:\/\/infonews.az\/index.php?rest_route=\/wp\/v2\/posts\/12222"}],"collection":[{"href":"https:\/\/infonews.az\/index.php?rest_route=\/wp\/v2\/posts"}],"about":[{"href":"https:\/\/infonews.az\/index.php?rest_route=\/wp\/v2\/types\/post"}],"author":[{"embeddable":true,"href":"https:\/\/infonews.az\/index.php?rest_route=\/wp\/v2\/users\/14"}],"replies":[{"embeddable":true,"href":"https:\/\/infonews.az\/index.php?rest_route=%2Fwp%2Fv2%2Fcomments&post=12222"}],"version-history":[{"count":1,"href":"https:\/\/infonews.az\/index.php?rest_route=\/wp\/v2\/posts\/12222\/revisions"}],"predecessor-version":[{"id":12229,"href":"https:\/\/infonews.az\/index.php?rest_route=\/wp\/v2\/posts\/12222\/revisions\/12229"}],"wp:featuredmedia":[{"embeddable":true,"href":"https:\/\/infonews.az\/index.php?rest_route=\/wp\/v2\/media\/12230"}],"wp:attachment":[{"href":"https:\/\/infonews.az\/index.php?rest_route=%2Fwp%2Fv2%2Fmedia&parent=12222"}],"wp:term":[{"taxonomy":"category","embeddable":true,"href":"https:\/\/infonews.az\/index.php?rest_route=%2Fwp%2Fv2%2Fcategories&post=12222"},{"taxonomy":"post_tag","embeddable":true,"href":"https:\/\/infonews.az\/index.php?rest_route=%2Fwp%2Fv2%2Ftags&post=12222"}],"curies":[{"name":"wp","href":"https:\/\/api.w.org\/{rel}","templated":true}]}}