{"id":12300,"date":"2021-09-05T11:36:13","date_gmt":"2021-09-05T07:36:13","guid":{"rendered":"https:\/\/infonews.az\/?p=12300"},"modified":"2021-09-05T18:39:03","modified_gmt":"2021-09-05T14:39:03","slug":"fuzuli-beyn%c9%99lxalq-hava-limanina-enis-ed%c9%99n-ilk-t%c9%99yyar%c9%99-qarabag-oldu","status":"publish","type":"post","link":"https:\/\/infonews.az\/?p=12300","title":{"rendered":"F\u00fczuli beyn\u0259lxalq hava liman\u0131na eni\u015f ed\u0259n ilk t\u0259yyar\u0259 \u201cQARABA\u011e\u201d oldu"},"content":{"rendered":"<p><span style=\"color: #ffffff;\">F\u00fczuli beyn\u0259lxalq hava liman\u0131na eni\u015f ed\u0259n ilk t\u0259yyar\u0259 \u201cQARABA\u011e\u201d oldu<\/span><\/p>\n<blockquote><p><b>Bu g\u00fcn F\u00fczuli beyn\u0259lxalq hava liman\u0131nda \u0259lam\u0259tdar hadis\u0259 ba\u015f verib.<\/b><\/p><\/blockquote>\n<p><a href=\"https:\/\/infonews.az\/\"><strong><span style=\"color: #ff0000;\">&#8220;\u0130NFONEWS&#8221;<\/span><\/strong><\/a> x\u0259b\u0259r verir ki, hava liman\u0131n\u0131n istismara verilm\u0259sind\u0259n \u0259vv\u0259l, Bak\u0131dan u\u00e7an \u201cAz\u0259rbaycan Hava Yollar\u0131\u201dna m\u0259xsus \u0259n b\u00f6y\u00fck \u201cAirbus A340-500\u201d tipli s\u0259rni\u015fin t\u0259yyar\u0259si s\u0131naq reysi h\u0259yata ke\u00e7ir\u0259r\u0259k i\u015f\u011faldan azad olunmu\u015f Qaraba\u011f\u0131n ilk hava liman\u0131nda eni\u015f icra edib.<\/p>\n<p>Baku TV-nin s\u00f6z\u00fcged\u0259n s\u0259f\u0259rd\u0259n haz\u0131rlad\u0131\u011f\u0131 reportaj\u0131 t\u0259qdim edirik:<\/p>\n<div class=\"wonderplugin-video\" style=\"width:600px;height:400px;position:relative;display:block;background-color:#000;overflow:hidden;max-width:100%;margin:0 auto;\" data-aspectratio=\"1.5\"><iframe loading=\"lazy\" class=\"wpve-iframe\" width=\"100%\" height=\"100%\" src=\"https:\/\/www.youtube.com\/embed\/xGUmXkDzW04\" frameborder=\"0\" allowfullscreen><\/iframe><\/div>\n","protected":false},"excerpt":{"rendered":"<p>F\u00fczuli beyn\u0259lxalq hava liman\u0131na eni\u015f ed\u0259n ilk t\u0259yyar\u0259 \u201cQARABA\u011e\u201d oldu Bu g\u00fcn F\u00fczuli beyn\u0259lxalq hava liman\u0131nda \u0259lam\u0259tdar hadis\u0259 ba\u015f verib. &#8220;\u0130NFONEWS&#8221; x\u0259b\u0259r verir ki, hava liman\u0131n\u0131n istismara verilm\u0259sind\u0259n \u0259vv\u0259l, Bak\u0131dan&hellip; <\/p>\n","protected":false},"author":3,"featured_media":12301,"comment_status":"open","ping_status":"open","sticky":false,"template":"","format":"standard","meta":{"_mi_skip_tracking":false,"_monsterinsights_sitenote_active":false,"_monsterinsights_sitenote_note":"","_monsterinsights_sitenote_category":0,"footnotes":""},"categories":[4,11],"tags":[4906,15,4907],"aioseo_notices":[],"_links":{"self":[{"href":"https:\/\/infonews.az\/index.php?rest_route=\/wp\/v2\/posts\/12300"}],"collection":[{"href":"https:\/\/infonews.az\/index.php?rest_route=\/wp\/v2\/posts"}],"about":[{"href":"https:\/\/infonews.az\/index.php?rest_route=\/wp\/v2\/types\/post"}],"author":[{"embeddable":true,"href":"https:\/\/infonews.az\/index.php?rest_route=\/wp\/v2\/users\/3"}],"replies":[{"embeddable":true,"href":"https:\/\/infonews.az\/index.php?rest_route=%2Fwp%2Fv2%2Fcomments&post=12300"}],"version-history":[{"count":1,"href":"https:\/\/infonews.az\/index.php?rest_route=\/wp\/v2\/posts\/12300\/revisions"}],"predecessor-version":[{"id":12302,"href":"https:\/\/infonews.az\/index.php?rest_route=\/wp\/v2\/posts\/12300\/revisions\/12302"}],"wp:featuredmedia":[{"embeddable":true,"href":"https:\/\/infonews.az\/index.php?rest_route=\/wp\/v2\/media\/12301"}],"wp:attachment":[{"href":"https:\/\/infonews.az\/index.php?rest_route=%2Fwp%2Fv2%2Fmedia&parent=12300"}],"wp:term":[{"taxonomy":"category","embeddable":true,"href":"https:\/\/infonews.az\/index.php?rest_route=%2Fwp%2Fv2%2Fcategories&post=12300"},{"taxonomy":"post_tag","embeddable":true,"href":"https:\/\/infonews.az\/index.php?rest_route=%2Fwp%2Fv2%2Ftags&post=12300"}],"curies":[{"name":"wp","href":"https:\/\/api.w.org\/{rel}","templated":true}]}}