{"id":12351,"date":"2021-09-06T13:50:48","date_gmt":"2021-09-06T09:50:48","guid":{"rendered":"https:\/\/infonews.az\/?p=12351"},"modified":"2021-09-06T13:50:48","modified_gmt":"2021-09-06T09:50:48","slug":"diqq%c9%99t-m%c9%99rk%c9%99zi-s%c9%99hidl%c9%99r-s%c9%99hid-bas-gizir-intiqam-abbasov","status":"publish","type":"post","link":"https:\/\/infonews.az\/?p=12351","title":{"rendered":"\u201cDiqq\u0259t M\u0259rk\u0259zi: \u015e\u018fH\u0130DL\u018fR\u201d \u2013 \u015e\u0259hid ba\u015f gizir \u0130ntiqam Abbasov"},"content":{"rendered":"<p><span style=\"color: #ffffff;\"><strong>\u201cDiqq\u0259t M\u0259rk\u0259zi: \u015e\u018fH\u0130DL\u018fR\u201d \u2013<\/strong><strong> \u015e\u0259hid ba\u015f gizir \u0130ntiqam Abbasov<\/strong><\/span><\/p>\n<p><img loading=\"lazy\" decoding=\"async\" class=\"size-full wp-image-12353 aligncenter\" src=\"https:\/\/infonews.az\/wp-content\/uploads\/2021\/09\/42320120-693e-426c-aabf-05ce7523c3e1.jpg\" alt=\"\" width=\"700\" height=\"920\" srcset=\"https:\/\/infonews.az\/wp-content\/uploads\/2021\/09\/42320120-693e-426c-aabf-05ce7523c3e1.jpg?v=1660870351 700w, https:\/\/infonews.az\/wp-content\/uploads\/2021\/09\/42320120-693e-426c-aabf-05ce7523c3e1-228x300.jpg?v=1660870351 228w\" sizes=\"(max-width: 700px) 100vw, 700px\" \/><\/p>\n<p><a href=\"https:\/\/infonews.az\/?p=12351\"><span style=\"color: #ff0000;\"><strong>&#8220;\u0130NFONEWS&#8221;<\/strong> <\/span><\/a>t\u0259qdim edir.<\/p>\n<p><strong>Az\u0259rbaycan G\u0259nclik Platformu<\/strong><strong> (AGP)<\/strong><strong>, <\/strong><strong>\u201c<\/strong><strong>\u0130NFONEWS<\/strong><strong>\u201d<\/strong><strong> Operativ <\/strong><strong>\u0130<\/strong><strong>nformasiya Agentliyi v\u0259 Fransa-Az\u0259rbaycan Dialoqu Assosiasiyas\u0131<\/strong><strong>n\u0131n<\/strong><strong> birg\u0259 t\u0259\u015fkilat\u00e7\u0131l\u0131\u011f\u0131 il\u0259 &#8220;Diqq\u0259t M\u0259rk\u0259zi: \u015e\u018fH<\/strong><strong>\u0130<\/strong><strong>DL\u018fR&#8221; <\/strong><strong>l<\/strong><strong>ayih\u0259sinin bug\u00fcnki qona\u011f\u0131 \u015e\u0259hid ba\u015f <\/strong><strong>g<\/strong><strong>izir \u0130ntiqam Abbasovun h\u0259yat yolda\u015f\u0131 Sifay\u0259 xan\u0131md\u0131r.<\/strong><\/p>\n<p>21 sentyabr 1978-ci ild\u0259 Masall\u0131 rayonunun K\u00f6c\u0259kli k\u0259ndind\u0259 d\u00fcnyaya g\u00f6z a\u00e7an \u0130ntiqam Abbasov 2000-ci ild\u0259n Az\u0259rbaycan Ordusu s\u0131ralar\u0131nda xidm\u0259t edib.<\/p>\n<p>\u015e\u0259hidimiz n\u00fcmun\u0259vi h\u0259rb\u00e7i olmaqla b\u0259rab\u0259r, qay\u011f\u0131ke\u015f ail\u0259 ba\u015f\u00e7\u0131s\u0131, q\u0131z\u0131 X\u0259dic\u0259 v\u0259 o\u011flu \u018flini h\u0259dsiz sev\u0259n ata idi. H\u0259m\u00e7\u00f6b\u0259timiz Sifay\u0259 xan\u0131m s\u00f6hb\u0259t \u0259snas\u0131nda n\u0259mli g\u00f6zl\u0259rind\u0259 bir h\u0259y\u0259can t\u0259b\u0259ss\u00fcm\u00fc il\u0259 \u0130ntiqamla tan\u0131\u015fl\u0131\u011f\u0131ndan dan\u0131\u015fd\u0131. Qeyd etdi ki, \u0130ntiqam il\u0259 ilk d\u0259f\u0259 onun fotoqraf kimi \u00e7al\u0131\u015fand\u0131\u011f\u0131 zamanlarda tan\u0131\u015f olublar; bel\u0259 ki, h\u0259yat yolda\u015f\u0131 onun \u015f\u0259kilini \u00e7\u0259kib v\u0259 bundan sonra he\u00e7 ayr\u0131lmay\u0131blar, g\u00f6r\u00fc\u015fm\u0259y\u0259 ba\u015flay\u0131blar&#8230; 20 illik ail\u0259sini, can\u0131 q\u0259d\u0259r sevdiyi \u00f6vladlar\u0131n\u0131 V\u0259t\u0259n\u0259 \u0259man\u0259t edib getdi.<\/p>\n<p><img loading=\"lazy\" decoding=\"async\" class=\"aligncenter size-full wp-image-12354\" src=\"https:\/\/infonews.az\/wp-content\/uploads\/2021\/09\/bb9a9efe-0799-4907-8e0e-0df12321b552.jpg\" alt=\"\" width=\"1280\" height=\"755\" srcset=\"https:\/\/infonews.az\/wp-content\/uploads\/2021\/09\/bb9a9efe-0799-4907-8e0e-0df12321b552.jpg?v=1660870351 1280w, https:\/\/infonews.az\/wp-content\/uploads\/2021\/09\/bb9a9efe-0799-4907-8e0e-0df12321b552-300x177.jpg?v=1660870351 300w, https:\/\/infonews.az\/wp-content\/uploads\/2021\/09\/bb9a9efe-0799-4907-8e0e-0df12321b552-1024x604.jpg?v=1660870351 1024w, https:\/\/infonews.az\/wp-content\/uploads\/2021\/09\/bb9a9efe-0799-4907-8e0e-0df12321b552-768x453.jpg?v=1660870351 768w\" sizes=\"(max-width: 1280px) 100vw, 1280px\" \/><\/p>\n<p><strong>Sifay\u0259 Abbasova:<\/strong><\/p>\n<p>\u201c\u00d6vladlar\u0131n\u0131n c\u0259miyy\u0259t\u0259 xeyirli, t\u0259rbiy\u0259li b\u00f6y\u00fcm\u0259sini, \u0259n \u0259sas\u0131 is\u0259, onlar\u0131 v\u0259t\u0259np\u0259rv\u0259r olmalar\u0131n\u0131 ist\u0259yirdi v\u0259 h\u0259mi\u015f\u0259 b\u00f6y\u00fckl\u0259r\u0259 h\u00f6rm\u0259tl\u0259 davranmalar\u0131n\u0131 s\u00f6yl\u0259yirdi. Arzular\u0131 \u00e7ox idi&#8230; \u018fn b\u00f6y\u00fck arzusu q\u0131z\u0131m\u0131z X\u0259dic\u0259nin universitet\u0259 q\u0259bul olmas\u0131 idi. X\u0259dic\u0259ni \u00f6z\u00fc universitet\u0259 apar\u0131b-g\u0259tirm\u0259yi arzulay\u0131rd\u0131, h\u0259tta m\u0259zuniyy\u0259t\u0259 d\u0259 \u00e7\u0131xm\u0131rd\u0131, saxlam\u0131\u015fd\u0131 d\u0259rsl\u0259r ba\u015flayana. \u00c7ox t\u0259\u0259ss\u00fcf olsun ki, apara bilm\u0259di&#8230;<\/p>\n<p>Oktyabrda t\u0259qa\u00fcd\u0259 \u00e7\u0131xma\u011f\u0131n\u0131 ail\u0259likc\u0259 g\u00f6zl\u0259yirdik. Ail\u0259vi K\u0259rb\u0259la ziyar\u0259tin\u0259 getm\u0259yi d\u00fc\u015f\u00fcn\u00fcrd\u00fck\u201d.<\/p>\n<p>Sifay\u0259 xan\u0131m\u0131n dedikl\u0259rin\u0259 g\u00f6r\u0259, sentyabr\u0131n 26-dan son d\u0259f\u0259 telefonla dan\u0131\u015fana q\u0259d\u0259r \u0130ntiqam el\u0259 bil \u00fcr\u0259yin\u0259 damm\u0131\u015f kimi, onlar\u0131 \u015f\u0259hid olaca\u011f\u0131 fikrin\u0259 al\u0131\u015fd\u0131raraq, onlar\u0131 bu x\u0259b\u0259r\u0259 haz\u0131rlay\u0131rm\u0131\u015f kimi dan\u0131\u015f\u0131rd\u0131. H\u0259min g\u00fcn sanki vidala\u015f\u0131rm\u0131\u015f kimi \u00f6vladlar\u0131na ali t\u0259hsil almalar\u0131 v\u0259 el\u0259c\u0259 d\u0259 m\u00fcxt\u0259lif arzu-ist\u0259kl\u0259rini s\u00f6yl\u0259yir.<\/p>\n<p>\u201cH\u0259min g\u00fcn\u00fc he\u00e7 vaxt unutmayaca\u011f\u0131q, \u00e7\u00fcnki bu telefon \u0259laq\u0259si bir f\u0259rqli, ba\u015fqa c\u00fcr idi\u201d, &#8211; Sifay\u0259 Abbasova vur\u011fulay\u0131r.<\/p>\n<p>Son d\u0259f\u0259 h\u0259yat yolda\u015f\u0131 il\u0259 28 sentyabrda \u0259laq\u0259 saxlay\u0131b. El\u0259 bu da sonuncu dan\u0131\u015f\u0131\u011f\u0131 olub&#8230;<\/p>\n<p>Az\u0259rbaycan Ordusunun ba\u015f giziri olan \u0130ntiqam Abbasov 2020-ci il sentyabr\u0131n 27-d\u0259\u00a0Az\u0259rbaycan Silahl\u0131 Q\u00fcvv\u0259l\u0259ri\u00a0t\u0259r\u0259find\u0259n\u00a0Erm\u0259nistan\u0131n\u00a0i\u015f\u011fal\u0131 alt\u0131nda olan \u0259razil\u0259rin azad edilm\u0259si v\u0259\u00a0Az\u0259rbaycan\u0131n\u00a0\u0259razi b\u00fct\u00f6vl\u00fcy\u00fcn\u00fcn b\u0259rpa olunmas\u0131 \u00fc\u00e7\u00fcn ba\u015flanan\u00a0V\u0259t\u0259n M\u00fcharib\u0259si\u00a0zaman\u0131\u00a0F\u00fczulinin azadl\u0131\u011f\u0131 u\u011frunda ged\u0259n d\u00f6y\u00fc\u015fl\u0259rd\u0259 sava\u015f\u0131b. \u0130ntiqam Abbasov sentyabr\u0131n 29-da\u00a0F\u00fczuli d\u00f6y\u00fc\u015fl\u0259ri\u00a0zaman\u0131 \u015f\u0259hid olub.\u00a0Masall\u0131 rayonunun K\u00f6c\u0259kli\u00a0k\u0259ndind\u0259 d\u0259fn olunub.<\/p>\n<p>Az\u0259rbaycan\u0131n \u00a0\u0259razi b\u00fct\u00f6vl\u00fcy\u00fcn\u00fcn t\u0259min edilm\u0259si u\u011frunda d\u00f6y\u00fc\u015f \u0259m\u0259liyyatlar\u0131na qat\u0131lan v\u0259 h\u0259rbi hiss\u0259 qar\u015f\u0131s\u0131nda qoyulmu\u015f tap\u015f\u0131r\u0131qlar\u0131n icras\u0131 zaman\u0131 v\u0259zif\u0259 borcunu \u015f\u0259r\u0259fl\u0259 yerin\u0259 yetirdiyi \u00fc\u00e7\u00fcn Az\u0259rbaycan Prezidenti \u0130lham \u018fliyevin 15.12.2020-ci il tarixli S\u0259r\u0259ncam\u0131na \u0259sas\u0259n \u0130ntiqam Abbasov \u00f6l\u00fcm\u00fcnd\u0259n sonra\u00a0\u201cV\u0259t\u0259n u\u011frunda\u201dmedal\u0131 il\u0259 t\u0259ltif edilib.<\/p>\n<p>Az\u0259rbaycan\u0131n\u00a0F\u00fczuli rayonunun\u00a0i\u015f\u011faldan azad edilm\u0259si u\u011frunda apar\u0131lan d\u00f6y\u00fc\u015f \u0259m\u0259liyyatlar\u0131na qat\u0131laraq \u015f\u0259xsi igidliyi v\u0259 \u015f\u00fcca\u0259ti n\u00fcmayi\u015f etdirdiyin\u0259 g\u00f6r\u0259\u00a0Az\u0259rbaycan Prezidenti\u00a0\u0130lham \u018fliyevin\u00a025.12.2020-ci il tarixli S\u0259r\u0259ncam\u0131na \u0259sas\u0259n \u0130ntiqam Abbasov \u00f6l\u00fcm\u00fcnd\u0259n sonra\u00a0&#8220;F\u00fczulinin azad olunmas\u0131na g\u00f6r\u0259&#8221; medal\u0131\u00a0il\u0259 t\u0259ltif edilib.<\/p>\n<p>Az\u0259rbaycan\u00a0\u0259razil\u0259rinin i\u015f\u011faldan azad olunmas\u0131 zaman\u0131 d\u00f6y\u00fc\u015f tap\u015f\u0131r\u0131qlar\u0131n\u0131 v\u0259 xidm\u0259ti v\u0259zif\u0259l\u0259rini yerin\u0259 yetir\u0259n zaman f\u0259rql\u0259ndiyin\u0259 g\u00f6r\u0259\u00a0Az\u0259rbaycan Prezidenti\u00a0\u0130lham \u018fliyevin\u00a030.12.2020-ci il tarixli S\u0259r\u0259ncam\u0131na \u0259sas\u0259n \u0130ntiqam Abbasov \u00f6l\u00fcm\u00fcnd\u0259n sonra\u00a0&#8220;H\u0259rbi xidm\u0259tl\u0259r\u0259 g\u00f6r\u0259&#8221; medal\u0131\u00a0il\u0259 t\u0259ltif edilib.<\/p>\n<p>Sonda Sifay\u0259 xan\u0131m Az\u0259rbaycan\u0131n \u015e\u0259hidl\u0259rinin h\u0259yat yolda\u015flar\u0131na \u00fcz tutub deyir:<\/p>\n<p>\u201c\u015e\u0259hid yolda\u015f\u0131 olmaq \u00e7ox \u00e7\u0259tindir, amma \u00e7ox f\u0259xrli, \u00e7ox q\u00fcrurvericidir. X\u00fcsusil\u0259 d\u0259 \u00f6vladlar\u0131m\u0131z\u0131 \u015e\u0259hid atas\u0131n\u0131n ad\u0131na layiqli, t\u0259rbiy\u0259li, savadl\u0131, v\u0259t\u0259np\u0259rv\u0259r b\u00f6y\u00fctm\u0259liyik. H\u0259r bir \u015e\u0259hid \u00f6vlad\u0131 aln\u0131a\u00e7\u0131q, \u00fcz\u00fca\u011f, ba\u015f\u0131n\u0131 dik tutaraq, ayaqda durma\u011f\u0131 bacarmal\u0131d\u0131r\u201d<\/p>\n<p><img loading=\"lazy\" decoding=\"async\" class=\"aligncenter size-full wp-image-12355\" src=\"https:\/\/infonews.az\/wp-content\/uploads\/2021\/09\/e013ad61-d303-438c-b00e-98c8c1707a50.jpg\" alt=\"\" width=\"1280\" height=\"849\" srcset=\"https:\/\/infonews.az\/wp-content\/uploads\/2021\/09\/e013ad61-d303-438c-b00e-98c8c1707a50.jpg?v=1660870350 1280w, https:\/\/infonews.az\/wp-content\/uploads\/2021\/09\/e013ad61-d303-438c-b00e-98c8c1707a50-300x199.jpg?v=1660870350 300w, https:\/\/infonews.az\/wp-content\/uploads\/2021\/09\/e013ad61-d303-438c-b00e-98c8c1707a50-1024x679.jpg?v=1660870350 1024w, https:\/\/infonews.az\/wp-content\/uploads\/2021\/09\/e013ad61-d303-438c-b00e-98c8c1707a50-768x509.jpg?v=1660870350 768w\" sizes=\"(max-width: 1280px) 100vw, 1280px\" \/><\/p>\n<p>\u015e\u0259hidl\u0259rimizi ya\u015fadaq ! \u2013 \u201c\u015e\u0259hidl\u0259r vurulan zaman deyil, unudulan zaman \u00f6l\u00fcrl\u0259r!\u201d<\/p>\n<p><iframe loading=\"lazy\" title=\"Diqq\u0259t M\u0259rk\u0259zi \u015e\u0259hidl\u0259r :  \u015e\u0259hid \u0130ntiqam Abbasov\" width=\"1110\" height=\"624\" src=\"https:\/\/www.youtube.com\/embed\/wmrqdClptGw?feature=oembed\" frameborder=\"0\" allow=\"accelerometer; autoplay; clipboard-write; encrypted-media; gyroscope; picture-in-picture\" allowfullscreen><\/iframe><\/p>\n","protected":false},"excerpt":{"rendered":"<p>\u201cDiqq\u0259t M\u0259rk\u0259zi: \u015e\u018fH\u0130DL\u018fR\u201d \u2013 \u015e\u0259hid ba\u015f gizir \u0130ntiqam Abbasov &#8220;\u0130NFONEWS&#8221; t\u0259qdim edir. Az\u0259rbaycan G\u0259nclik Platformu (AGP), \u201c\u0130NFONEWS\u201d Operativ \u0130nformasiya Agentliyi v\u0259 Fransa-Az\u0259rbaycan Dialoqu Assosiasiyas\u0131n\u0131n birg\u0259 t\u0259\u015fkilat\u00e7\u0131l\u0131\u011f\u0131 il\u0259 &#8220;Diqq\u0259t M\u0259rk\u0259zi: \u015e\u018fH\u0130DL\u018fR&#8221;&hellip; <\/p>\n","protected":false},"author":14,"featured_media":12352,"comment_status":"open","ping_status":"open","sticky":false,"template":"","format":"standard","meta":{"_mi_skip_tracking":false,"_monsterinsights_sitenote_active":false,"_monsterinsights_sitenote_note":"","_monsterinsights_sitenote_category":0,"footnotes":""},"categories":[4,82,11,550],"tags":[4884,15,4921],"aioseo_notices":[],"_links":{"self":[{"href":"https:\/\/infonews.az\/index.php?rest_route=\/wp\/v2\/posts\/12351"}],"collection":[{"href":"https:\/\/infonews.az\/index.php?rest_route=\/wp\/v2\/posts"}],"about":[{"href":"https:\/\/infonews.az\/index.php?rest_route=\/wp\/v2\/types\/post"}],"author":[{"embeddable":true,"href":"https:\/\/infonews.az\/index.php?rest_route=\/wp\/v2\/users\/14"}],"replies":[{"embeddable":true,"href":"https:\/\/infonews.az\/index.php?rest_route=%2Fwp%2Fv2%2Fcomments&post=12351"}],"version-history":[{"count":1,"href":"https:\/\/infonews.az\/index.php?rest_route=\/wp\/v2\/posts\/12351\/revisions"}],"predecessor-version":[{"id":12356,"href":"https:\/\/infonews.az\/index.php?rest_route=\/wp\/v2\/posts\/12351\/revisions\/12356"}],"wp:featuredmedia":[{"embeddable":true,"href":"https:\/\/infonews.az\/index.php?rest_route=\/wp\/v2\/media\/12352"}],"wp:attachment":[{"href":"https:\/\/infonews.az\/index.php?rest_route=%2Fwp%2Fv2%2Fmedia&parent=12351"}],"wp:term":[{"taxonomy":"category","embeddable":true,"href":"https:\/\/infonews.az\/index.php?rest_route=%2Fwp%2Fv2%2Fcategories&post=12351"},{"taxonomy":"post_tag","embeddable":true,"href":"https:\/\/infonews.az\/index.php?rest_route=%2Fwp%2Fv2%2Ftags&post=12351"}],"curies":[{"name":"wp","href":"https:\/\/api.w.org\/{rel}","templated":true}]}}