{"id":12357,"date":"2021-09-06T14:34:53","date_gmt":"2021-09-06T10:34:53","guid":{"rendered":"https:\/\/infonews.az\/?p=12357"},"modified":"2021-09-06T14:34:53","modified_gmt":"2021-09-06T10:34:53","slug":"az%c9%99rbaycan-qarabag-h%c9%99qiq%c9%99tl%c9%99rinin-carcisi-dunyasini-d%c9%99yisdi","status":"publish","type":"post","link":"https:\/\/infonews.az\/?p=12357","title":{"rendered":"Az\u0259rbaycan &#8211; Qaraba\u011f h\u0259qiq\u0259tl\u0259rinin car\u00e7\u0131s\u0131 d\u00fcnyas\u0131n\u0131 d\u0259yi\u015fdi"},"content":{"rendered":"<p><span style=\"color: #ffffff;\">Az\u0259rbaycan &#8211; Qaraba\u011f h\u0259qiq\u0259tl\u0259rinin car\u00e7\u0131s\u0131 d\u00fcnyas\u0131n\u0131 d\u0259yi\u015fdi<\/span><\/p>\n<p><a href=\"https:\/\/infonews.az\/?p=12357\"><span style=\"color: #ff0000;\"><strong>&#8220;\u0130NFONEWS&#8221;<\/strong><\/span><\/a> &#8220;Karvannews.com&#8221; -a istinad\u0259n x\u0259b\u0259r verir.<\/p>\n<p><strong>Az\u0259rbaycan h\u0259qiq\u0259tl\u0259rinin t\u0259bli\u011f olunmas\u0131nda b\u00f6y\u00fck rol oynayan \u0130zmir\u2013Az\u0259rbaycan M\u0259d\u0259niyy\u0259t v\u0259 H\u0259mr\u0259ylik D\u0259rn\u0259yinin s\u0259dri M\u00fclazim Kardelen Pa\u015fa \u00f6mr\u00fcn\u00fcn 79-cu ilind\u0259 v\u0259fat edib.<\/strong><\/p>\n<p>\u018fsl\u0259n Az\u0259rbaycandan olan M\u00fclazim b\u0259y 1942-ci ild\u0259 anadan olub. Onun ata-babalar\u0131 1910\u20131915-ci ill\u0259rd\u0259 q\u0259dim Az\u0259rbaycan \u015f\u0259h\u0259ri olan \u0130r\u0259vandan T\u00fcrkiy\u0259y\u0259 k\u00f6\u00e7\u0259r\u0259k Qars \u015f\u0259h\u0259rind\u0259 m\u0259skunla\u015f\u0131blar. Sonradan \u0130zmir \u015f\u0259h\u0259rinin Bornovo \u015f\u0259h\u0259rind\u0259 ya\u015fayan h\u0259myerlimiz 2004-c\u00fc ild\u0259 Turqut Aratla birlikd\u0259 \u0130zmir\u2013Az\u0259rbaycan d\u0259rn\u0259yini qurur. D\u0259rn\u0259k 6 ild\u0259n sonra \u00f6z f\u0259aliyy\u0259tini dayand\u0131r\u0131r. \u0130zmird\u0259 ya\u015fayan az\u0259rbaycanl\u0131lar\u0131 bir araya g\u0259tirm\u0259k namin\u0259 2014-c\u00fc ild\u0259 \u0130zmir\u2013Az\u0259rbaycan M\u0259d\u0259niyy\u0259t v\u0259 H\u0259mr\u0259ylik D\u0259rn\u0259yinin yaranmas\u0131n\u0131n t\u0259\u015f\u0259bb\u00fcskar\u0131 v\u0259 r\u0259hb\u0259ri olur.<\/p>\n<p>Q\u0131sa m\u00fcdd\u0259td\u0259 qurum iki qarda\u015f xalq v\u0259 d\u00f6vl\u0259tin \u0259laq\u0259l\u0259rin\u0259 t\u00f6hf\u0259l\u0259r verir. \u00d6lk\u0259mizin tarixini, m\u0259d\u0259niyy\u0259tini, \u0259n\u0259n\u0259l\u0259rini T\u00fcrkiy\u0259d\u0259 ya\u015fadan \u00fcnvana \u00e7evrilir. Bornova b\u0259l\u0259diyy\u0259si il\u0259 birlikd\u0259 T\u00fcrkiy\u0259d\u0259 ikinci \u201cAz\u0259rbaycan dostluq park\u0131\u201dn\u0131n sal\u0131nmas\u0131n\u0131n, Xocal\u0131 \u015f\u0259hidl\u0259rinin xatir\u0259sin\u0259 abid\u0259 ucald\u0131lmas\u0131n\u0131n t\u0259\u015f\u0259bb\u00fcskar\u0131 olur.<\/p>\n<p><strong>&#8220;\u0130NFONEWS&#8221;<\/strong> komandas\u0131 bu a\u011f\u0131r itkid\u0259n k\u0259d\u0259rl\u0259ndiyini bildirir, Diasporla \u0130\u015f \u00fczr\u0259 D\u00f6vl\u0259t Komit\u0259sin\u0259, el\u0259c\u0259 d\u0259 m\u0259rhumun ail\u0259 \u00fczvl\u0259rin\u0259, yax\u0131nlar\u0131na, \u0130zmird\u0259ki Az\u0259rbaycan diasporuna d\u0259rin h\u00fcznl\u0259 ba\u015fsal\u0131\u011f\u0131 verir.<\/p>\n<p>ALLAH R\u018fHM\u018fT EL\u018fS\u0130N!<\/p>\n","protected":false},"excerpt":{"rendered":"<p>Az\u0259rbaycan &#8211; Qaraba\u011f h\u0259qiq\u0259tl\u0259rinin car\u00e7\u0131s\u0131 d\u00fcnyas\u0131n\u0131 d\u0259yi\u015fdi &#8220;\u0130NFONEWS&#8221; &#8220;Karvannews.com&#8221; -a istinad\u0259n x\u0259b\u0259r verir. Az\u0259rbaycan h\u0259qiq\u0259tl\u0259rinin t\u0259bli\u011f olunmas\u0131nda b\u00f6y\u00fck rol oynayan \u0130zmir\u2013Az\u0259rbaycan M\u0259d\u0259niyy\u0259t v\u0259 H\u0259mr\u0259ylik D\u0259rn\u0259yinin s\u0259dri M\u00fclazim Kardelen Pa\u015fa \u00f6mr\u00fcn\u00fcn&hellip; <\/p>\n","protected":false},"author":14,"featured_media":12358,"comment_status":"open","ping_status":"open","sticky":false,"template":"","format":"standard","meta":{"_mi_skip_tracking":false,"_monsterinsights_sitenote_active":false,"_monsterinsights_sitenote_note":"","_monsterinsights_sitenote_category":0,"footnotes":""},"categories":[330,5,11],"tags":[4771,15,4922],"aioseo_notices":[],"_links":{"self":[{"href":"https:\/\/infonews.az\/index.php?rest_route=\/wp\/v2\/posts\/12357"}],"collection":[{"href":"https:\/\/infonews.az\/index.php?rest_route=\/wp\/v2\/posts"}],"about":[{"href":"https:\/\/infonews.az\/index.php?rest_route=\/wp\/v2\/types\/post"}],"author":[{"embeddable":true,"href":"https:\/\/infonews.az\/index.php?rest_route=\/wp\/v2\/users\/14"}],"replies":[{"embeddable":true,"href":"https:\/\/infonews.az\/index.php?rest_route=%2Fwp%2Fv2%2Fcomments&post=12357"}],"version-history":[{"count":1,"href":"https:\/\/infonews.az\/index.php?rest_route=\/wp\/v2\/posts\/12357\/revisions"}],"predecessor-version":[{"id":12359,"href":"https:\/\/infonews.az\/index.php?rest_route=\/wp\/v2\/posts\/12357\/revisions\/12359"}],"wp:featuredmedia":[{"embeddable":true,"href":"https:\/\/infonews.az\/index.php?rest_route=\/wp\/v2\/media\/12358"}],"wp:attachment":[{"href":"https:\/\/infonews.az\/index.php?rest_route=%2Fwp%2Fv2%2Fmedia&parent=12357"}],"wp:term":[{"taxonomy":"category","embeddable":true,"href":"https:\/\/infonews.az\/index.php?rest_route=%2Fwp%2Fv2%2Fcategories&post=12357"},{"taxonomy":"post_tag","embeddable":true,"href":"https:\/\/infonews.az\/index.php?rest_route=%2Fwp%2Fv2%2Ftags&post=12357"}],"curies":[{"name":"wp","href":"https:\/\/api.w.org\/{rel}","templated":true}]}}