{"id":12461,"date":"2021-09-08T09:10:14","date_gmt":"2021-09-08T05:10:14","guid":{"rendered":"https:\/\/infonews.az\/?p=12461"},"modified":"2021-09-08T12:21:25","modified_gmt":"2021-09-08T08:21:25","slug":"bu-vaksinl%c9%99-peyv%c9%99ndl%c9%99n%c9%99nl%c9%99r-almaniyaya-g%c9%99l%c9%99-bilm%c9%99zl%c9%99r-r%c9%99smi","status":"publish","type":"post","link":"https:\/\/infonews.az\/?p=12461","title":{"rendered":"Bu vaksinl\u0259 peyv\u0259ndl\u0259n\u0259nl\u0259r Almaniyaya g\u0259l\u0259 bilm\u0259zl\u0259r- R\u018fSM\u0130"},"content":{"rendered":"<p><span style=\"color: #ffffff;\">Bu vaksinl\u0259 peyv\u0259ndl\u0259n\u0259nl\u0259r Almaniyaya g\u0259l\u0259 bilm\u0259zl\u0259r- R\u018fSM\u0130<\/span><\/p>\n<p><a href=\"https:\/\/infonews.az\/?p=12461\"><strong><span style=\"color: #ff0000;\">&#8220;\u0130NFONEWS&#8221;<\/span><\/strong><\/a> x\u0259b\u0259r verir.<\/p>\n<p><strong>Berlin M\u0259hk\u0259m\u0259si \u0130ran v\u0259t\u0259nda\u015f\u0131 v\u0259 ail\u0259sinin \u201cSinovac\u201d vaksini il\u0259 ba\u011fl\u0131 iddia \u0259riz\u0259sin\u0259 dair h\u00f6km\u00fcn\u00fc a\u00e7\u0131qlay\u0131b.<\/strong><\/p>\n<p>\u201cHaber Global\u201d -in m\u0259lumat\u0131na g\u00f6r\u0259, \u0259dliyy\u0259 orqan\u0131 Avropa \u0130ttifaq\u0131 \u00f6lk\u0259si v\u0259t\u0259nda\u015f\u0131 olmayan v\u0259 koronavirusa qar\u015f\u0131 \u201cSinovac\u201d peyv\u0259ndil\u0259 vaksinasiya olunmu\u015f \u015f\u0259xsl\u0259rin \u00f6lk\u0259y\u0259 burax\u0131lmamas\u0131 il\u0259 ba\u011fl\u0131 q\u0259rar\u0131 qanuni sayaraq q\u00fcvv\u0259d\u0259 saxlay\u0131b.<\/p>\n<p>M\u0259hk\u0259m\u0259 q\u0259tnam\u0259sin\u0259 \u0259sas\u0259n, ad\u0131\u00e7\u0259kil\u0259n vaksinl\u0259 peyv\u0259nd olunanlar \u0259vv\u0259ll\u0259r oldu\u011fu kimi, bundan sonra da Almaniya \u0259razisin\u0259 burax\u0131lmayacaq.<\/p>\n<p>Qeyd ed\u0259k ki, \u00f6lk\u0259 h\u00f6kum\u0259ti yaln\u0131z \u201cBioNTech\/Pfizer\u201d, \u201cModerna\u201d, \u201cAstraZeneca\u201d v\u0259 \u201cJohnson &amp; Johnson\u201d vaksinl\u0259rini r\u0259sm\u0259n tan\u0131y\u0131r.<\/p>\n<p>&nbsp;<\/p>\n","protected":false},"excerpt":{"rendered":"<p>Bu vaksinl\u0259 peyv\u0259ndl\u0259n\u0259nl\u0259r Almaniyaya g\u0259l\u0259 bilm\u0259zl\u0259r- R\u018fSM\u0130 &#8220;\u0130NFONEWS&#8221; x\u0259b\u0259r verir. Berlin M\u0259hk\u0259m\u0259si \u0130ran v\u0259t\u0259nda\u015f\u0131 v\u0259 ail\u0259sinin \u201cSinovac\u201d vaksini il\u0259 ba\u011fl\u0131 iddia \u0259riz\u0259sin\u0259 dair h\u00f6km\u00fcn\u00fc a\u00e7\u0131qlay\u0131b. \u201cHaber Global\u201d -in m\u0259lumat\u0131na g\u00f6r\u0259,&hellip; <\/p>\n","protected":false},"author":14,"featured_media":12104,"comment_status":"open","ping_status":"open","sticky":false,"template":"","format":"standard","meta":{"_mi_skip_tracking":false,"_monsterinsights_sitenote_active":false,"_monsterinsights_sitenote_note":"","_monsterinsights_sitenote_category":0,"footnotes":""},"categories":[9,4,699,11],"tags":[123,135,15,3352],"aioseo_notices":[],"_links":{"self":[{"href":"https:\/\/infonews.az\/index.php?rest_route=\/wp\/v2\/posts\/12461"}],"collection":[{"href":"https:\/\/infonews.az\/index.php?rest_route=\/wp\/v2\/posts"}],"about":[{"href":"https:\/\/infonews.az\/index.php?rest_route=\/wp\/v2\/types\/post"}],"author":[{"embeddable":true,"href":"https:\/\/infonews.az\/index.php?rest_route=\/wp\/v2\/users\/14"}],"replies":[{"embeddable":true,"href":"https:\/\/infonews.az\/index.php?rest_route=%2Fwp%2Fv2%2Fcomments&post=12461"}],"version-history":[{"count":1,"href":"https:\/\/infonews.az\/index.php?rest_route=\/wp\/v2\/posts\/12461\/revisions"}],"predecessor-version":[{"id":12462,"href":"https:\/\/infonews.az\/index.php?rest_route=\/wp\/v2\/posts\/12461\/revisions\/12462"}],"wp:featuredmedia":[{"embeddable":true,"href":"https:\/\/infonews.az\/index.php?rest_route=\/wp\/v2\/media\/12104"}],"wp:attachment":[{"href":"https:\/\/infonews.az\/index.php?rest_route=%2Fwp%2Fv2%2Fmedia&parent=12461"}],"wp:term":[{"taxonomy":"category","embeddable":true,"href":"https:\/\/infonews.az\/index.php?rest_route=%2Fwp%2Fv2%2Fcategories&post=12461"},{"taxonomy":"post_tag","embeddable":true,"href":"https:\/\/infonews.az\/index.php?rest_route=%2Fwp%2Fv2%2Ftags&post=12461"}],"curies":[{"name":"wp","href":"https:\/\/api.w.org\/{rel}","templated":true}]}}