{"id":12490,"date":"2021-09-08T11:24:35","date_gmt":"2021-09-08T07:24:35","guid":{"rendered":"https:\/\/infonews.az\/?p=12490"},"modified":"2021-09-08T15:17:01","modified_gmt":"2021-09-08T11:17:01","slug":"az%c9%99rbaycanda-hokum%c9%99t-uzvl%c9%99rinin-sayi-34-%c9%99-catdi","status":"publish","type":"post","link":"https:\/\/infonews.az\/?p=12490","title":{"rendered":"Az\u0259rbaycanda h\u00f6kum\u0259t \u00fczvl\u0259rinin say\u0131 34-\u0259 \u00e7atd\u0131"},"content":{"rendered":"<p><span style=\"color: #ffffff;\">Az\u0259rbaycanda h\u00f6kum\u0259t \u00fczvl\u0259rinin say\u0131 34-\u0259 \u00e7atd\u0131<\/span><\/p>\n<blockquote><p><b>Prezident \u0130lham \u018fliyev sentyabr\u0131n 7-d\u0259 F\u0259rid Qay\u0131bovu G\u0259ncl\u0259r v\u0259 \u0130dman naziri t\u0259yin etdikd\u0259n sonra Az\u0259rbaycanda Nazirl\u0259r Kabineti \u00fczvl\u0259rinin say\u0131 34-\u0259 \u00e7at\u0131b.<\/b><\/p><\/blockquote>\n<p><span style=\"color: #ff0000;\"><a style=\"color: #ff0000;\" href=\"https:\/\/infonews.az\/\"><b>&#8220;\u0130NFONEWS&#8221;<\/b><\/a><\/span>\u00a0x\u0259b\u0259r verir ki, bu ilin aprel ay\u0131n\u0131n sonlar\u0131nda G\u0259ncl\u0259r v\u0259 \u0130dman naziri v\u0259zif\u0259sini tutan Azad R\u0259himov v\u0259fat etdikd\u0259n sonra h\u0259min post bo\u015f qalm\u0131\u015fd\u0131.<\/p>\n<p>Haz\u0131rda Az\u0259rbaycanda t\u0259kc\u0259 S\u0259hiyy\u0259 naziri v\u0259zif\u0259si bo\u015fdur.<\/p>\n<p><i><b>Az\u0259rbaycanda Nazirl\u0259r Kabineti \u00fczvl\u0259rinin siyah\u0131s\u0131n\u0131 t\u0259qdim edirik:<\/b><\/i><\/p>\n<p><b>Az\u0259rbaycan Respublikas\u0131n\u0131n Ba\u015f naziri\u00a0&#8211;\u00a0\u018fli Hiday\u0259t o\u011flu \u018fs\u0259dov<\/b><\/p>\n<p>Az\u0259rbaycan Respublikas\u0131 Ba\u015f nazirinin birinci m\u00fcavini \u2013\u00a0<strong>Yaqub Abdulla o\u011flu Eyyubov<\/strong><\/p>\n<p>Az\u0259rbaycan Respublikas\u0131 Ba\u015f nazirinin m\u00fcavini \u2013\u00a0<strong>\u018fli Cavad o\u011flu \u018fhm\u0259dov<\/strong><\/p>\n<p>Az\u0259rbaycan Respublikas\u0131 Ba\u015f nazirinin m\u00fcavini &#8211;\u00a0<strong>\u015eahin Abdulla o\u011flu Mustafayev<\/strong><\/p>\n<p>Az\u0259rbaycan Respublikas\u0131n\u0131n Daxili \u0130\u015fl\u0259r naziri \u2013\u00a0<strong>Vilay\u0259t S\u00fcleyman o\u011flu Eyvazov<\/strong><\/p>\n<p>Az\u0259rbaycan Respublikas\u0131n\u0131n Ekologiya v\u0259 T\u0259bii S\u0259rv\u0259tl\u0259r naziri \u2013\u00a0<strong>Muxtar Bahadur o\u011flu Babayev<\/strong><\/p>\n<p>Az\u0259rbaycan Respublikas\u0131n\u0131n Energetika naziri \u2013\u00a0<strong>P\u0259rviz Oqtay o\u011flu \u015eahbazov<\/strong><\/p>\n<p>Az\u0259rbaycan Respublikas\u0131n\u0131n \u018fdliyy\u0259 naziri \u2013\u00a0<strong>Fikr\u0259t F\u0259rrux o\u011flu M\u0259mm\u0259dov<\/strong><\/p>\n<p>Az\u0259rbaycan Respublikas\u0131n\u0131n \u018fm\u0259k v\u0259 \u018fhalinin Sosial M\u00fcdafi\u0259si naziri \u2013\u00a0<strong>Sahil Rafiq o\u011flu Babayev<\/strong><\/p>\n<p>Az\u0259rbaycan Respublikas\u0131n\u0131n F\u00f6vq\u0259lad\u0259 Hallar naziri \u2013\u00a0<strong>K\u0259mal\u0259ddin F\u0259ttah o\u011flu Heyd\u0259rov<\/strong><\/p>\n<p>Az\u0259rbaycan Respublikas\u0131n\u0131n G\u0259ncl\u0259r v\u0259 \u0130dman naziri \u2013\u00a0<b>F\u0259rid Fazil o\u011flu Qay\u0131bov<\/b><\/p>\n<p>Az\u0259rbaycan Respublikas\u0131n\u0131n Xarici \u0130\u015fl\u0259r naziri \u2013\u00a0<strong>Ceyhun \u018fziz o\u011flu Bayramov<\/strong><\/p>\n<p>Az\u0259rbaycan Respublikas\u0131n\u0131n \u0130qtisadiyyat naziri \u2013\u00a0<strong>Mikay\u0131l \u00c7ingiz o\u011flu Cabbarov<\/strong><\/p>\n<p>Az\u0259rbaycan Respublikas\u0131n\u0131n K\u0259nd T\u0259s\u0259rr\u00fcfati naziri \u2013\u00a0<strong>\u0130nam \u0130mdad o\u011flu K\u0259rimov<\/strong><\/p>\n<p>Az\u0259rbaycan Respublikas\u0131n\u0131n Maliyy\u0259 naziri \u2013\u00a0<strong>Samir Rauf o\u011flu \u015e\u0259rifov<\/strong><\/p>\n<p>Az\u0259rbaycan Respublikas\u0131n\u0131n M\u0259d\u0259niyy\u0259t naziri \u2013\u00a0<strong>Anar Qabil o\u011flu K\u0259rimov<\/strong><\/p>\n<p>Az\u0259rbaycan Respublikas\u0131n\u0131n M\u00fcdafi\u0259 naziri \u2013\u00a0<strong>Zakir \u018fsg\u0259r o\u011flu H\u0259s\u0259nov<\/strong><\/p>\n<p>Az\u0259rbaycan Respublikas\u0131n\u0131n M\u00fcdafi\u0259 S\u0259nayesi naziri \u2013<strong>\u00a0M\u0259d\u0259t Q\u0259z\u0259nf\u0259r o\u011flu Quliyev<\/strong><\/p>\n<p>Az\u0259rbaycan Respublikas\u0131n\u0131n N\u0259qliyyat, Rabit\u0259 v\u0259 Y\u00fcks\u0259k Texnologiyalar naziri \u2013\u00a0<strong>R\u0259\u015fad N\u0259bi o\u011flu N\u0259biyev\u00a0<\/strong><\/p>\n<p>Az\u0259rbaycan Respublikas\u0131n\u0131n S\u0259hiyy\u0259 naziri \u2013<\/p>\n<p>Az\u0259rbaycan Respublikas\u0131n\u0131n T\u0259hsil naziri \u2013\u00a0<strong>Emin Eldar o\u011flu \u018fmrullayev<\/strong><\/p>\n<p>Ail\u0259, Qad\u0131n v\u0259 U\u015faq Probleml\u0259ri \u00fczr\u0259 D\u00f6vl\u0259t Komit\u0259sinin s\u0259dri \u2013\u00a0<strong>Bahar\u00a0\u018fv\u0259z q\u0131z\u0131\u00a0Muradova\u00a0<\/strong><\/p>\n<p>Diasporla \u0130\u015f \u00fczr\u0259 D\u00f6vl\u0259t Komit\u0259sinin s\u0259dri \u2013<strong>\u00a0Fuad Rauf o\u011flu Muradov<\/strong><\/p>\n<p>Dini Qurumlarla \u0130\u015f \u00fczr\u0259 D\u00f6vl\u0259t Komit\u0259sinin s\u0259dri \u2013\u00a0<strong>M\u00fcbariz Q\u0259hr\u0259man o\u011flu Qurbanl\u0131<\/strong><\/p>\n<p>D\u00f6vl\u0259t G\u00f6mr\u00fck Komit\u0259sinin s\u0259dri \u2013\u00a0<strong>S\u0259f\u0259r M\u0259mm\u0259d o\u011flu Mehdiyev<\/strong><\/p>\n<p>D\u00f6vl\u0259t Statistika Komit\u0259sinin s\u0259dri \u2013\u00a0<strong>Tahir Yaqub o\u011flu Budaqov<\/strong><\/p>\n<p>D\u00f6vl\u0259t \u015e\u0259h\u0259rsalma v\u0259 Arxitektura Komit\u0259sinin s\u0259dri \u2013\u00a0<strong>Anar Adil o\u011flu Quliyev<\/strong><strong>\u00a0<\/strong><\/p>\n<p>Qa\u00e7q\u0131nlar\u0131n v\u0259 M\u0259cburi K\u00f6\u00e7k\u00fcnl\u0259rin \u0130\u015fl\u0259ri \u00fczr\u0259 D\u00f6vl\u0259t Komit\u0259sinin s\u0259dri \u2013\u00a0<strong>R\u00f6v\u015f\u0259n \u015e\u00fck\u00fcr o\u011flu Rzayev\u00a0<\/strong><\/p>\n<p>D\u00f6vl\u0259t Miqrasiya Xidm\u0259tinin r\u0259isi \u2013\u00a0<strong>V\u00fcsal \u018ffqan o\u011flu H\u00fcseynov<\/strong><\/p>\n<p>D\u00f6vl\u0259t S\u0259rh\u0259d Xidm\u0259tinin r\u0259isi \u2013\u00a0<strong>El\u00e7in \u0130sa\u011fa o\u011flu Quliyev<\/strong><\/p>\n<p>D\u00f6vl\u0259t T\u0259hl\u00fck\u0259sizliyi Xidm\u0259tinin r\u0259isi \u2013\u00a0<strong>\u018fli Na\u011f\u0131 o\u011flu Na\u011f\u0131yev<\/strong><\/p>\n<p>Xarici K\u0259\u015ffiyyat Xidm\u0259tinin r\u0259isi \u2013\u00a0<strong>Orxan Sedyar o\u011flu Sultanov<\/strong><\/p>\n<p>S\u0259f\u0259rb\u0259rlik v\u0259 H\u0259rbi Xidm\u0259t\u0259 \u00c7a\u011f\u0131r\u0131\u015f \u00fczr\u0259 D\u00f6vl\u0259t Xidm\u0259tinin r\u0259isi \u2013\u00a0<strong>Arzu Yusif o\u011flu R\u0259himov<\/strong><\/p>\n<p>Qida T\u0259hl\u00fck\u0259sizliyi Agentliyinin s\u0259dri \u2013\u00a0<strong>Qo\u015fqar \u0130lahi o\u011flu T\u0259hm\u0259zli<\/strong><\/p>\n<p>D\u00f6vl\u0259t Turizm Agentliyinin s\u0259dri \u2013\u00a0<strong>Fuad H\u00fcmb\u0259t o\u011flu Na\u011f\u0131yev<\/strong><\/p>\n","protected":false},"excerpt":{"rendered":"<p>Az\u0259rbaycanda h\u00f6kum\u0259t \u00fczvl\u0259rinin say\u0131 34-\u0259 \u00e7atd\u0131 Prezident \u0130lham \u018fliyev sentyabr\u0131n 7-d\u0259 F\u0259rid Qay\u0131bovu G\u0259ncl\u0259r v\u0259 \u0130dman naziri t\u0259yin etdikd\u0259n sonra Az\u0259rbaycanda Nazirl\u0259r Kabineti \u00fczvl\u0259rinin say\u0131 34-\u0259 \u00e7at\u0131b. &#8220;\u0130NFONEWS&#8221;\u00a0x\u0259b\u0259r verir ki,&hellip; <\/p>\n","protected":false},"author":3,"featured_media":2776,"comment_status":"open","ping_status":"open","sticky":false,"template":"","format":"standard","meta":{"_mi_skip_tracking":false,"_monsterinsights_sitenote_active":false,"_monsterinsights_sitenote_note":"","_monsterinsights_sitenote_category":0,"footnotes":""},"categories":[6,11],"tags":[85],"aioseo_notices":[],"_links":{"self":[{"href":"https:\/\/infonews.az\/index.php?rest_route=\/wp\/v2\/posts\/12490"}],"collection":[{"href":"https:\/\/infonews.az\/index.php?rest_route=\/wp\/v2\/posts"}],"about":[{"href":"https:\/\/infonews.az\/index.php?rest_route=\/wp\/v2\/types\/post"}],"author":[{"embeddable":true,"href":"https:\/\/infonews.az\/index.php?rest_route=\/wp\/v2\/users\/3"}],"replies":[{"embeddable":true,"href":"https:\/\/infonews.az\/index.php?rest_route=%2Fwp%2Fv2%2Fcomments&post=12490"}],"version-history":[{"count":1,"href":"https:\/\/infonews.az\/index.php?rest_route=\/wp\/v2\/posts\/12490\/revisions"}],"predecessor-version":[{"id":12491,"href":"https:\/\/infonews.az\/index.php?rest_route=\/wp\/v2\/posts\/12490\/revisions\/12491"}],"wp:featuredmedia":[{"embeddable":true,"href":"https:\/\/infonews.az\/index.php?rest_route=\/wp\/v2\/media\/2776"}],"wp:attachment":[{"href":"https:\/\/infonews.az\/index.php?rest_route=%2Fwp%2Fv2%2Fmedia&parent=12490"}],"wp:term":[{"taxonomy":"category","embeddable":true,"href":"https:\/\/infonews.az\/index.php?rest_route=%2Fwp%2Fv2%2Fcategories&post=12490"},{"taxonomy":"post_tag","embeddable":true,"href":"https:\/\/infonews.az\/index.php?rest_route=%2Fwp%2Fv2%2Ftags&post=12490"}],"curies":[{"name":"wp","href":"https:\/\/api.w.org\/{rel}","templated":true}]}}