{"id":12498,"date":"2021-09-08T14:27:52","date_gmt":"2021-09-08T10:27:52","guid":{"rendered":"https:\/\/infonews.az\/?p=12498"},"modified":"2021-09-08T15:50:36","modified_gmt":"2021-09-08T11:50:36","slug":"h%c9%99bsd%c9%99-olan-general-rovs%c9%99n-%c9%99kb%c9%99rov-etiraf-edib","status":"publish","type":"post","link":"https:\/\/infonews.az\/?p=12498","title":{"rendered":"H\u0259bsd\u0259 olan general R\u00f6v\u015f\u0259n \u018fkb\u0259rov etiraf edib"},"content":{"rendered":"<p><span style=\"color: #ffffff;\">H\u0259bsd\u0259 olan general R\u00f6v\u015f\u0259n \u018fkb\u0259rov etiraf edib<\/span><\/p>\n<blockquote><p><b>Bu g\u00fcn Bak\u0131 H\u0259rbi M\u0259hk\u0259m\u0259sind\u0259 sabiq birlik komandiri, general-leytenant R\u00f6v\u015f\u0259n \u018fkb\u0259rovun cinay\u0259t i\u015fi \u00fczr\u0259 m\u0259hk\u0259m\u0259 iclas\u0131 davam etdirilib.<\/b><\/p><\/blockquote>\n<p><a href=\"https:\/\/infonews.az\/\"><span style=\"color: #ff0000;\"><b>&#8220;\u0130NFONEWS&#8221;<\/b><\/span><\/a>\u00a0&#8220;report&#8221;a istinad\u0259n x\u0259b\u0259r verir ki, m\u0259hk\u0259m\u0259nin s\u0259dri H\u0259bib H\u0259s\u0259novun s\u0259drliyi il\u0259 ke\u00e7iril\u0259n prosesd\u0259 \u015fahid qismind\u0259 vaxtil\u0259 M\u00fcdafi\u0259 Nazirliyinin t\u0259rkibind\u0259 M\u00fclki M\u00fcdafi\u0259 \u00fczr\u0259 Q\u0259rargah r\u0259isinin m\u00fcavini i\u015fl\u0259mi\u015f, ehtiyatda olan polkovnik Elxan C\u0259biyev dindirilib.<\/p>\n<p>O deyib ki, 2001-ci ilin may ay\u0131n\u0131n sonlar\u0131nda Ukraynan\u0131n Kiyev \u015f\u0259h\u0259rind\u0259 ke\u00e7iril\u0259n t\u0259dbird\u0259 i\u015ftirak edib: \u201cH\u0259min t\u0259dbird\u0259 R\u00f6v\u015f\u0259n \u018fkb\u0259rovla tan\u0131\u015f oldum.<\/p>\n<p>Kiyevd\u0259n qay\u0131tmazdan \u0259vv\u0259lki g\u00fcn, may\u0131n 31-d\u0259 o, m\u0259nd\u0259n bir ba\u011flaman\u0131 Bak\u0131ya aparma\u011f\u0131m\u0131 xahi\u015f etdi. S\u0259firliy\u0259 gedib ba\u011flaman\u0131 g\u00f6t\u00fcrd\u00fcm. S\u0259h\u0259ri g\u00fcn is\u0259 Bak\u0131ya g\u0259tirdim, i\u00e7\u0259risind\u0259 n\u0259 oldu\u011funu bilmirdim\u201d.<\/p>\n<p>Daha sonra &#8220;Olaylar&#8221; q\u0259zetinin ba\u015f redaktoru, q\u0259tl\u0259 yetiril\u0259n El\u00e7in \u018fliyevin yax\u0131n dostu olmu\u015f Yunis O\u011fuz ifad\u0259 verib.<\/p>\n<p>O bildirib ki, hadis\u0259nin s\u0259h\u0259risi g\u00fcn\u00fc E.\u018fliyevin q\u0259tl\u0259 yetirildiyini e\u015fidib: \u201cEl\u00e7inin atas\u0131gil\u0259 g\u0259l\u0259nd\u0259 orada s\u00f6z-s\u00f6hb\u0259t g\u0259zirdi ki, onu R\u00f6v\u015f\u0259n \u018fkb\u0259rov \u00f6ld\u00fcr\u00fcb.<\/p>\n<p>El\u00e7inin meyitini g\u0259tirm\u0259y\u0259 ged\u0259n Nazim \u0130brahimov da m\u0259nim yax\u0131n dostum olub. H\u0259m o, h\u0259m d\u0259 Ukaynada olan qarda\u015f\u0131m Musaxan \u018fliyev s\u00f6yl\u0259di ki, El\u00e7ini R\u00f6v\u015f\u0259n q\u0259tl\u0259 yetirib. Qarda\u015f\u0131m hadis\u0259 vaxt\u0131 orada olmay\u0131b, bu haqda e\u015fidib\u201d.<\/p>\n<p>R.\u018fkb\u0259rov Y.O\u011fuzun ifad\u0259sin\u0259 etiraz edib. O s\u00f6yl\u0259yib ki, hadis\u0259 vaxt\u0131 orada olan M\u0259zahir \u015e\u0131x\u0259liyev olaydan 3 g\u00fcn sonra \u00f6ld\u00fcr\u0259n adam\u0131n kimliyini m\u00fc\u0259yy\u0259n etm\u0259k \u00fc\u00e7\u00fcn \u015f\u0259kil ist\u0259yib: \u201cBu halda hadis\u0259 g\u00fcn\u00fc onun Yunis O\u011fuza m\u0259lumat verm\u0259si ziddiy\u0259tlidir\u201d.<\/p>\n<p>M\u0259hk\u0259m\u0259d\u0259 q\u0259tl\u0259 yetiril\u0259n E.\u018fliyevin qohumu Elman A\u011fayev d\u0259 dindirilib. O vur\u011fulay\u0131b ki, hadis\u0259d\u0259n bir ne\u00e7\u0259 saat \u0259vv\u0259l E.\u018fliyevl\u0259 telefonla dan\u0131\u015f\u0131b:<\/p>\n<p>\u201cO, R\u00f6v\u015f\u0259n \u018fkb\u0259rov adl\u0131 general\u0131n Ukraynada qonaq oldu\u011funu, onunla g\u00f6r\u00fc\u015fd\u00fckl\u0259rini, h\u0259min g\u00fcn d\u0259 yenid\u0259n g\u00f6r\u00fc\u015f\u0259c\u0259kl\u0259rini s\u00f6yl\u0259di. S\u0259h\u0259ri g\u00fcn z\u0259ng g\u0259ldi ki, El\u00e7ini q\u0259tl\u0259 yetiribl\u0259r. Nazim \u0130brahimov El\u00e7inin meyitini g\u0259tirdikd\u0259n sonra m\u0259n\u0259 R\u00f6v\u015f\u0259n \u018fkb\u0259rovla g\u00f6r\u00fc\u015fd\u00fcy\u00fcn\u00fc bildirdi. R\u00f6v\u015f\u0259n \u018fkb\u0259rov Nazim \u0130brahimova El\u00e7ini \u00f6ld\u00fcrd\u00fcy\u00fcn\u00fc etiraf edib\u201d.<\/p>\n<p>General\u0131n v\u0259kill\u0259ri \u015fahidin 2003-c\u00fc ild\u0259ki ifad\u0259si il\u0259 haz\u0131rk\u0131 ifad\u0259si aras\u0131nda k\u0259skin ziddiy\u0259tl\u0259r oldu\u011funu deyibl\u0259r. Bel\u0259 ki, E.A\u011fayev \u0259vv\u0259lki ifad\u0259sind\u0259 N.\u0130brahimovun hadis\u0259d\u0259n sonra 1 il gizl\u0259ndiyini bildirib.<\/p>\n<p>\u015eahid 17 il \u0259vv\u0259l ifad\u0259 verdiyini, h\u0259r \u015feyi detall\u0131 xat\u0131rlamad\u0131\u011f\u0131n\u0131 deyib: \u201cAmma biz bilirik ki, R\u00f6v\u015f\u0259n \u018fkb\u0259rov \u0259vv\u0259lc\u0259 M\u0259zahirin sabiq daxili i\u015fl\u0259r naziri \u0130sg\u0259nd\u0259r H\u0259midovun s\u00fcr\u00fcc\u00fcs\u00fc oldu\u011funu bil\u0259nd\u0259n sonra vurub. Daha sonra ma\u015f\u0131ndan k\u00fct al\u0259t g\u00f6t\u00fcr\u00fcb El\u00e7ini \u00f6ld\u00fcr\u00fcb. Q\u00fcdr\u0259t d\u0259 onun yan\u0131nda olub&#8221;.<\/p>\n<p>M\u0259hk\u0259m\u0259nin n\u00f6vb\u0259ti iclas\u0131 sentyabr\u0131n 15-n\u0259 t\u0259yin edilib.<\/p>\n<p>Qeyd ed\u0259k ki, r\u0259smi m\u0259lumata \u0259sas\u0259n, R\u00f6v\u015f\u0259n \u018fkb\u0259rovun 2001-ci il may\u0131n 31-d\u0259n iyunun 1-n\u0259 ke\u00e7\u0259n gec\u0259 Kiyev \u015f\u0259h\u0259ri, Deqtyaryov k\u00fc\u00e7\u0259si 7 \u00fcnvanda yerl\u0259\u015f\u0259n \u201cSikora\u201d kafesind\u0259 yeyib-i\u00e7dikd\u0259n sonra, saat 04 rad\u0259l\u0259rind\u0259 h\u0259min kafenin yax\u0131nl\u0131\u011f\u0131nda El\u00e7in \u018fliyev il\u0259 aralar\u0131nda yaranm\u0131\u015f c\u00fczi m\u00fcnaqi\u015f\u0259 s\u0259b\u0259bind\u0259n xuliqanl\u0131q niyy\u0259ti il\u0259 sonuncunun \u00fcr\u0259k nahiy\u0259sin\u0259 k\u0259sici-de\u015fici predmetl\u0259 x\u0259sar\u0259t yetir\u0259r\u0259k El\u00e7in \u018fliyevi q\u0259sd\u0259n \u00f6ld\u00fcrm\u0259sin\u0259 \u0259sasl\u0131 \u015f\u00fcbh\u0259l\u0259r m\u00fc\u0259yy\u0259n edilib.<\/p>\n<p>R\u00f6v\u015f\u0259n \u018fkb\u0259rova Cinay\u0259t M\u0259c\u0259ll\u0259sinin 12.1, 120.2.2 (q\u0259sd\u0259n adam \u00f6ld\u00fcrm\u0259) v\u0259 12.1, 221.3-c\u00fc (xuliqanl\u0131q) madd\u0259l\u0259ri il\u0259 ittiham elan edil\u0259r\u0259k, bar\u0259sind\u0259 m\u0259hk\u0259m\u0259nin q\u0259rar\u0131 il\u0259 h\u0259bs q\u0259timkan t\u0259dbiri se\u00e7ilib. Onun bar\u0259sind\u0259 olan cinay\u0259t i\u015finin istintaq\u0131 ba\u015fa \u00e7atd\u0131r\u0131laraq bax\u0131lmas\u0131 \u00fc\u00e7\u00fcn Bak\u0131 H\u0259rbi M\u0259hk\u0259m\u0259sin\u0259 g\u00f6nd\u0259rilib.<\/p>\n","protected":false},"excerpt":{"rendered":"<p>H\u0259bsd\u0259 olan general R\u00f6v\u015f\u0259n \u018fkb\u0259rov etiraf edib Bu g\u00fcn Bak\u0131 H\u0259rbi M\u0259hk\u0259m\u0259sind\u0259 sabiq birlik komandiri, general-leytenant R\u00f6v\u015f\u0259n \u018fkb\u0259rovun cinay\u0259t i\u015fi \u00fczr\u0259 m\u0259hk\u0259m\u0259 iclas\u0131 davam etdirilib. &#8220;\u0130NFONEWS&#8221;\u00a0&#8220;report&#8221;a istinad\u0259n x\u0259b\u0259r verir ki,&hellip; <\/p>\n","protected":false},"author":3,"featured_media":10703,"comment_status":"open","ping_status":"open","sticky":false,"template":"","format":"standard","meta":{"_mi_skip_tracking":false,"_monsterinsights_sitenote_active":false,"_monsterinsights_sitenote_note":"","_monsterinsights_sitenote_category":0,"footnotes":""},"categories":[5,11],"tags":[4333],"aioseo_notices":[],"_links":{"self":[{"href":"https:\/\/infonews.az\/index.php?rest_route=\/wp\/v2\/posts\/12498"}],"collection":[{"href":"https:\/\/infonews.az\/index.php?rest_route=\/wp\/v2\/posts"}],"about":[{"href":"https:\/\/infonews.az\/index.php?rest_route=\/wp\/v2\/types\/post"}],"author":[{"embeddable":true,"href":"https:\/\/infonews.az\/index.php?rest_route=\/wp\/v2\/users\/3"}],"replies":[{"embeddable":true,"href":"https:\/\/infonews.az\/index.php?rest_route=%2Fwp%2Fv2%2Fcomments&post=12498"}],"version-history":[{"count":1,"href":"https:\/\/infonews.az\/index.php?rest_route=\/wp\/v2\/posts\/12498\/revisions"}],"predecessor-version":[{"id":12499,"href":"https:\/\/infonews.az\/index.php?rest_route=\/wp\/v2\/posts\/12498\/revisions\/12499"}],"wp:featuredmedia":[{"embeddable":true,"href":"https:\/\/infonews.az\/index.php?rest_route=\/wp\/v2\/media\/10703"}],"wp:attachment":[{"href":"https:\/\/infonews.az\/index.php?rest_route=%2Fwp%2Fv2%2Fmedia&parent=12498"}],"wp:term":[{"taxonomy":"category","embeddable":true,"href":"https:\/\/infonews.az\/index.php?rest_route=%2Fwp%2Fv2%2Fcategories&post=12498"},{"taxonomy":"post_tag","embeddable":true,"href":"https:\/\/infonews.az\/index.php?rest_route=%2Fwp%2Fv2%2Ftags&post=12498"}],"curies":[{"name":"wp","href":"https:\/\/api.w.org\/{rel}","templated":true}]}}