{"id":12767,"date":"2021-09-14T19:31:01","date_gmt":"2021-09-14T15:31:01","guid":{"rendered":"https:\/\/infonews.az\/?p=12767"},"modified":"2021-09-14T22:32:49","modified_gmt":"2021-09-14T18:32:49","slug":"diqq%c9%99t-m%c9%99rk%c9%99zi-s%c9%99hidl%c9%99r-s%c9%99hid-cavansir-%c9%99hm%c9%99dov","status":"publish","type":"post","link":"https:\/\/infonews.az\/?p=12767","title":{"rendered":"\u201cDiqq\u0259t M\u0259rk\u0259zi: \u015e\u018fH\u0130DL\u018fR\u201d \u2013 \u015e\u0259hid Cavan\u015fir \u018fhm\u0259dov"},"content":{"rendered":"<p><span style=\"color: #ffffff;\"><strong>\u201cDiqq\u0259t M\u0259rk\u0259zi: \u015e\u018fH\u0130DL\u018fR\u201d \u2013 <\/strong><strong><em>\u015e\u0259hid Cavan\u015fir \u018fhm\u0259dov<\/em><\/strong><\/span><\/p>\n<p><img loading=\"lazy\" decoding=\"async\" class=\"aligncenter size-full wp-image-12769\" src=\"https:\/\/infonews.az\/wp-content\/uploads\/2021\/09\/Photo_1616748607889_Processed-01.jpg\" alt=\"\" width=\"720\" height=\"1120\" srcset=\"https:\/\/infonews.az\/wp-content\/uploads\/2021\/09\/Photo_1616748607889_Processed-01.jpg?v=1660873402 720w, https:\/\/infonews.az\/wp-content\/uploads\/2021\/09\/Photo_1616748607889_Processed-01-193x300.jpg?v=1660873402 193w, https:\/\/infonews.az\/wp-content\/uploads\/2021\/09\/Photo_1616748607889_Processed-01-658x1024.jpg?v=1660873402 658w\" sizes=\"(max-width: 720px) 100vw, 720px\" \/><\/p>\n<p><a href=\"https:\/\/infonews.az\/?p=12767\"><strong><span style=\"color: #ff0000;\">&#8220;\u0130NFONEWS&#8221;<\/span><\/strong><\/a><b> t\u0259qdim edir.<\/b><\/p>\n<blockquote><p><strong>Az\u0259rbaycan G\u0259nclik Platformu\u00a0(AGP),\u00a0\u201c\u0130NFONEWS\u201d\u00a0Operativ\u00a0\u0130nformasiya Agentliyi v\u0259 Fransa-Az\u0259rbaycan Dialoqu Assosiasiyas\u0131n\u0131n\u00a0birg\u0259 t\u0259\u015fkilat\u00e7\u0131l\u0131\u011f\u0131 il\u0259 \u201cDiqq\u0259t M\u0259rk\u0259zi: \u015e\u018fH\u0130DL\u018fR\u201d\u00a0layih\u0259sinin bug\u00fcnki qona\u011f\u0131 \u015e\u0259hid Cavan\u015fir \u018fhm\u0259dovun anas\u0131 V\u0259fa xan\u0131md\u0131r.<\/strong><\/p><\/blockquote>\n<p>Cavan\u015fir Elxan o\u011flu \u018fhm\u0259dov 2001-ci il 6 mayda X\u0131rdalan \u015f\u0259h\u0259rind\u0259 anadan olub. 2007-ci ild\u0259 X\u0131rdalan \u015f\u0259h\u0259ri 1 sayl\u0131 tam orta m\u0259kd\u0259bd\u0259 t\u0259hsil alma\u011fa ba\u015flay\u0131b. \u0130dmana olan b\u00f6y\u00fck h\u0259v\u0259si el\u0259 u\u015faql\u0131q ill\u0259rind\u0259n yaran\u0131b. Bel\u0259 ki, o, a\u011f\u0131r atletikaya maraq g\u00f6st\u0259r\u0259r\u0259k, ciddi m\u0259\u015fqul olma\u011fa ba\u015flay\u0131r v\u0259 q\u0131sa zaman k\u0259siyind\u0259 q\u0259l\u0259b\u0259l\u0259r \u0259ld\u0259 edir v\u0259 bir s\u0131ra u\u011furlara imza atm\u0131\u015f olur. El\u0259c\u0259 d\u0259 t\u0259hsilinin n\u00f6vb\u0259ti m\u0259rh\u0259l\u0259sini \u00a0<em>&#8220;Odlar Yurdu&#8221;<\/em> Kollecind\u0259 (2018-ci il) davam etdirir.<\/p>\n<p>2019-cu il 8 iyulda t\u0259hsilini donduraraq, m\u00fcdd\u0259tli h\u0259rbi xidm\u0259t\u0259 yollan\u0131r. Xidm\u0259tin bitm\u0259sin\u0259 3 ay qalm\u0131\u015f,\u00a027 sentyabr\u00a02020-ci ild\u0259\u00a0II Qaraba\u011f m\u00fcharib\u0259si ba\u015flay\u0131r v\u0259 Cavan\u015fir \u018fhm\u0259dov m\u00fcxt\u0259lif istiqam\u0259tl\u0259rd\u0259 d\u00f6y\u00fc\u015fl\u0259r\u0259 qat\u0131l\u0131r.\u00a0Qubadl\u0131,\u00a0Z\u0259ngilan\u00a0v\u0259\u00a0La\u00e7\u0131n rayonlar\u0131 u\u011frunda\u00a0ged\u0259n d\u00f6y\u00fc\u015fl\u0259rd\u0259 La\u00e7\u0131n rayonunun S\u0259fiyan\u00a0k\u0259ndind\u0259 d\u00fc\u015fm\u0259n t\u0259r\u0259find\u0259n vurulur, h\u0259tta qolundan yaralansa bel\u0259, yaras\u0131n\u0131 sar\u0131y\u0131b, yenid\u0259n\u00a0d\u00f6y\u00fc\u015f meydan\u0131na qay\u0131d\u0131r, m\u00fcbariz\u0259sini davam etdirir. D\u00f6y\u00fc\u015f yolda\u015flar\u0131na yard\u0131m ed\u0259n yaral\u0131 Cavan\u015fir n\u00f6vb\u0259ti d\u0259f\u0259 b\u00f6yr\u0259k nahiy\u0259sind\u0259n a\u011f\u0131r g\u00fcll\u0259 yaras\u0131 al\u0131r v\u0259 \u015f\u0259hid olur.<\/p>\n<p>B\u00f6y\u00fck \u00fcr\u0259k agr\u0131s\u0131 il\u0259 qeyd ed\u0259k ki, igid Cavan\u015firin n\u0259\u015fi 22 g\u00fcn neytral \u0259razid\u0259 qal\u0131r v\u0259 son d\u0259f\u0259 3 noyabrda ail\u0259si il\u0259 telefon \u0259laq\u0259si saxlayan \u015e\u0259hidimiz yaln\u0131z 26 noyabrda\u00a0do\u011fmalar\u0131, el-obas\u0131 t\u0259r\u0259find\u0259n qar\u015f\u0131lan\u0131r. Xalq\u0131m\u0131z igid \u00f6vlad\u0131n\u0131 b\u00f6y\u00fck izdihamla B\u0259rd\u0259 rayonunun Alpoud k\u0259ndind\u0259 d\u0259fn edir.<\/p>\n<p>Az\u0259rbaycan\u0131n\u00a0\u0259razi b\u00fct\u00f6vl\u00fcy\u00fcn\u00fcn t\u0259min edilm\u0259si u\u011frunda d\u00f6y\u00fc\u015f \u0259m\u0259liyyatlar\u0131na qat\u0131lan v\u0259 h\u0259rbi hiss\u0259 qar\u015f\u0131s\u0131nda qoyulmu\u015f tap\u015f\u0131r\u0131qlar\u0131n icras\u0131 zaman\u0131 v\u0259zif\u0259 borcunu \u015f\u0259r\u0259fl\u0259 yerin\u0259 yetirdiyi \u00fc\u00e7\u00fcn\u00a0Az\u0259rbaycan Prezidenti \u0130lham \u018fliyevin 15.12.2020-ci il tarixli S\u0259r\u0259ncam\u0131na \u0259sas\u0259n Cavan\u015fir \u018fhm\u0259dov \u00f6l\u00fcm\u00fcnd\u0259n sonra\u00a0&#8220;V\u0259t\u0259n u\u011frunda&#8221; medal\u0131\u00a0il\u0259 t\u0259ltif edilib.<\/p>\n<p>Az\u0259rbaycan\u0131n\u00a0La\u00e7\u0131n rayonunun i\u015f\u011faldan azad edilm\u0259si u\u011frunda apar\u0131lan d\u00f6y\u00fc\u015f \u0259m\u0259liyyatlar\u0131na qat\u0131laraq \u015f\u0259xsi igidliyi v\u0259 \u015f\u00fcca\u0259ti n\u00fcmayi\u015f etdirdiyin\u0259 g\u00f6r\u0259\u00a0Az\u0259rbaycan Prezidenti\u00a0\u0130lham \u018fliyevin 29.12.2020-ci il tarixli S\u0259r\u0259ncam\u0131na \u0259sas\u0259n Cavan\u015fir \u018fhm\u0259dov \u00f6l\u00fcm\u00fcnd\u0259n sonra\u00a0&#8220;La\u00e7\u0131n\u0131n azad olunmas\u0131na g\u00f6r\u0259&#8221; medal\u0131\u00a0il\u0259 t\u0259ltif edilib.<\/p>\n<p>\u018fsg\u0259r yolda\u015flar\u0131 bu g\u00fcn d\u0259 Cavan\u015firin xeyirxahl\u0131\u011f\u0131n\u0131, m\u0259rdliyini unutmur, onu \u201cyax\u015f\u0131 d\u00f6y\u00fc\u015f\u00e7\u00fc yolda\u015f, yax\u015f\u0131 qarda\u015f\u201d kimi xat\u0131rlay\u0131rlar.<\/p>\n<p>Cavan\u015firin anas\u0131 V\u0259fa \u018fhm\u0259dova o\u011flunun u\u015faql\u0131qdan \u00e7ox sakit xasiyy\u0259tli oldu\u011funu v\u0259 m\u0259kt\u0259bd\u0259 d\u0259 el\u0259 bu sakitliyi il\u0259 h\u0259r k\u0259sd\u0259n se\u00e7ildiyini xat\u0131rlay\u0131r. H\u0259m\u00e7inin V\u0259fa xan\u0131m bildirdi ki, Cavan\u015fir atas\u0131n\u0131n v\u0259 \u0259misinin I Qaraba\u011f m\u00fcharib\u0259si veteran\u0131 olmas\u0131 il\u0259 h\u0259mi\u015f\u0259 q\u00fcrur duyurdu. X\u00fcsusil\u0259 d\u0259, atas\u0131n\u0131 \u00f6z\u00fcn\u0259 \u00f6rn\u0259k say\u0131rd\u0131, ona ox\u015fama\u011fa, onun kimi qorxmaz, c\u0259sur olma\u011fa \u00e7al\u0131\u015f\u0131rd\u0131. \u018fn \u0259sas\u0131 is\u0259, V\u0259t\u0259n\u0259 sevgisi t\u00fck\u0259nm\u0259z idi.<\/p>\n<p>V\u0259fa xan\u0131m Cavan\u015firi tez-tez yuxuda g\u00f6rd\u00fcy\u00fcn\u00fc s\u00f6yl\u0259di. Sonuncu d\u0259f\u0259 is\u0259 o\u011flu yuxuda anas\u0131na \u201cAna, s\u0259n m\u0259n\u0259 g\u00f6r\u0259 pis olma, a\u011flama, m\u0259n \u00f6lm\u0259mi\u015f\u0259m ki\u2026sad\u0259c\u0259, \u0130mamlar kimi \u015e\u0259hid olmu\u015fam\u201d, &#8211; deyib.<\/p>\n<p>V\u0259fa \u018fhm\u0259dova sonda \u00fcz\u00fcn\u00fc Az\u0259rbaycan\u0131n \u015e\u0259hid analar\u0131na tutaraq dedi:<\/p>\n<p><strong>\u201cH\u0259r zaman ba\u015f\u0131n\u0131z\u0131 uca tutun, \u00e7\u00fcnki biz q\u0259hr\u0259manlar\u0131n anas\u0131y\u0131q, biz \u00f6vladlar\u0131m\u0131zla f\u0259xr edirik v\u0259 h\u0259mi\u015f\u0259 f\u0259xr ed\u0259c\u0259yik!\u201d<\/strong><\/p>\n<p><img loading=\"lazy\" decoding=\"async\" class=\"aligncenter size-full wp-image-12768\" src=\"https:\/\/infonews.az\/wp-content\/uploads\/2021\/09\/af43d095-e6c6-46ee-830f-c8eec8f84771.jpeg\" alt=\"\" width=\"1000\" height=\"750\" srcset=\"https:\/\/infonews.az\/wp-content\/uploads\/2021\/09\/af43d095-e6c6-46ee-830f-c8eec8f84771.jpeg?v=1660873402 1000w, https:\/\/infonews.az\/wp-content\/uploads\/2021\/09\/af43d095-e6c6-46ee-830f-c8eec8f84771-300x225.jpeg?v=1660873402 300w, https:\/\/infonews.az\/wp-content\/uploads\/2021\/09\/af43d095-e6c6-46ee-830f-c8eec8f84771-768x576.jpeg?v=1660873402 768w\" sizes=\"(max-width: 1000px) 100vw, 1000px\" \/><\/p>\n<p><iframe loading=\"lazy\" title=\"Diqq\u0259t M\u0259rk\u0259zi- \u015e\u0259hidl\u0259r: \u015e\u0259hid \u018fhm\u0259dov Cavan\u015fir\" width=\"1110\" height=\"624\" src=\"https:\/\/www.youtube.com\/embed\/aDTxobq_BiA?feature=oembed\" frameborder=\"0\" allow=\"accelerometer; autoplay; clipboard-write; encrypted-media; gyroscope; picture-in-picture\" allowfullscreen><\/iframe><\/p>\n","protected":false},"excerpt":{"rendered":"<p>\u201cDiqq\u0259t M\u0259rk\u0259zi: \u015e\u018fH\u0130DL\u018fR\u201d \u2013 \u015e\u0259hid Cavan\u015fir \u018fhm\u0259dov &#8220;\u0130NFONEWS&#8221; t\u0259qdim edir. Az\u0259rbaycan G\u0259nclik Platformu\u00a0(AGP),\u00a0\u201c\u0130NFONEWS\u201d\u00a0Operativ\u00a0\u0130nformasiya Agentliyi v\u0259 Fransa-Az\u0259rbaycan Dialoqu Assosiasiyas\u0131n\u0131n\u00a0birg\u0259 t\u0259\u015fkilat\u00e7\u0131l\u0131\u011f\u0131 il\u0259 \u201cDiqq\u0259t M\u0259rk\u0259zi: \u015e\u018fH\u0130DL\u018fR\u201d\u00a0layih\u0259sinin bug\u00fcnki qona\u011f\u0131 \u015e\u0259hid Cavan\u015fir \u018fhm\u0259dovun anas\u0131 V\u0259fa&hellip; <\/p>\n","protected":false},"author":14,"featured_media":12230,"comment_status":"open","ping_status":"open","sticky":false,"template":"","format":"standard","meta":{"_mi_skip_tracking":false,"_monsterinsights_sitenote_active":false,"_monsterinsights_sitenote_note":"","_monsterinsights_sitenote_category":0,"footnotes":""},"categories":[4,4263,11,550],"tags":[4884,15,5007],"aioseo_notices":[],"_links":{"self":[{"href":"https:\/\/infonews.az\/index.php?rest_route=\/wp\/v2\/posts\/12767"}],"collection":[{"href":"https:\/\/infonews.az\/index.php?rest_route=\/wp\/v2\/posts"}],"about":[{"href":"https:\/\/infonews.az\/index.php?rest_route=\/wp\/v2\/types\/post"}],"author":[{"embeddable":true,"href":"https:\/\/infonews.az\/index.php?rest_route=\/wp\/v2\/users\/14"}],"replies":[{"embeddable":true,"href":"https:\/\/infonews.az\/index.php?rest_route=%2Fwp%2Fv2%2Fcomments&post=12767"}],"version-history":[{"count":4,"href":"https:\/\/infonews.az\/index.php?rest_route=\/wp\/v2\/posts\/12767\/revisions"}],"predecessor-version":[{"id":12783,"href":"https:\/\/infonews.az\/index.php?rest_route=\/wp\/v2\/posts\/12767\/revisions\/12783"}],"wp:featuredmedia":[{"embeddable":true,"href":"https:\/\/infonews.az\/index.php?rest_route=\/wp\/v2\/media\/12230"}],"wp:attachment":[{"href":"https:\/\/infonews.az\/index.php?rest_route=%2Fwp%2Fv2%2Fmedia&parent=12767"}],"wp:term":[{"taxonomy":"category","embeddable":true,"href":"https:\/\/infonews.az\/index.php?rest_route=%2Fwp%2Fv2%2Fcategories&post=12767"},{"taxonomy":"post_tag","embeddable":true,"href":"https:\/\/infonews.az\/index.php?rest_route=%2Fwp%2Fv2%2Ftags&post=12767"}],"curies":[{"name":"wp","href":"https:\/\/api.w.org\/{rel}","templated":true}]}}