{"id":12774,"date":"2021-09-15T09:00:16","date_gmt":"2021-09-15T05:00:16","guid":{"rendered":"https:\/\/infonews.az\/?p=12774"},"modified":"2021-09-15T12:51:22","modified_gmt":"2021-09-15T08:51:22","slug":"uzunu-gorm%c9%99diyim-babamin-ruhu-inciy%c9%99r-dey%c9%99-dusunurdum","status":"publish","type":"post","link":"https:\/\/infonews.az\/?p=12774","title":{"rendered":"\u201c\u00dcz\u00fcn\u00fc g\u00f6rm\u0259diyim babam\u0131n ruhu inciy\u0259r&#8230;\u201d-dey\u0259, d\u00fc\u015f\u00fcn\u00fcrd\u00fcm"},"content":{"rendered":"<p><span style=\"color: #ffffff;\">\u201c\u00dcz\u00fcn\u00fc g\u00f6rm\u0259diyim babam\u0131n ruhu inciy\u0259r&#8230;\u201d-dey\u0259, d\u00fc\u015f\u00fcn\u00fcrd\u00fcm<\/span><\/p>\n<p>&nbsp;<\/p>\n<blockquote><p><img loading=\"lazy\" decoding=\"async\" class=\"aligncenter size-full wp-image-12775\" src=\"https:\/\/infonews.az\/wp-content\/uploads\/2021\/09\/Hasan-baba.jpg\" alt=\"\" width=\"875\" height=\"1134\" srcset=\"https:\/\/infonews.az\/wp-content\/uploads\/2021\/09\/Hasan-baba.jpg?v=1660873401 875w, https:\/\/infonews.az\/wp-content\/uploads\/2021\/09\/Hasan-baba-231x300.jpg?v=1660873401 231w, https:\/\/infonews.az\/wp-content\/uploads\/2021\/09\/Hasan-baba-790x1024.jpg?v=1660873401 790w, https:\/\/infonews.az\/wp-content\/uploads\/2021\/09\/Hasan-baba-768x995.jpg?v=1660873401 768w\" sizes=\"(max-width: 875px) 100vw, 875px\" \/><\/p>\n<p><strong>M\u00fcst\u0259qil Az\u0259rbaycan\u0131m\u0131zda h\u0259r ilin bu g\u00fcn\u00fc, y\u0259ni 15 sentyabr 1918-ci il Bak\u0131n\u0131n erm\u0259ni i\u015f\u011fal\u00e7\u0131lardan azad olunmas\u0131 g\u00fcn\u00fc kimi qeyd edilir. Az\u0259rbaycan v\u0259 T\u00fcrk \u0259sg\u0259rl\u0259rinin birl\u0259\u015f\u0259r\u0259k, d\u00fc\u015fm\u0259nin do\u011fma \u015f\u0259h\u0259rimizi z\u0259bt etm\u0259k arzusunu \u00fcr\u0259yind\u0259 qoymas\u0131 il\u0259 tariximiz\u0259 yazd\u0131qlar\u0131 bu \u015f\u0259r\u0259fli g\u00fcn\u00fc, h\u0259m d\u0259 T\u00fcrkiy\u0259 &#8211; Az\u0259rbaycan qarda\u015fl\u0131\u011f\u0131n\u0131n t\u0259m\u0259linin qoyulmas\u0131 g\u00fcn\u00fc kimi d\u0259 vur\u011fulasaq yan\u0131lmar\u0131q. Qeyd ed\u0259k ki, Osmanl\u0131 qo\u015funlar\u0131 bu d\u00f6y\u00fc\u015fl\u0259rd\u0259 1130 \u015f\u0259hid verib.<\/strong><\/p><\/blockquote>\n<p><a href=\"https:\/\/infonews.az\/?p=12774\"><span style=\"color: #ff0000;\"><strong>\u201c\u0130NFONEWS\u201d<\/strong> <\/span><\/a>t\u0259qdim edir:<\/p>\n<p style=\"text-align: center;\"><strong>HASAN, yoxsa H\u018fS\u018fN?<\/strong><\/p>\n<p>\u018fvv\u0259ll\u0259r kommunal \u00f6d\u0259ni\u015fl\u0259ri d\u00f6vl\u0259t idar\u0259l\u0259rind\u0259 \u00f6d\u0259yirdik. Atam i\u015fd\u0259 olurdu dey\u0259, \u0259ks\u0259r zaman evd\u0259n m\u0259ni g\u00f6nd\u0259rirdil\u0259r. H\u0259r d\u0259f\u0259 d\u0259 orada m\u0259n\u0259 bu sual\u0131 verirdil\u0259r:<\/p>\n<p>&#8211; \u018fzizov \u0130mran H\u0259s\u0259n o\u011flu? (Atamd\u0131r)<\/p>\n<p>+ Xeyr, Hasan.<\/p>\n<p>&#8211; Hasan, yoxsa H\u0259s\u0259n?<\/p>\n<p>+ Hasan !!!<\/p>\n<p>Bel\u0259c\u0259 h\u0259r d\u0259f\u0259 d\u0259 m\u0259n\u0259 q\u0259rib\u0259 bax\u0131rd\u0131lar. H\u0259tta bir d\u0259f\u0259 s\u0259hv\u0259n H\u0259s\u0259n yazm\u0131\u015fd\u0131lar. Q\u0259bzi geri verdim ki, d\u00fcz\u0259ldin. Bir h\u0259rf\u0259 g\u00f6r\u0259 problem etm\u0259m\u0259yimi s\u00f6yl\u0259s\u0259l\u0259r d\u0259, israrla Hasan yaz\u0131lmas\u0131n\u0131 ist\u0259mi\u015fdim. \u00dcz\u00fcn\u00fc g\u00f6rm\u0259diyim babam\u0131n ruhu inciy\u0259r, k\u00fcs\u0259r, dey\u0259 fikir ed\u0259rdim. R\u0259hm\u0259tlik n\u0259n\u0259m dan\u0131\u015fard\u0131 babam haqq\u0131nda. El\u0259 arzulay\u0131rd\u0131m onu g\u00f6rm\u0259yi. N\u0259n\u0259md\u0259n \u00f6yr\u0259nmi\u015fdim babam\u0131n h\u0259r xasiyy\u0259tini. K\u00f6hn\u0259 , a\u011f-qara \u015f\u0259kill\u0259rin\u0259 baxanda \u00fcz cizgil\u0259rimizi uzla\u015fd\u0131rma\u011fa \u00e7al\u0131\u015f\u0131rd\u0131m. Q\u0259hr\u0259man idi m\u0259n\u0259 g\u00f6r\u0259, fa\u015fizm\u0259 qar\u015f\u0131 sava\u015fda i\u015ftirak edib, xeyli medallar qazanm\u0131\u015fd\u0131. Ondan yadigar qalan k\u00f6hn\u0259 \u015f\u0259kill\u0259ri, medallar\u0131, bir d\u0259 paltar\u0131 idi. Nimda\u015f olsa da, s\u0259liq\u0259sini itirm\u0259y\u0259n bir d\u0259st paltar\u0131n\u0131 saxlam\u0131\u015fd\u0131 n\u0259n\u0259m. N\u0259 gizl\u0259dim k\u0259nd\u0259 ged\u0259nd\u0259 paltar\u0131n\u0131 iyl\u0259diyim d\u0259 olmu\u015fdu. Maraql\u0131 g\u0259lirdi ki, babam\u0131n, g\u00f6r\u0259s\u0259n, \u0259tri nec\u0259 olub?<\/p>\n<p>Az\u0259rbaycan Yaz\u0131\u00e7\u0131lar Birliyinin \u00fczv\u00fc \u0259mim F\u0259xr\u0259ddin \u018fziz\u00a0 &#8220;Atam\u0131n paltar\u0131&#8221; \u015feirini hans\u0131 hisl\u0259rl\u0259 yazm\u0131\u015fd\u0131, g\u00f6r\u0259s\u0259n? Yad\u0131mdad\u0131r, L\u0259nk\u0259randa m\u00fc\u0259llim i\u015fl\u0259y\u0259nd\u0259 t\u0259dbirl\u0259rin birind\u0259 bu \u015feiri \u015fagirdl\u0259rim il\u0259 s\u0259hn\u0259l\u0259\u015fdirmi\u015fdik.<\/p>\n<p>H\u0259mi\u015f\u0259 babam haqq\u0131nda \u00e7ox \u015fey \u00f6yr\u0259nm\u0259k ist\u0259mi\u015fdim. \u018fn \u00e7ox da ad\u0131n\u0131n niy\u0259 H\u0259s\u0259n yox, Hasan olma\u011f\u0131n\u0131? El\u0259 hey bir m\u0259na axtarma\u011fa \u00e7al\u0131\u015f\u0131rd\u0131m. V\u0259 bunu \u00f6yr\u0259nm\u0259k m\u0259n\u0259 30 ya\u015f\u0131mda n\u0259sib oldu.<\/p>\n<p>Atamgilin k\u0259ndi B\u00f6y\u00fck Qafqaz S\u0131ra da\u011flar\u0131n\u0131n Bozda\u011f silsil\u0259sinin \u0259t\u0259yind\u0259 yerl\u0259\u015fir. A\u011fda\u015f rayonu, Qo\u015faqovaq k\u0259ndi. K\u00fcr\u0259yini s\u00f6yk\u0259diyi da\u011f\u0131n yamaclar\u0131na k\u0259nd camaat\u0131 adlar verib. Bu adlardan biri diqq\u0259timi \u00e7\u0259kirdi. &#8220;Erm\u0259ni tap\u0131&#8221;. K\u0259nd camaat\u0131n\u0131n dediyin\u0259 g\u00f6r\u0259, 1918-ci il\u0259 q\u0259d\u0259r erm\u0259nil\u0259r d\u0259f\u0259l\u0259rl\u0259 m\u0259hs bu hiss\u0259d\u0259n k\u0259nd\u0259 basq\u0131n ed\u0259r\u0259k mal-qaran\u0131 apar\u0131blar.<\/p>\n<p>\u018fslind\u0259, erm\u0259nil\u0259rd\u0259n bunu g\u00f6zl\u0259m\u0259k olard\u0131. Amma hesab edir\u0259m ki, k\u0259nd\u0259 basq\u0131n ed\u0259nl\u0259r erm\u0259nil\u0259r yox, udinl\u0259r olub. \u00c7\u00fcnki da\u011f\u0131n arxas\u0131nda udinl\u0259rin kompakt ya\u015fad\u0131\u011f\u0131 Q\u0259b\u0259l\u0259nin Nic q\u0259s\u0259b\u0259si yerl\u0259\u015fir. Udinl\u0259rin dini xristianl\u0131qd\u0131r v\u0259 vaxtil\u0259 erm\u0259nil\u0259r bunlar\u0131 da Qriqorianla\u015fd\u0131rmaq ist\u0259yibl\u0259r. M\u0259hz buna g\u00f6r\u0259 k\u0259ndd\u0259 b\u0259zil\u0259ri deyir ki, bu basq\u0131nlar\u0131 onlar erm\u0259nil\u0259r il\u0259 \u0259lbir olub edirdil\u0259r&#8230; Bilmir\u0259m, da\u011f\u0131n arxas\u0131nda o vaxt erm\u0259nil\u0259r olub, ya yox? Onu bilir\u0259m ki, bu i\u015fin arxas\u0131nda \u0259sl erm\u0259ni xisl\u0259ti dayan\u0131b.<\/p>\n<p>1918-ci ild\u0259 Nuru Pa\u015fan\u0131n komandanl\u0131\u011f\u0131 il\u0259 Qafqaz T\u00fcrk \u0130slam Ordusu Az\u0259rbaycana g\u0259lir. Bu g\u0259li\u015fi il\u0259 z\u00fclm g\u00f6r\u0259n yerli camaat\u0131n \u00fcr\u0259yin\u0259, sanki bir rahatl\u0131q g\u0259lir. Nuru Pa\u015fan\u0131n A\u011fda\u015f\u0131n \u00a0L\u0259ki q\u0259s\u0259b\u0259sin\u0259 g\u0259ldiyi m\u0259lumdur. Bel\u0259 ki, buradan 2-3 min k\u00f6n\u00fcll\u00fc Osmanl\u0131 ordusunun s\u0131ralar\u0131na qo\u015fulub. \u00dcmumiyy\u0259tl\u0259, Az\u0259rbaycan\u0131n h\u0259r yerind\u0259 \u015eanl\u0131 T\u00fcrk s\u00fcvaril\u0259rinin izl\u0259ri var.<\/p>\n<p>N\u0259 yax\u015f\u0131 ki, bu m\u00fcq\u0259dd\u0259s c\u0131\u011f\u0131r k\u0259ndimizin tarixind\u0259n d\u0259 ke\u00e7ib.<\/p>\n<p>Ordunun k\u00f6m\u0259yi il\u0259 h\u0259min il k\u0259ndimizin o\u011furlanan mal-qaras\u0131 qaytar\u0131l\u0131r. T\u0259bii ki, bu silah g\u00fcc\u00fcn\u0259 ba\u015f verir. D\u00f6y\u00fc\u015fd\u0259 t\u00fcrk pa\u015falar\u0131na yerli camaat d\u0259 k\u00f6m\u0259klik edirdi. \u018fziz baba da onlar\u0131n aras\u0131nda olur (Hasan babam\u0131n atas\u0131d\u0131r).<\/p>\n<p>D\u00f6y\u00fc\u015fd\u0259 \u018fziz baba Hasan\u00a0 ad\u0131nda s\u00fcvarinin \u015f\u00fcca\u0259tin\u0259 heyran olur. Osmanl\u0131 \u0259sg\u0259ri \u00f6z qarda\u015flar\u0131n\u0131n yard\u0131m\u0131na g\u0259lmi\u015fdi. Bu t\u0259sirli s\u0259hn\u0259nin qar\u015f\u0131s\u0131nda \u018fziz baba bir \u0259hd edir: &#8221; O\u011flum olsun, ad\u0131n\u0131 Hasan qoyacam!&#8221;<\/p>\n<p>Onu da deyim ki, bu hadis\u0259d\u0259n sonra t\u00fcrk \u0259sg\u0259rl\u0259rind\u0259n b\u0259zil\u0259ri evl\u0259n\u0259r\u0259k, bu torpaqlarda qal\u0131b, ya\u015fay\u0131blar. T\u00fcrk M\u0259h\u0259mm\u0259d, onun o\u011flanlar\u0131 t\u00fcrk \u0130smay\u0131l v\u0259 t\u00fcrk Ziy\u0259ddin bel\u0259 ail\u0259l\u0259rd\u0259ndir. T\u00fcrk Ziy\u0259ddin el\u0259 indi d\u0259 A\u011fda\u015f rayonu Qo\u015faqovaq k\u0259ndind\u0259 ya\u015fay\u0131r.<\/p>\n<p>Bir s\u00f6zl\u0259, 1918-ci ild\u0259 \u018fziz baban\u0131n ail\u0259sind\u0259 d\u00fcnyaya g\u0259l\u0259n babam\u0131n ad\u0131 m\u0259hs \u015eanl\u0131 T\u00fcrk Ordusununda Az\u0259rbaycana yard\u0131ma g\u0259l\u0259n Hasan adl\u0131 igid \u0259sg\u0259rin ad\u0131 il\u0259 ba\u011fl\u0131d\u0131r&#8230;\u018fziz babam \u0259hdin\u0259 sadiq \u00e7\u0131xm\u0131\u015fd\u0131. Nec\u0259 ki, Osmanl\u0131 ordusu qan, iman qarda\u015fl\u0131\u011f\u0131nda h\u0259mi\u015f\u0259 sadiq olub.<\/p>\n<p>Ruhun \u015fad olsun, Hasan babam. N\u0259tic\u0259l\u0259rind\u0259n biri s\u0259nin ismini da\u015f\u0131y\u0131r.\u00a0 Ail\u0259mizd\u0259 ham\u0131 onu &#8220;Baba&#8221;m\u0131z \u00e7a\u011f\u0131r\u0131r.<\/p>\n<p><img loading=\"lazy\" decoding=\"async\" class=\"size-full wp-image-12779 alignright\" src=\"https:\/\/infonews.az\/wp-content\/uploads\/2021\/09\/elnur-2.jpg\" alt=\"\" width=\"277\" height=\"340\" srcset=\"https:\/\/infonews.az\/wp-content\/uploads\/2021\/09\/elnur-2.jpg?v=1660873399 277w, https:\/\/infonews.az\/wp-content\/uploads\/2021\/09\/elnur-2-244x300.jpg?v=1660873399 244w\" sizes=\"(max-width: 277px) 100vw, 277px\" \/><\/p>\n<p>PS: Suallar\u0131m\u0131 cavabland\u0131rd\u0131\u011f\u0131na g\u00f6r\u0259, \u0259mim Ramiz \u018fzizova t\u0259\u015f\u0259kk\u00fcr edir\u0259m. \u015e\u0259kil Hasan babam\u0131n qoruyub saxlad\u0131\u011f\u0131m\u0131z nadir fotosudur.<\/p>\n<p><strong>Unudulmaz xatir\u0259l\u0259rini b\u00f6l\u00fc\u015fd\u00fc: <\/strong><\/p>\n<p><strong>Elnur \u018fzizov, \u201cHobbyland\u201d F\u0259rdi \u0130nki\u015faf M\u0259rk\u0259zinin direktoru<\/strong><\/p>\n<p>&nbsp;<\/p>\n<p>&nbsp;<\/p>\n<p>&nbsp;<\/p>\n<p><strong><span style=\"color: #ff0000;\">\u201c\u0130NFONEWS\u201d <\/span>komandas\u0131 olaraq, 15 sentyabr hadis\u0259l\u0259rini unutmuruq, \u015f\u0259hid \u0259sg\u0259rl\u0259rin xatir\u0259sini b\u00f6y\u00fck ehtiram v\u0259 h\u00f6rm\u0259tl\u0259 an\u0131r\u0131q.<\/strong><\/p>\n","protected":false},"excerpt":{"rendered":"<p>\u201c\u00dcz\u00fcn\u00fc g\u00f6rm\u0259diyim babam\u0131n ruhu inciy\u0259r&#8230;\u201d-dey\u0259, d\u00fc\u015f\u00fcn\u00fcrd\u00fcm &nbsp; M\u00fcst\u0259qil Az\u0259rbaycan\u0131m\u0131zda h\u0259r ilin bu g\u00fcn\u00fc, y\u0259ni 15 sentyabr 1918-ci il Bak\u0131n\u0131n erm\u0259ni i\u015f\u011fal\u00e7\u0131lardan azad olunmas\u0131 g\u00fcn\u00fc kimi qeyd edilir. Az\u0259rbaycan v\u0259 T\u00fcrk&hellip; <\/p>\n","protected":false},"author":14,"featured_media":12776,"comment_status":"open","ping_status":"open","sticky":false,"template":"","format":"standard","meta":{"_mi_skip_tracking":false,"_monsterinsights_sitenote_active":false,"_monsterinsights_sitenote_note":"","_monsterinsights_sitenote_category":0,"footnotes":""},"categories":[4,8,11],"tags":[5010,5011,15,5012],"aioseo_notices":[],"_links":{"self":[{"href":"https:\/\/infonews.az\/index.php?rest_route=\/wp\/v2\/posts\/12774"}],"collection":[{"href":"https:\/\/infonews.az\/index.php?rest_route=\/wp\/v2\/posts"}],"about":[{"href":"https:\/\/infonews.az\/index.php?rest_route=\/wp\/v2\/types\/post"}],"author":[{"embeddable":true,"href":"https:\/\/infonews.az\/index.php?rest_route=\/wp\/v2\/users\/14"}],"replies":[{"embeddable":true,"href":"https:\/\/infonews.az\/index.php?rest_route=%2Fwp%2Fv2%2Fcomments&post=12774"}],"version-history":[{"count":4,"href":"https:\/\/infonews.az\/index.php?rest_route=\/wp\/v2\/posts\/12774\/revisions"}],"predecessor-version":[{"id":12786,"href":"https:\/\/infonews.az\/index.php?rest_route=\/wp\/v2\/posts\/12774\/revisions\/12786"}],"wp:featuredmedia":[{"embeddable":true,"href":"https:\/\/infonews.az\/index.php?rest_route=\/wp\/v2\/media\/12776"}],"wp:attachment":[{"href":"https:\/\/infonews.az\/index.php?rest_route=%2Fwp%2Fv2%2Fmedia&parent=12774"}],"wp:term":[{"taxonomy":"category","embeddable":true,"href":"https:\/\/infonews.az\/index.php?rest_route=%2Fwp%2Fv2%2Fcategories&post=12774"},{"taxonomy":"post_tag","embeddable":true,"href":"https:\/\/infonews.az\/index.php?rest_route=%2Fwp%2Fv2%2Ftags&post=12774"}],"curies":[{"name":"wp","href":"https:\/\/api.w.org\/{rel}","templated":true}]}}