{"id":12923,"date":"2021-09-18T18:38:45","date_gmt":"2021-09-18T14:38:45","guid":{"rendered":"https:\/\/infonews.az\/?p=12923"},"modified":"2021-09-18T20:45:00","modified_gmt":"2021-09-18T16:45:00","slug":"qizlar-m%c9%99kt%c9%99b%c9%99-buraxilmadi-taliban-bu-d%c9%99f%c9%99-d%c9%99-sozunu-tutmadi","status":"publish","type":"post","link":"https:\/\/infonews.az\/?p=12923","title":{"rendered":"Q\u0131zlar m\u0259kt\u0259b\u0259 burax\u0131lmad\u0131-&#8220;Taliban&#8221; bu d\u0259f\u0259 d\u0259 s\u00f6z\u00fcn\u00fc tutmad\u0131"},"content":{"rendered":"<p><span style=\"color: #ffffff;\">Q\u0131zlar m\u0259kt\u0259b\u0259 burax\u0131lmad\u0131-Taliban bu d\u0259f\u0259 d\u0259 s\u00f6z\u00fcn\u00fc tutmad\u0131<\/span><\/p>\n<p><a href=\"https:\/\/infonews.az\/?p=12923\"><strong><span style=\"color: #ff0000;\">&#8220;\u0130NFONEWS&#8221;<\/span><\/strong><\/a> x\u0259b\u0259r verir.<\/p>\n<p><b>&#8220;Taliban&#8221; \u018ffqan\u0131stan\u0131n idar\u0259\u00e7iliyin\u0259 ke\u00e7dikd\u0259n sonra \u00f6lk\u0259d\u0259 sosial h\u0259yat normalla\u015fd\u0131 v\u0259 dig\u0259r t\u0259r\u0259fd\u0259n d\u0259 \u0259fqan qad\u0131nlar\u0131n\u0131n g\u0259l\u0259c\u0259yi il\u0259 ba\u011fl\u0131 narahatl\u0131qlar art\u0131r. Universitetl\u0259rd\u0259 q\u0131z v\u0259 o\u011flan t\u0259l\u0259b\u0259l\u0259r ayr\u0131-ayr\u0131 auditoriyalarda d\u0259rs ke\u00e7irl\u0259r.<\/b><\/p>\n<p>Yenic\u0259 a\u00e7\u0131lan orta m\u0259kt\u0259bl\u0259rd\u0259 q\u0131zlar m\u0259kt\u0259b\u0259 burax\u0131lmad\u0131lar. Taliban\u0131n yayd\u0131\u011f\u0131\u00a0a\u00e7\u0131qlamada, q\u0131zlar\u0131n m\u0259kt\u0259b\u0259 qay\u0131tmas\u0131 il\u0259 ba\u011fl\u0131 he\u00e7 bir a\u00e7\u0131qlama verilm\u0259di.<\/p>\n<p>&#8220;H\u0259r \u015fey \u00e7ox qaranl\u0131q g\u00f6r\u00fcn\u00fcr&#8221;,- dey\u0259n bir \u0259fqan m\u0259kt\u0259blisi \u201cBBC\u201d -y\u0259 verdiyi a\u00e7\u0131qlamada \u00e7ox \u00fcz\u00fcld\u00fcy\u00fcn\u00fc s\u00f6yl\u0259di: &#8220;Taliban hakimiyy\u0259ti \u0259l\u0259 ke\u00e7ir\u0259nd\u0259 d\u0259yi\u015fiklik ed\u0259c\u0259yini v\u0259d etdi, lakin r\u0259hb\u0259rlikl\u0259 ba\u011fl\u0131 son q\u0259rarlar \u018ffqan\u0131stan\u0131n ciddi qaydalar\u0131n oldu\u011fu 1990-c\u0131 ill\u0259r\u0259 qay\u0131td\u0131\u011f\u0131n\u0131 g\u00f6st\u0259rir&#8221;.<\/p>\n<p>Taliban h\u0259m\u00e7inin d\u00fcn\u0259n qad\u0131nlardan m\u0259sul olan nazirliyi l\u0259gv ed\u0259r\u0259k \u0259vv\u0259ll\u0259r ciddi dini t\u0259liml\u0259ri t\u0259tbiq ed\u0259n \u018fxlaq Nazirliyi\u00a0il\u0259 \u0259v\u0259z etdi.<\/p>\n<p>Taliban iqtidarda oldu\u011fu 1996-200 -ci ill\u0259r aras\u0131nda F\u0259zil\u0259tin T\u0259bli\u011fi v\u0259 \u018fxlaqs\u0131zl\u0131\u011f\u0131n qar\u015f\u0131s\u0131n\u0131n al\u0131nmas\u0131 Nazirliyi \u015f\u0259ri\u0259t qaydalar\u0131n\u0131 yerin\u0259 yetirm\u0259sin\u0259 n\u0259zar\u0259t etm\u0259k \u00fc\u00e7\u00fcn \u0259xlaq polisini k\u00fc\u00e7\u0259l\u0259r\u0259 yerl\u0259\u015fdirm\u0259kd\u0259n m\u0259sul idi.<\/p>\n<p>&#8220;B\u00fct\u00fcn ki\u015fi m\u00fc\u0259lliml\u0259r v\u0259 \u015fagirdl\u0259r t\u0259hsil m\u00fc\u0259ssis\u0259l\u0259rin\u0259 qay\u0131tmal\u0131d\u0131r&#8221; dey\u0259n Taliban rejimi d\u00fcn\u0259n yayd\u0131\u011f\u0131 a\u00e7\u0131qlamada 13-18 ya\u015fl\u0131 o\u011flanlar\u0131n m\u0259kt\u0259b\u0259 getm\u0259sinin m\u0259cburi oldu\u011funu bildirib.<\/p>\n<p>Qeyd\u00a0ed\u0259k ki, \u018ffqan\u0131standa 13-18 ya\u015f aras\u0131 \u015fagirdl\u0259r orta m\u0259kt\u0259bl\u0259rd\u0259 oxuyurlar.<\/p>\n","protected":false},"excerpt":{"rendered":"<p>Q\u0131zlar m\u0259kt\u0259b\u0259 burax\u0131lmad\u0131-Taliban bu d\u0259f\u0259 d\u0259 s\u00f6z\u00fcn\u00fc tutmad\u0131 &#8220;\u0130NFONEWS&#8221; x\u0259b\u0259r verir. &#8220;Taliban&#8221; \u018ffqan\u0131stan\u0131n idar\u0259\u00e7iliyin\u0259 ke\u00e7dikd\u0259n sonra \u00f6lk\u0259d\u0259 sosial h\u0259yat normalla\u015fd\u0131 v\u0259 dig\u0259r t\u0259r\u0259fd\u0259n d\u0259 \u0259fqan qad\u0131nlar\u0131n\u0131n g\u0259l\u0259c\u0259yi il\u0259 ba\u011fl\u0131 narahatl\u0131qlar&hellip; <\/p>\n","protected":false},"author":14,"featured_media":12924,"comment_status":"open","ping_status":"open","sticky":false,"template":"","format":"standard","meta":{"_mi_skip_tracking":false,"_monsterinsights_sitenote_active":false,"_monsterinsights_sitenote_note":"","_monsterinsights_sitenote_category":0,"footnotes":""},"categories":[9,4,11],"tags":[4747,15],"aioseo_notices":[],"_links":{"self":[{"href":"https:\/\/infonews.az\/index.php?rest_route=\/wp\/v2\/posts\/12923"}],"collection":[{"href":"https:\/\/infonews.az\/index.php?rest_route=\/wp\/v2\/posts"}],"about":[{"href":"https:\/\/infonews.az\/index.php?rest_route=\/wp\/v2\/types\/post"}],"author":[{"embeddable":true,"href":"https:\/\/infonews.az\/index.php?rest_route=\/wp\/v2\/users\/14"}],"replies":[{"embeddable":true,"href":"https:\/\/infonews.az\/index.php?rest_route=%2Fwp%2Fv2%2Fcomments&post=12923"}],"version-history":[{"count":1,"href":"https:\/\/infonews.az\/index.php?rest_route=\/wp\/v2\/posts\/12923\/revisions"}],"predecessor-version":[{"id":12925,"href":"https:\/\/infonews.az\/index.php?rest_route=\/wp\/v2\/posts\/12923\/revisions\/12925"}],"wp:featuredmedia":[{"embeddable":true,"href":"https:\/\/infonews.az\/index.php?rest_route=\/wp\/v2\/media\/12924"}],"wp:attachment":[{"href":"https:\/\/infonews.az\/index.php?rest_route=%2Fwp%2Fv2%2Fmedia&parent=12923"}],"wp:term":[{"taxonomy":"category","embeddable":true,"href":"https:\/\/infonews.az\/index.php?rest_route=%2Fwp%2Fv2%2Fcategories&post=12923"},{"taxonomy":"post_tag","embeddable":true,"href":"https:\/\/infonews.az\/index.php?rest_route=%2Fwp%2Fv2%2Ftags&post=12923"}],"curies":[{"name":"wp","href":"https:\/\/api.w.org\/{rel}","templated":true}]}}