{"id":12926,"date":"2021-09-18T21:53:45","date_gmt":"2021-09-18T17:53:45","guid":{"rendered":"https:\/\/infonews.az\/?p=12926"},"modified":"2021-09-18T21:53:45","modified_gmt":"2021-09-18T17:53:45","slug":"coxlari-bilmir-ki-zurnaci-ifad%c9%99si-uzeyir-b%c9%99y%c9%99-m%c9%99xsusdur","status":"publish","type":"post","link":"https:\/\/infonews.az\/?p=12926","title":{"rendered":"\u00c7oxlar\u0131 bilmir ki, &#8220;ZURNA\u00c7I&#8221; ifad\u0259si \u00dczeyir b\u0259y\u0259 m\u0259xsusdur"},"content":{"rendered":"<p><span style=\"color: #ffffff;\">\u00c7oxlar\u0131 bilmir ki, &#8220;ZURNA\u00c7I&#8221; ifad\u0259si \u00dczeyir b\u0259y\u0259 m\u0259xsusdur<\/span><\/p>\n<p><img loading=\"lazy\" decoding=\"async\" class=\"aligncenter size-full wp-image-12927\" src=\"https:\/\/infonews.az\/wp-content\/uploads\/2021\/09\/unnamed-2.jpg\" alt=\"\" width=\"512\" height=\"342\" srcset=\"https:\/\/infonews.az\/wp-content\/uploads\/2021\/09\/unnamed-2.jpg?v=1660873380 512w, https:\/\/infonews.az\/wp-content\/uploads\/2021\/09\/unnamed-2-300x200.jpg?v=1660873380 300w\" sizes=\"(max-width: 512px) 100vw, 512px\" \/><\/p>\n<p><a href=\"https:\/\/infonews.az\/?p=12926\"><strong><span style=\"color: #ff0000;\">&#8220;\u0130NFONEWS&#8221;<\/span><\/strong><\/a> x\u0259b\u0259r verir.<\/p>\n<p align=\"justify\"><strong><span style=\"color: #000000; font-family: Palatino Linotype; font-size: medium;\">\u00dczeyir Hac\u0131b\u0259ylinin anadan oldu\u011fu g\u00fcn \u2013 18 sentyabr &#8220;Milli Musiqi G\u00fcn\u00fc&#8221;d\u00fcr.<\/span><\/strong><\/p>\n<p align=\"justify\">Dahi \u00dczeyir b\u0259yin do\u011fum g\u00fcn\u00fcn\u00fc xalq\u0131m\u0131z musiqi bayram\u0131, inc\u0259s\u0259n\u0259t festival\u0131, ustad\u0131n xatir\u0259l\u0259r g\u00fcn\u00fc kimi qeyd edir v\u0259 ziyal\u0131lar sosial \u015f\u0259b\u0259k\u0259l\u0259rd\u0259 bu m\u00fcnasib\u0259tl\u0259 \u0259n maraql\u0131 hadis\u0259l\u0259ri payla\u015f\u0131rlar.<\/p>\n<p><strong>H\u00f6rm\u0259tli ziyal\u0131m\u0131z, g\u0259ncl\u0259rin sevimlisi Arzu M\u0259mm\u0259dova \u00f6z Facebook sosial \u015f\u0259b\u0259k\u0259 hesab\u0131ndan maraql\u0131 payla\u015f\u0131m edib. <\/strong><\/p>\n<p><strong>Arzu xan\u0131m\u0131n h\u0259min payla\u015f\u0131m\u0131n\u0131 siz\u0259 t\u0259qdim edirik:\u00a0<\/strong><\/p>\n<p>\u018ftraf\u0131mdak\u0131 t\u0259l\u0259b\u0259l\u0259rin \u0259ks\u0259riyy\u0259ti bilir ki, \u0259n \u00e7ox i\u015fl\u0259tdiyim ifad\u0259l\u0259rd\u0259n biri <strong>\u201cZurna\u00e7\u0131\u201d<\/strong>d\u0131r&#8230;<\/p>\n<p>Amma \u00e7oxlar\u0131n\u0131n he\u00e7 x\u0259b\u0259ri bel\u0259 yoxdur ki, bu k\u0259lm\u0259 m\u0259hz \u00dczeyir Hac\u0131b\u0259yliy\u0259 m\u0259xsusdur.<br \/>\n\u00dczeyir b\u0259y el\u0259 bir d\u00fchad\u0131r ki, onun h\u0259yat v\u0259 yarad\u0131c\u0131l\u0131\u011f\u0131n\u0131 ara\u015fd\u0131rd\u0131qca h\u0259r d\u0259f\u0259 onu yenid\u0259n k\u0259\u015ff edirs\u0259n v\u0259 ona heyran qalmamaq m\u00fcmk\u00fcns\u00fczd\u00fcr.<br \/>\n1920-ci il 25 aprel tarixli &#8220;Az\u0259rbaycan&#8221; q\u0259zetind\u0259 (t\u0259\u0259ss\u00fcf ki, Az\u0259rbaycan Demokratik C\u00fcmhuriyy\u0259tinin devrilm\u0259sin\u0259 iki-\u00fc\u00e7 g\u00fcn qalm\u0131\u015f) \u00dczeyir b\u0259y iti q\u0259l\u0259mi il\u0259 bol\u015fevik hakimiyy\u0259tini \u00f6z\u00fcn\u0259m\u0259xsus t\u0259rzd\u0259 t\u0259nqid ed\u0259r\u0259k, sonuncu felyetonunu d\u0259rc etdirir. Dahi ustad el\u0259 h\u0259min felyetonunun \u0259vv\u0259lind\u0259 <strong>&#8220;Zurna&#8221;<\/strong>, sonunda is\u0259 <strong>&#8220;\u00c7I&#8221;<\/strong> imzas\u0131 il\u0259 verib.<br \/>\nRuhun \u015fad olsun, Uzeyir b\u0259y!<\/p>\n<p>Qeyd ed\u0259k ki, Arzu M\u0259mm\u0259dova (Arzu M\u0259mm\u0259dq\u0131z\u0131) &#8211; Az\u0259rbaycan D\u00f6vl\u0259t \u0130qtisad Universitetinin (UNEC) K\u0130M 24\/7 Kitabxanas\u0131n\u0131n m\u00fcdiridir.<\/p>\n","protected":false},"excerpt":{"rendered":"<p>\u00c7oxlar\u0131 bilmir ki, &#8220;ZURNA\u00c7I&#8221; ifad\u0259si \u00dczeyir b\u0259y\u0259 m\u0259xsusdur &#8220;\u0130NFONEWS&#8221; x\u0259b\u0259r verir. \u00dczeyir Hac\u0131b\u0259ylinin anadan oldu\u011fu g\u00fcn \u2013 18 sentyabr &#8220;Milli Musiqi G\u00fcn\u00fc&#8221;d\u00fcr. Dahi \u00dczeyir b\u0259yin do\u011fum g\u00fcn\u00fcn\u00fc xalq\u0131m\u0131z musiqi bayram\u0131,&hellip; <\/p>\n","protected":false},"author":14,"featured_media":1207,"comment_status":"open","ping_status":"open","sticky":false,"template":"","format":"standard","meta":{"_mi_skip_tracking":false,"_monsterinsights_sitenote_active":false,"_monsterinsights_sitenote_note":"","_monsterinsights_sitenote_category":0,"footnotes":""},"categories":[4,8,10,11,50],"tags":[48,4896,15,5043,3360],"aioseo_notices":[],"_links":{"self":[{"href":"https:\/\/infonews.az\/index.php?rest_route=\/wp\/v2\/posts\/12926"}],"collection":[{"href":"https:\/\/infonews.az\/index.php?rest_route=\/wp\/v2\/posts"}],"about":[{"href":"https:\/\/infonews.az\/index.php?rest_route=\/wp\/v2\/types\/post"}],"author":[{"embeddable":true,"href":"https:\/\/infonews.az\/index.php?rest_route=\/wp\/v2\/users\/14"}],"replies":[{"embeddable":true,"href":"https:\/\/infonews.az\/index.php?rest_route=%2Fwp%2Fv2%2Fcomments&post=12926"}],"version-history":[{"count":1,"href":"https:\/\/infonews.az\/index.php?rest_route=\/wp\/v2\/posts\/12926\/revisions"}],"predecessor-version":[{"id":12928,"href":"https:\/\/infonews.az\/index.php?rest_route=\/wp\/v2\/posts\/12926\/revisions\/12928"}],"wp:featuredmedia":[{"embeddable":true,"href":"https:\/\/infonews.az\/index.php?rest_route=\/wp\/v2\/media\/1207"}],"wp:attachment":[{"href":"https:\/\/infonews.az\/index.php?rest_route=%2Fwp%2Fv2%2Fmedia&parent=12926"}],"wp:term":[{"taxonomy":"category","embeddable":true,"href":"https:\/\/infonews.az\/index.php?rest_route=%2Fwp%2Fv2%2Fcategories&post=12926"},{"taxonomy":"post_tag","embeddable":true,"href":"https:\/\/infonews.az\/index.php?rest_route=%2Fwp%2Fv2%2Ftags&post=12926"}],"curies":[{"name":"wp","href":"https:\/\/api.w.org\/{rel}","templated":true}]}}