{"id":13155,"date":"2021-09-27T10:06:39","date_gmt":"2021-09-27T06:06:39","guid":{"rendered":"https:\/\/infonews.az\/?p=13155"},"modified":"2021-09-27T10:08:36","modified_gmt":"2021-09-27T06:08:36","slug":"diqq%c9%99t-m%c9%99rk%c9%99zi-s%c9%99hidl%c9%99r-s%c9%99hid-vusal-allahverdiyev","status":"publish","type":"post","link":"https:\/\/infonews.az\/?p=13155","title":{"rendered":"Diqq\u0259t M\u0259rk\u0259zi: \u015e\u0259hidl\u0259r &#8211;  \u015e\u0259hid V\u00fcsal Allahverdiyev"},"content":{"rendered":"<p><span style=\"color: #ffffff;\">Diqq\u0259t M\u0259rk\u0259zi: \u015e\u0259hidl\u0259r &#8211; \u015e\u0259hid V\u00fcsal Allahverdiyev<\/span><\/p>\n<p><img loading=\"lazy\" decoding=\"async\" class=\"aligncenter size-full wp-image-13156\" src=\"https:\/\/infonews.az\/wp-content\/uploads\/2021\/09\/09df814c-fe14-4ba5-8829-a7e6db656b52.jpeg\" alt=\"\" width=\"720\" height=\"392\" srcset=\"https:\/\/infonews.az\/wp-content\/uploads\/2021\/09\/09df814c-fe14-4ba5-8829-a7e6db656b52.jpeg?v=1660873350 720w, https:\/\/infonews.az\/wp-content\/uploads\/2021\/09\/09df814c-fe14-4ba5-8829-a7e6db656b52-300x163.jpeg?v=1660873350 300w\" sizes=\"(max-width: 720px) 100vw, 720px\" \/><\/p>\n<p><a href=\"https:\/\/infonews.az\/?p=13155\"><span style=\"color: #ff0000;\"><strong>\u201c\u0130NFONEWS\u201d<\/strong><\/span><\/a><b>\u00a0t\u0259qdim edir.<\/b><\/p>\n<blockquote><p><strong>Az\u0259rbaycan G\u0259nclik Platformu (AGP), \u201c\u0130NFONEWS\u201d Operativ \u0130nformasiya Agentliyi v\u0259 Fransa-Az\u0259rbaycan Dialoqu Assosiasiyas\u0131n\u0131n birg\u0259 t\u0259\u015fkilat\u00e7\u0131l\u0131\u011f\u0131 il\u0259 \u201cDiqq\u0259t M\u0259rk\u0259zi: \u015e\u018fH\u0130DL\u018fR\u201d layih\u0259sinin bug\u00fcnki\u00a0<\/strong><strong>h\u0259ms\u00f6hb\u0259timiz \u015e\u0259hid V\u00fcsal Allahverdiyevin \u0259misi Mahir Allahverdiyevdir.<\/strong><\/p><\/blockquote>\n<p>V\u00fcsal Allahverdiyev16 avqust 1988-ci ild\u0259\u00a0Qubadl\u0131 rayonunda anadan olub. \u0130lk t\u0259hsilin\u0259 Sumqay\u0131t \u015f\u0259h\u0259ri 23 sayl\u0131 tam orta m\u0259kt\u0259bd\u0259 ba\u015flasa da, daha sonra Qubadl\u0131\u00a0rayon 2 sayl\u0131 tam orta m\u0259kt\u0259b\u0259 (2004\u20132006-c\u0131 ill\u0259r)\u00a0ke\u00e7irilir. Ali t\u0259hsilini Az\u0259rbaycan Kooperasiya Universitetinin\u00a0\u201cMaliyy\u0259 v\u0259 kredit\u201d fak\u00fclt\u0259sind\u0259 (2006\u20132010-cu ill\u0259r) al\u0131r.<\/p>\n<p>\u018fm\u0259k f\u0259aliyy\u0259tin\u0259 \u201cUN\u0130BANK&#8221; Kommersiya Bank\u0131nda \u0130stehlak krediti \u00fczr\u0259 apar\u0131c\u0131 m\u00fct\u0259x\u0259ssis v\u0259zif\u0259sind\u0259 ba\u015flay\u0131r (2012\u20132015-ci ill\u0259r). Daha sonra\u00a0\u201cKontakt Home\u201d\u00a0Ma\u011fazalar \u015f\u0259b\u0259k\u0259sind\u0259 kredit m\u00fct\u0259x\u0259ssisi kimi \u00e7al\u0131\u015f\u0131r. 2020-ci ild\u0259n\u00a0is\u0259 Kapital Bank\u00a0&#8220;Birkart Bank olmayan Kredit T\u0259\u015fkilat\u0131&#8221; MMC-nin 20 sayl\u0131 filial\u0131n\u0131n m\u00fcd\u00fcr\u00fc v\u0259zif\u0259sind\u0259 i\u015fl\u0259yir.<\/p>\n<p>Mahir m\u00fc\u0259llim qeyd etdi ki, V\u00fcsal\u0131n atas\u0131 Tahir Qafar o\u011flu Allahverdiyev\u00a0Birinci Qaraba\u011f m\u00fcharib\u0259si\u00a0veteran\u0131d\u0131r.<\/p>\n<p>V\u00fcsal atas\u0131 kimi u\u015faql\u0131qdan v\u0259t\u0259n\u0259rv\u0259r olub. V\u00fcsal 5 ya\u015f\u0131na q\u0259d\u0259r Qubadl\u0131 rayonunda oldu\u011fu \u00fc\u00e7\u00fcn h\u0259r zaman Qubadl\u0131ya can at\u0131b, o yerl\u0259ri t\u0259krar g\u00f6rm\u0259k ist\u0259yirdi, \u201cQubadl\u0131\u201d ad\u0131 \u00e7\u0259kil\u0259nd\u0259 el\u0259 bil \u00fcr\u0259yi dayan\u0131rd\u0131.<\/p>\n<p>V\u00fcsal ki\u00e7ik ya\u015flar\u0131ndan atas\u0131n\u0131n, day\u0131s\u0131n\u0131n, \u0259misin\u0131n m\u00fcharib\u0259 s\u00f6hb\u0259tl\u0259ri, V\u0259t\u0259n xatir\u0259l\u0259ri il\u0259 b\u00f6y\u00fcy\u00fcb, el\u0259 ideal\u0131 da torpaq u\u011frunda d\u00f6y\u00fc\u015fl\u0259rd\u0259 f\u0259dakarcas\u0131na vuru\u015fan igidl\u0259r idi, m\u00fcharib\u0259d\u0259 i\u015ftirak ed\u0259n atas\u0131 v\u0259 qohumlar\u0131 il\u0259 h\u0259mi\u015f\u0259 f\u0259xr edirdi.<\/p>\n<p>\u018fmisi xat\u0131rlay\u0131r ki, V\u00fcsal 2-ci sinifd\u0259 oxuyanda orta m\u0259kt\u0259b t\u0259dbirl\u0259rinin birind\u0259 \u015e\u0259mistan \u018flizamanl\u0131n\u0131n \u201c\u0130gid \u018fsg\u0259r, m\u00f6hk\u0259m dayan!\u201d mahn\u0131s\u0131n\u0131 ifa edib. V\u0259t\u0259np\u0259rv\u0259rlik m\u00f6vzusunda mahn\u0131 v\u0259 musiqil\u0259rini x\u00fcsusi r\u0259\u011fb\u0259tl\u0259 dinl\u0259yirdi.<\/p>\n<p>V\u00fcsal Allahverdiyev 2010\u20132011-ci ill\u0259rd\u0259\u00a0G\u0259nc\u0259 \u015f\u0259h\u0259rind\u0259\u00a0yerl\u0259\u015f\u0259n N sayl\u0131 h\u0259rbi hiss\u0259d\u0259 h\u0259qiqi h\u0259rbi xidm\u0259t ke\u00e7ir. O, 12 iyul 2020-ci ild\u0259 ba\u015flayan\u00a0Tovuz d\u00f6y\u00fc\u015fl\u0259ri\u00a0zaman\u0131 general-mayor\u00a0Polad H\u0259\u015fimov\u00a0\u015f\u0259hid olduqdan sonra S\u0259f\u0259rb\u0259rlik v\u0259 H\u0259rbi Xidm\u0259t\u0259 \u00e7a\u011f\u0131r\u0131\u015f \u00fczr\u0259 Qubadl\u0131 rayon \u015f\u00f6b\u0259sin\u0259 m\u00fcraci\u0259t ed\u0259r\u0259k k\u00f6n\u00fcll\u00fc olaraq c\u0259bh\u0259y\u0259 yaz\u0131l\u0131r.<\/p>\n<p>Az\u0259rbaycan Ordusunun\u00a0\u0259sg\u0259ri olan V\u00fcsal Tahir o\u011flu Allahverdiyev 2020-ci il sentyabr\u0131n 27-d\u0259\u00a0Az\u0259rbaycan Silahl\u0131 Q\u00fcvv\u0259l\u0259ri\u00a0t\u0259r\u0259find\u0259n\u00a0Erm\u0259nistan\u00a0i\u015f\u011fal\u0131 alt\u0131nda olan \u0259razil\u0259rin azad edilm\u0259si v\u0259\u00a0Az\u0259rbaycan\u0131n\u00a0\u0259razi b\u00fct\u00f6vl\u00fcy\u00fcn\u00fcn b\u0259rpa olunmas\u0131 \u00fc\u00e7\u00fcn ba\u015flanan\u00a0V\u0259t\u0259n m\u00fcharib\u0259sind\u0259\u00a0h\u0259min ilin 1 oktyabr tarixind\u0259n k\u00f6n\u00fcll\u00fc olaraq i\u015ftirak edir.\u00a0F\u00fczulinin,\u00a0C\u0259bray\u0131l\u0131n\u00a0v\u0259\u00a0Xocav\u0259ndin azad edilm\u0259si u\u011frunda\u00a0v\u0259\u00a0F\u00fczuli rayonunun\u00a0Seyid\u0259hm\u0259dli\u00a0k\u0259ndi istiqam\u0259tind\u0259 ged\u0259n d\u00f6y\u00fc\u015fl\u0259rd\u0259 vuru\u015fur.<\/p>\n<p>30 oktyabr 2020-ci ild\u0259\u00a0Xocav\u0259nd\u00a0istiqam\u0259tind\u0259 d\u00f6y\u00fc\u015f tap\u015f\u0131r\u0131\u011f\u0131n\u0131n yerin\u0259 yetirilm\u0259si zaman\u0131 \u015f\u0259hid olur.\u00a0Sumqay\u0131t \u015e\u0259hidl\u0259r Xiyaban\u0131nda\u00a0torpa\u011fa tap\u015f\u0131r\u0131l\u0131b.<\/p>\n<p>Az\u0259rbaycan\u0131n\u00a0\u0259razi b\u00fct\u00f6vl\u00fcy\u00fcn\u00fcn t\u0259min edilm\u0259si u\u011frunda d\u00f6y\u00fc\u015f \u0259m\u0259liyyatlar\u0131na qat\u0131lan v\u0259 h\u0259rbi hiss\u0259 qar\u015f\u0131s\u0131nda qoyulmu\u015f tap\u015f\u0131r\u0131qlar\u0131n icras\u0131 zaman\u0131 v\u0259zif\u0259 borcunu \u015f\u0259r\u0259fl\u0259 yerin\u0259 yetirdiyi \u00fc\u00e7\u00fcn\u00a0Az\u0259rbaycan Prezidenti\u00a0\u0130lham \u018fliyevin\u00a015.12.2020-ci il tarixli S\u0259r\u0259ncam\u0131na \u0259sas\u0259n V\u00fcsal Allahverdiyev \u00f6l\u00fcm\u00fcnd\u0259n sonra\u00a0\u201cV\u0259t\u0259n u\u011frunda\u201d medal\u0131\u00a0il\u0259 t\u0259ltif edilib.<\/p>\n<p>D\u00f6y\u00fc\u015f tap\u015f\u0131r\u0131qlar\u0131n\u0131 u\u011furla yerin\u0259 yetirdiyi, sona q\u0259d\u0259r d\u00f6y\u00fc\u015fd\u00fcy\u00fc v\u0259 tap\u015f\u0131r\u0131qlar\u0131n yerin\u0259 yetirilm\u0259sind\u0259 f\u0259rql\u0259ndiyi \u00fc\u00e7\u00fcn\u00a0Az\u0259rbaycan Prezidenti\u00a0\u0130lham \u018fliyevin\u00a018.12.2020-ci il tarixli s\u0259r\u0259ncam\u0131na \u0259sas\u0259n V\u00fcsal Allahverdiyev \u00f6l\u00fcm\u00fcnd\u0259n sonra\u00a0\u201cD\u00f6y\u00fc\u015fd\u0259 f\u0259rql\u0259nm\u0259y\u0259 g\u00f6r\u0259\u201d medal\u0131\u00a0il\u0259 t\u0259ltif edilib.<\/p>\n<p>Az\u0259rbaycan\u0131n\u00a0F\u00fczuli rayonunun\u00a0i\u015f\u011faldan azad edilm\u0259si u\u011frunda apar\u0131lan d\u00f6y\u00fc\u015f \u0259m\u0259liyyatlar\u0131na qat\u0131laraq \u015f\u0259xsi igidliyi v\u0259 \u015f\u00fcca\u0259ti n\u00fcmayi\u015f etdirdiyin\u0259 g\u00f6r\u0259\u00a0Az\u0259rbaycan Prezidenti\u00a0\u0130lahm \u018fliyevin\u00a025.12.2020-ci il tarixli S\u0259r\u0259ncam\u0131na \u0259sas\u0259n V\u00fcsal Allahverdiyev \u00f6l\u00fcm\u00fcnd\u0259n sonra\u00a0\u201cF\u00fczulinin azad olunmas\u0131na g\u00f6r\u0259\u201d medal\u0131\u00a0il\u0259 t\u0259ltif edilib.<\/p>\n<p>\u015e\u0259hidimizin \u0259misi Mahir Allahverdiyev qeyd etdi ki, V\u00fcsalla sonuncu d\u0259f\u0259 28 oktyabrda \u0259laq\u0259 saxlad\u0131q. V\u00fcsal\u0131 birc\u0259 d\u0259f\u0259 yuxuda g\u00f6rm\u00fc\u015f\u0259m v\u0259 onda da yuxumda ma\u015f\u0131n\u0131n\u0131 s\u00fcrm\u0259k ist\u0259diyini bildirdi.Ka\u015f ki, V\u00fcsal\u0131 h\u0259r g\u00fcn yuxumda g\u00f6r\u0259rdim.<\/p>\n<p>G\u00f6r\u00fc\u015f\u00fcn sonunda Mahir m\u00fc\u0259llim Az\u0259rbaycan\u0131n \u015e\u0259hid ail\u0259l\u0259rin\u0259 \u00fcz\u00fcn\u00fc tutaraq dedi:<\/p>\n<p>\u201c\u00d6vladlar\u0131m\u0131z\u0131 yan\u0131m\u0131zda g\u00f6rm\u0259m\u0259k olduqca a\u011f\u0131rd\u0131r. Amma \u015e\u0259hidl\u0259rimizl\u0259 h\u0259mi\u015f\u0259 f\u0259xr edin. \u00c7\u00fcnki onlar bizim \u00fc\u00e7\u00fcn, g\u0259l\u0259c\u0259k n\u0259sill\u0259rin \u00fcz\u00fca\u011f ya\u015famas\u0131 \u00fc\u00e7\u00fcn canlar\u0131ndan ke\u00e7ibl\u0259r\u201d<\/p>\n<p><img loading=\"lazy\" decoding=\"async\" class=\"aligncenter size-full wp-image-13157\" src=\"https:\/\/infonews.az\/wp-content\/uploads\/2021\/09\/94d595d8-d659-4fb4-9fd7-61e47ce027cc.jpeg\" alt=\"\" width=\"720\" height=\"898\" srcset=\"https:\/\/infonews.az\/wp-content\/uploads\/2021\/09\/94d595d8-d659-4fb4-9fd7-61e47ce027cc.jpeg?v=1660873349 720w, https:\/\/infonews.az\/wp-content\/uploads\/2021\/09\/94d595d8-d659-4fb4-9fd7-61e47ce027cc-241x300.jpeg?v=1660873349 241w\" sizes=\"(max-width: 720px) 100vw, 720px\" \/> <img loading=\"lazy\" decoding=\"async\" class=\"aligncenter size-full wp-image-13158\" src=\"https:\/\/infonews.az\/wp-content\/uploads\/2021\/09\/d00d7f20-d30e-4d24-8334-28ea22f76adf.jpeg\" alt=\"\" width=\"720\" height=\"713\" srcset=\"https:\/\/infonews.az\/wp-content\/uploads\/2021\/09\/d00d7f20-d30e-4d24-8334-28ea22f76adf.jpeg?v=1660873349 720w, https:\/\/infonews.az\/wp-content\/uploads\/2021\/09\/d00d7f20-d30e-4d24-8334-28ea22f76adf-300x297.jpeg?v=1660873349 300w, https:\/\/infonews.az\/wp-content\/uploads\/2021\/09\/d00d7f20-d30e-4d24-8334-28ea22f76adf-150x150.jpeg?v=1660873349 150w\" sizes=\"(max-width: 720px) 100vw, 720px\" \/><\/p>\n<p><iframe loading=\"lazy\" title=\"Diqq\u0259t M\u0259rk\u0259zi: \u015e\u0259hidl\u0259r- Allahverdiyev V\u00fcsal\" width=\"1110\" height=\"624\" src=\"https:\/\/www.youtube.com\/embed\/mKkIEo5GPsU?feature=oembed\" frameborder=\"0\" allow=\"accelerometer; autoplay; clipboard-write; encrypted-media; gyroscope; picture-in-picture\" allowfullscreen><\/iframe><\/p>\n","protected":false},"excerpt":{"rendered":"<p>Diqq\u0259t M\u0259rk\u0259zi: \u015e\u0259hidl\u0259r &#8211; \u015e\u0259hid V\u00fcsal Allahverdiyev \u201c\u0130NFONEWS\u201d\u00a0t\u0259qdim edir. Az\u0259rbaycan G\u0259nclik Platformu (AGP), \u201c\u0130NFONEWS\u201d Operativ \u0130nformasiya Agentliyi v\u0259 Fransa-Az\u0259rbaycan Dialoqu Assosiasiyas\u0131n\u0131n birg\u0259 t\u0259\u015fkilat\u00e7\u0131l\u0131\u011f\u0131 il\u0259 \u201cDiqq\u0259t M\u0259rk\u0259zi: \u015e\u018fH\u0130DL\u018fR\u201d layih\u0259sinin bug\u00fcnki\u00a0h\u0259ms\u00f6hb\u0259timiz \u015e\u0259hid&hellip; <\/p>\n","protected":false},"author":14,"featured_media":12230,"comment_status":"open","ping_status":"open","sticky":false,"template":"","format":"standard","meta":{"_mi_skip_tracking":false,"_monsterinsights_sitenote_active":false,"_monsterinsights_sitenote_note":"","_monsterinsights_sitenote_category":0,"footnotes":""},"categories":[4263,11,7],"tags":[4884,15,5064],"aioseo_notices":[],"_links":{"self":[{"href":"https:\/\/infonews.az\/index.php?rest_route=\/wp\/v2\/posts\/13155"}],"collection":[{"href":"https:\/\/infonews.az\/index.php?rest_route=\/wp\/v2\/posts"}],"about":[{"href":"https:\/\/infonews.az\/index.php?rest_route=\/wp\/v2\/types\/post"}],"author":[{"embeddable":true,"href":"https:\/\/infonews.az\/index.php?rest_route=\/wp\/v2\/users\/14"}],"replies":[{"embeddable":true,"href":"https:\/\/infonews.az\/index.php?rest_route=%2Fwp%2Fv2%2Fcomments&post=13155"}],"version-history":[{"count":3,"href":"https:\/\/infonews.az\/index.php?rest_route=\/wp\/v2\/posts\/13155\/revisions"}],"predecessor-version":[{"id":13161,"href":"https:\/\/infonews.az\/index.php?rest_route=\/wp\/v2\/posts\/13155\/revisions\/13161"}],"wp:featuredmedia":[{"embeddable":true,"href":"https:\/\/infonews.az\/index.php?rest_route=\/wp\/v2\/media\/12230"}],"wp:attachment":[{"href":"https:\/\/infonews.az\/index.php?rest_route=%2Fwp%2Fv2%2Fmedia&parent=13155"}],"wp:term":[{"taxonomy":"category","embeddable":true,"href":"https:\/\/infonews.az\/index.php?rest_route=%2Fwp%2Fv2%2Fcategories&post=13155"},{"taxonomy":"post_tag","embeddable":true,"href":"https:\/\/infonews.az\/index.php?rest_route=%2Fwp%2Fv2%2Ftags&post=13155"}],"curies":[{"name":"wp","href":"https:\/\/api.w.org\/{rel}","templated":true}]}}