{"id":13241,"date":"2021-09-29T09:31:04","date_gmt":"2021-09-29T05:31:04","guid":{"rendered":"https:\/\/infonews.az\/?p=13241"},"modified":"2021-09-29T11:34:46","modified_gmt":"2021-09-29T07:34:46","slug":"k%c9%99lb%c9%99c%c9%99r-bali-ilk-d%c9%99f%c9%99-bakida-yarmarkada-satisa-cixarilacaq","status":"publish","type":"post","link":"https:\/\/infonews.az\/?p=13241","title":{"rendered":"K\u0259lb\u0259c\u0259r bal\u0131 ilk d\u0259f\u0259 Bak\u0131da yarmarkada sat\u0131\u015fa \u00e7\u0131xar\u0131lacaq"},"content":{"rendered":"<p><span style=\"color: #ffffff;\">K\u0259lb\u0259c\u0259r bal\u0131 ilk d\u0259f\u0259 Bak\u0131da yarmarkada sat\u0131\u015fa \u00e7\u0131xar\u0131lacaq<\/span><\/p>\n<p><a href=\"https:\/\/infonews.az\/?p=13241\"><strong><span style=\"color: #ff0000;\">&#8220;\u0130NFONEWS&#8221;<\/span><\/strong><\/a> Trend-\u0259 istinad\u0259n x\u0259b\u0259r verir.<\/p>\n<p>Bak\u0131da ke\u00e7iril\u0259n n\u00f6vb\u0259ti bal yarmarkas\u0131nda K\u0259lb\u0259c\u0259r bal\u0131 da sat\u0131\u015fa \u00e7\u0131xar\u0131lacaq.<\/p>\n<p>Bu bar\u0259d\u0259\u00a0 a\u00e7\u0131qlamas\u0131nda ar\u0131\u00e7\u0131-sahibkar Sabir Mustafayev deyib.<\/p>\n<p>Sahibkar bildirib ki, K\u0259lb\u0259c\u0259rd\u0259 saxlad\u0131\u011f\u0131 bal\u0131n bir hiss\u0259sini satsa da, yarmarka \u00fc\u00e7\u00fcn d\u0259 saxlay\u0131b: &#8220;Bu d\u0259f\u0259 Bak\u0131da ke\u00e7iril\u0259c\u0259k bal yarmarkas\u0131na K\u0259lb\u0259c\u0259r bal\u0131 da \u00e7\u0131xaraca\u011fam. K\u0259lb\u0259c\u0259rd\u0259 ar\u0131lardan ald\u0131\u011f\u0131m\u0131z bal dig\u0259r rayonlarda al\u0131nan baldan iki d\u0259f\u0259 art\u0131q oldu. K\u0259lb\u0259c\u0259r ar\u0131\u00e7\u0131l\u0131\u011f\u0131n inki\u015faf\u0131 \u00fc\u00e7\u00fcn \u00e7ox \u0259lveri\u015flidir. Keyfiyy\u0259t bax\u0131m\u0131ndan da K\u0259lb\u0259c\u0259r bal\u0131n\u0131n keyfiyy\u0259ti y\u00fcks\u0259kdir&#8221;.<\/p>\n<p>S.Mustafayev bildirib ki, \u00f6t\u0259n il ar\u0131\u00e7\u0131l\u0131q \u00fc\u00e7\u00fcn m\u0259hsuldar il olmay\u0131b: &#8220;\u00d6t\u0259n il da\u011fl\u0131q \u0259razil\u0259rd\u0259 m\u0259hsuldarl\u0131q a\u015fa\u011f\u0131 oldu. H\u0259r ar\u0131 ye\u015fiyind\u0259n 19 kilo bal g\u00f6t\u00fcr\u00fcld\u00fc. Amma bu il bu g\u00f6st\u0259rici 25-30 kiloqram oldu. M\u00fc\u0259yy\u0259n sayda ar\u0131 ail\u0259sini Da\u015fk\u0259s\u0259n\u0259, bir qismini is\u0259 K\u0259lb\u0259c\u0259r\u0259 apard\u0131q. Da\u015fk\u0259s\u0259nd\u0259 bir ar\u0131 ail\u0259sind\u0259n 28 kiloqram, K\u0259lb\u0259c\u0259rd\u0259 is\u0259 53 kiloqram bal g\u00f6t\u00fcrd\u00fck. \u00c7\u00fcnki K\u0259lb\u0259c\u0259rd\u0259 iki d\u0259f\u0259 s\u00fczm\u0259 el\u0259dik&#8221;.<\/p>\n<p>Sahibkar bildirib ki, haz\u0131rda ba\u015fqa \u0259razil\u0259rin bal\u0131n\u0131n 1 kiloqram\u0131 20-25 manat, Da\u015fk\u0259s\u0259n bal\u0131n\u0131n bir kiloqram\u0131 30-35 manat, K\u0259lb\u0259c\u0259r bal\u0131n\u0131n bir kiloqram\u0131 is\u0259 40-45 manatd\u0131r: &#8220;Biz h\u0259m\u00e7inin h\u0259r il \u0259ld\u0259 etdiyimiz m\u0259hsulun 20 faizini \u015f\u0259hid ail\u0259l\u0259rin\u0259 pay veririk. H\u0259r il bal m\u00f6vs\u00fcm\u00fcnd\u0259 \u015f\u0259hid ail\u0259l\u0259rin\u0259 ba\u015f \u00e7\u0259kirik v\u0259 onlara m\u00fc\u0259yy\u0259n q\u0259d\u0259r bal veririk. Bu il d\u0259 \u0259ld\u0259 etdiyimiz bal\u0131n bir hiss\u0259sini \u015f\u0259hid ail\u0259l\u0259rin\u0259 vermi\u015fik&#8221;.<\/p>\n<p>K\u0259nd T\u0259s\u0259rr\u00fcfat\u0131 Nazirliyinin \u0130ctimaiyy\u0259tl\u0259 \u0259laq\u0259l\u0259r \u015f\u00f6b\u0259sinin r\u0259isi V\u00fcqar H\u00fcseynov is\u0259 Trend-\u0259 a\u00e7\u0131qlamas\u0131nda deyib ki, sahibkarlar yarmarkada i\u015ftirak etm\u0259k \u00fc\u00e7\u00fcn \u0259vv\u0259lc\u0259d\u0259n qeydiyyatdan ke\u00e7m\u0259lidir: &#8220;Sahibkarlar yarmarkada i\u015ftirak \u00fc\u00e7\u00fcn m\u00fcraci\u0259t edir v\u0259 qeydiyyatdan ke\u00e7irilir. Qeydiyyatdan ke\u00e7\u0259n sahibkar \u00f6z m\u0259hsulunu yarmarkada sat\u0131\u015fa \u00e7\u0131xar\u0131r. Dig\u0259r sahibkarlar kimi, K\u0259lb\u0259c\u0259rd\u0259 ar\u0131\u00e7\u0131l\u0131qla m\u0259\u015f\u011ful olan sahibkarlar da m\u00fcraci\u0259t edib qeydiyyatdan ke\u00e7\u0259 bil\u0259rl\u0259r. \u018fg\u0259r h\u0259min ar\u0131\u00e7\u0131lar m\u00fcraci\u0259t ed\u0259rs\u0259, onlar\u0131n da m\u00fcraci\u0259ti m\u00fcsb\u0259t qar\u015f\u0131lanacaq v\u0259 K\u0259lb\u0259c\u0259r bal\u0131 yarmarkada sat\u0131\u015fa \u00e7\u0131xar\u0131lacaq&#8221;.<\/p>\n<p>Qeyd ed\u0259k ki, K\u0259nd T\u0259s\u0259rr\u00fcfat\u0131 Nazirliyinin v\u0259 Az\u0259rbaycan Ar\u0131\u00e7\u0131lar Assosiasiyas\u0131n\u0131n birg\u0259 t\u0259\u015fkilat\u00e7\u0131l\u0131\u011f\u0131 il\u0259 20 oktyabr &#8211; 7 noyabr tarixl\u0259rind\u0259 Bak\u0131da ar\u0131\u00e7\u0131l\u0131q m\u0259hsullar\u0131n\u0131n 21-ci Respublika S\u0259rgi-Sat\u0131\u015f Yarmarkas\u0131 ke\u00e7iril\u0259c\u0259k.<\/p>\n","protected":false},"excerpt":{"rendered":"<p>K\u0259lb\u0259c\u0259r bal\u0131 ilk d\u0259f\u0259 Bak\u0131da yarmarkada sat\u0131\u015fa \u00e7\u0131xar\u0131lacaq &#8220;\u0130NFONEWS&#8221; Trend-\u0259 istinad\u0259n x\u0259b\u0259r verir. Bak\u0131da ke\u00e7iril\u0259n n\u00f6vb\u0259ti bal yarmarkas\u0131nda K\u0259lb\u0259c\u0259r bal\u0131 da sat\u0131\u015fa \u00e7\u0131xar\u0131lacaq. Bu bar\u0259d\u0259\u00a0 a\u00e7\u0131qlamas\u0131nda ar\u0131\u00e7\u0131-sahibkar Sabir Mustafayev deyib.&hellip; <\/p>\n","protected":false},"author":14,"featured_media":13242,"comment_status":"open","ping_status":"open","sticky":false,"template":"","format":"standard","meta":{"_mi_skip_tracking":false,"_monsterinsights_sitenote_active":false,"_monsterinsights_sitenote_note":"","_monsterinsights_sitenote_category":0,"footnotes":""},"categories":[4,2],"tags":[4368,5106,77],"aioseo_notices":[],"_links":{"self":[{"href":"https:\/\/infonews.az\/index.php?rest_route=\/wp\/v2\/posts\/13241"}],"collection":[{"href":"https:\/\/infonews.az\/index.php?rest_route=\/wp\/v2\/posts"}],"about":[{"href":"https:\/\/infonews.az\/index.php?rest_route=\/wp\/v2\/types\/post"}],"author":[{"embeddable":true,"href":"https:\/\/infonews.az\/index.php?rest_route=\/wp\/v2\/users\/14"}],"replies":[{"embeddable":true,"href":"https:\/\/infonews.az\/index.php?rest_route=%2Fwp%2Fv2%2Fcomments&post=13241"}],"version-history":[{"count":1,"href":"https:\/\/infonews.az\/index.php?rest_route=\/wp\/v2\/posts\/13241\/revisions"}],"predecessor-version":[{"id":13243,"href":"https:\/\/infonews.az\/index.php?rest_route=\/wp\/v2\/posts\/13241\/revisions\/13243"}],"wp:featuredmedia":[{"embeddable":true,"href":"https:\/\/infonews.az\/index.php?rest_route=\/wp\/v2\/media\/13242"}],"wp:attachment":[{"href":"https:\/\/infonews.az\/index.php?rest_route=%2Fwp%2Fv2%2Fmedia&parent=13241"}],"wp:term":[{"taxonomy":"category","embeddable":true,"href":"https:\/\/infonews.az\/index.php?rest_route=%2Fwp%2Fv2%2Fcategories&post=13241"},{"taxonomy":"post_tag","embeddable":true,"href":"https:\/\/infonews.az\/index.php?rest_route=%2Fwp%2Fv2%2Ftags&post=13241"}],"curies":[{"name":"wp","href":"https:\/\/api.w.org\/{rel}","templated":true}]}}