{"id":13397,"date":"2021-10-04T09:04:10","date_gmt":"2021-10-04T05:04:10","guid":{"rendered":"https:\/\/infonews.az\/?p=13397"},"modified":"2021-10-04T11:13:20","modified_gmt":"2021-10-04T07:13:20","slug":"c%c9%99brayil-s%c9%99h%c9%99rinin-isgaldan-azad-olunmasindan-1-il-otur","status":"publish","type":"post","link":"https:\/\/infonews.az\/?p=13397","title":{"rendered":"C\u0259bray\u0131l \u015f\u0259h\u0259rinin i\u015f\u011faldan azad olunmas\u0131ndan 1 il \u00f6t\u00fcr"},"content":{"rendered":"<p><span style=\"color: #ffffff;\">C\u0259bray\u0131l \u015f\u0259h\u0259rinin i\u015f\u011faldan azad olunmas\u0131ndan\u00a01 il \u00f6t\u00fcr<\/span><\/p>\n<p><a href=\"https:\/\/infonews.az\/?p=13397\"><strong><span style=\"color: #ff0000;\">&#8220;\u0130NFONEWS&#8221;<\/span><\/strong><\/a> x\u0259b\u0259r verir.<\/p>\n<p><b>Bu g\u00fcn &#8211; oktyabr\u0131n 4-\u00fc C\u0259bray\u0131l \u015f\u0259h\u0259rinin Erm\u0259nistan Silahl\u0131 Q\u00fcvv\u0259l\u0259rinin\u00a0i\u015f\u011fal\u0131ndan azad edildiyi\u00a0g\u00fcnd\u00fcr.<\/b><\/p>\n<p>\u015e\u0259h\u0259rin erm\u0259ni i\u015f\u011fal\u00e7\u0131lar\u0131ndan t\u0259mizl\u0259nm\u0259sind\u0259n 1 il \u00f6t\u00fcr.<\/p>\n<p>2020-ci ilin oktyabr\u0131n 4-d\u0259 C\u0259bray\u0131l \u015f\u0259h\u0259ri il\u0259 yana\u015f\u0131 rayonun daha 9 k\u0259ndi &#8211; Karxulu, \u015e\u00fck\u00fcrb\u0259yli, \u00c7\u0259r\u0259k\u0259n, Da\u015fk\u0259s\u0259n, Horovlu, Mahmudlu, C\u0259f\u0259rabad, Yuxar\u0131 Maralyan v\u0259 D\u0259j\u0259l d\u00fc\u015fm\u0259n\u00a0i\u015f\u011fal\u0131ndan\u00a0azad olunub.<\/p>\n<p>Azad olunan\u0131n \u0259razil\u0259r\u0259 Az\u0259rbaycan\u0131n \u00fc\u00e7r\u0259ngli \u015fanl\u0131 bayra\u011f\u0131 sanc\u0131l\u0131b.<\/p>\n<p>2020-ci ilin oktyabr\u0131n 4-d\u0259 Az\u0259rbaycan Prezidenti, M\u00fcz\u0259ff\u0259r Ali Ba\u015f Komandan \u0130lham \u018fliyev xalqa m\u00fcraci\u0259tind\u0259 C\u0259bray\u0131l \u015f\u0259h\u0259ri v\u0259 rayonun daha 9 k\u0259ndinin i\u015f\u011faldan azad olundu\u011funu elan edib.<\/p>\n<p>\u0130kinci Qaraba\u011f m\u00fcharib\u0259si zaman\u0131 Az\u0259rbaycan Ordusu t\u0259r\u0259find\u0259n C\u0259bray\u0131l rayonunun 1 \u015f\u0259h\u0259ri v\u0259 80 k\u0259ndi i\u015f\u011faldan azad olunub. C\u0259bray\u0131l\u0131n d\u00fc\u015fm\u0259n i\u015f\u011fal\u0131ndan t\u0259mizl\u0259nm\u0259si il\u0259 Az\u0259rbaycan-\u0130ran s\u0259rh\u0259din\u0259 d\u00f6vl\u0259t n\u0259zar\u0259ti qism\u0259n b\u0259rpa edilib.<\/p>\n<p>Az\u0259rbaycan\u0131n V\u0259t\u0259n m\u00fcharib\u0259sind\u0259 d\u00fc\u015fm\u0259n \u00fcz\u0259rind\u0259 qalib g\u0259lm\u0259sind\u0259n 6 g\u00fcn sonra \u2013 2020-ci ilin noyabr ay\u0131n\u0131n 16-da Prezident \u0130lham \u018fliyev v\u0259 v\u0259 birinci xan\u0131m Mehriban \u018fliyeva i\u015f\u011faldan azad edil\u0259n C\u0259bray\u0131l rayonunda olublar. Prezident C\u0259bray\u0131l \u015f\u0259h\u0259rind\u0259 v\u0259 Xudaf\u0259rin k\u00f6rp\u00fcs\u00fcnd\u0259 \u015fanl\u0131 Az\u0259rbaycan\u00a0bayra\u011f\u0131n\u0131 qald\u0131r\u0131b.<\/p>\n<p>Prezident \u0130lham \u018fliyevin\u00a02020-ci ilin dekabr\u0131n 24-d\u0259\u00a0v\u0259\u00a02021-ci ilin iyunun 24-d\u0259\u00a0imzalad\u0131\u011f\u0131 m\u00fcvafiq s\u0259r\u0259ncamlara \u0259sas\u0259n, bir qrup h\u0259rbi qulluq\u00e7u \u201cC\u0259bray\u0131l\u0131n azad olunmas\u0131na g\u00f6r\u0259\u201d medal\u0131 il\u0259 t\u0259ltif edilib. Rayonun i\u015f\u011faldan azad olunmas\u0131 u\u011frunda apar\u0131lan d\u00f6y\u00fc\u015f \u0259m\u0259liyyatlar\u0131nda i\u015ftirak ed\u0259r\u0259k \u015f\u0259xsi igidlik v\u0259 \u015f\u00fcca\u0259t n\u00fcmayi\u015f etdir\u0259n on minl\u0259rl\u0259 h\u0259rbi qulluq\u00e7u \u201cC\u0259bray\u0131l\u0131n azad olunmas\u0131na g\u00f6r\u0259\u201d medal\u0131 il\u0259 t\u0259ltif olunub.<\/p>\n<p>Qeyd ed\u0259k ki, C\u0259bray\u0131l rayonu erm\u0259ni i\u015f\u011fal\u0131 zaman\u0131 vandalizim\u0259 m\u0259ruz qal\u0131b. Rayon \u0259razisind\u0259 olan evl\u0259r, tarixi abid\u0259l\u0259r tamamil\u0259 da\u011f\u0131d\u0131l\u0131b, a\u011faclar m\u0259hv edilib.<\/p>\n<p><b>Qaraba\u011f Az\u0259rbaycand\u0131r!<\/b><\/p>\n","protected":false},"excerpt":{"rendered":"<p>C\u0259bray\u0131l \u015f\u0259h\u0259rinin i\u015f\u011faldan azad olunmas\u0131ndan\u00a01 il \u00f6t\u00fcr &#8220;\u0130NFONEWS&#8221; x\u0259b\u0259r verir. Bu g\u00fcn &#8211; oktyabr\u0131n 4-\u00fc C\u0259bray\u0131l \u015f\u0259h\u0259rinin Erm\u0259nistan Silahl\u0131 Q\u00fcvv\u0259l\u0259rinin\u00a0i\u015f\u011fal\u0131ndan azad edildiyi\u00a0g\u00fcnd\u00fcr. \u015e\u0259h\u0259rin erm\u0259ni i\u015f\u011fal\u00e7\u0131lar\u0131ndan t\u0259mizl\u0259nm\u0259sind\u0259n 1 il \u00f6t\u00fcr. 2020-ci&hellip; <\/p>\n","protected":false},"author":14,"featured_media":13398,"comment_status":"open","ping_status":"open","sticky":false,"template":"","format":"standard","meta":{"_mi_skip_tracking":false,"_monsterinsights_sitenote_active":false,"_monsterinsights_sitenote_note":"","_monsterinsights_sitenote_category":0,"footnotes":""},"categories":[6,11,550],"tags":[360,488,15],"aioseo_notices":[],"_links":{"self":[{"href":"https:\/\/infonews.az\/index.php?rest_route=\/wp\/v2\/posts\/13397"}],"collection":[{"href":"https:\/\/infonews.az\/index.php?rest_route=\/wp\/v2\/posts"}],"about":[{"href":"https:\/\/infonews.az\/index.php?rest_route=\/wp\/v2\/types\/post"}],"author":[{"embeddable":true,"href":"https:\/\/infonews.az\/index.php?rest_route=\/wp\/v2\/users\/14"}],"replies":[{"embeddable":true,"href":"https:\/\/infonews.az\/index.php?rest_route=%2Fwp%2Fv2%2Fcomments&post=13397"}],"version-history":[{"count":1,"href":"https:\/\/infonews.az\/index.php?rest_route=\/wp\/v2\/posts\/13397\/revisions"}],"predecessor-version":[{"id":13399,"href":"https:\/\/infonews.az\/index.php?rest_route=\/wp\/v2\/posts\/13397\/revisions\/13399"}],"wp:featuredmedia":[{"embeddable":true,"href":"https:\/\/infonews.az\/index.php?rest_route=\/wp\/v2\/media\/13398"}],"wp:attachment":[{"href":"https:\/\/infonews.az\/index.php?rest_route=%2Fwp%2Fv2%2Fmedia&parent=13397"}],"wp:term":[{"taxonomy":"category","embeddable":true,"href":"https:\/\/infonews.az\/index.php?rest_route=%2Fwp%2Fv2%2Fcategories&post=13397"},{"taxonomy":"post_tag","embeddable":true,"href":"https:\/\/infonews.az\/index.php?rest_route=%2Fwp%2Fv2%2Ftags&post=13397"}],"curies":[{"name":"wp","href":"https:\/\/api.w.org\/{rel}","templated":true}]}}