{"id":13475,"date":"2021-10-06T12:00:15","date_gmt":"2021-10-06T08:00:15","guid":{"rendered":"https:\/\/infonews.az\/?p=13475"},"modified":"2021-10-12T09:47:57","modified_gmt":"2021-10-12T05:47:57","slug":"diqq%c9%99t-m%c9%99rk%c9%99zi-s%c9%99hidl%c9%99r-s%c9%99hid-els%c9%99n-quluzad%c9%99","status":"publish","type":"post","link":"https:\/\/infonews.az\/?p=13475","title":{"rendered":"Diqq\u0259t M\u0259rk\u0259zi: \u015e\u0259hidl\u0259r &#8211; \u015e\u0259hid El\u015f\u0259n Quluzad\u0259"},"content":{"rendered":"<p><span style=\"color: #ffffff;\"><strong>Diqq\u0259t M\u0259rk\u0259zi: \u015e\u0259hidl\u0259r &#8211; <\/strong><strong>\u015e\u0259hid El\u015f\u0259n Quluzad\u0259<\/strong><\/span><\/p>\n<p>&nbsp;<\/p>\n<p><img loading=\"lazy\" decoding=\"async\" class=\"size-full wp-image-13478 aligncenter\" src=\"https:\/\/infonews.az\/wp-content\/uploads\/2021\/10\/b34a0ffd-5928-4848-9646-7242b0b4c48e.jpeg\" alt=\"\" width=\"750\" height=\"1000\" srcset=\"https:\/\/infonews.az\/wp-content\/uploads\/2021\/10\/b34a0ffd-5928-4848-9646-7242b0b4c48e.jpeg?v=1660873297 750w, https:\/\/infonews.az\/wp-content\/uploads\/2021\/10\/b34a0ffd-5928-4848-9646-7242b0b4c48e-225x300.jpeg?v=1660873297 225w\" sizes=\"(max-width: 750px) 100vw, 750px\" \/><\/p>\n<p><strong><a href=\"https:\/\/infonews.az\/?p=13475\"><span style=\"color: #ff0000;\">\u201c\u0130NFONEWS\u201d<\/span> <\/a>t\u0259qdim edir.<\/strong><\/p>\n<p><strong>Az\u0259rbaycan G\u0259nclik Platformu (AGP), \u201c\u0130NFONEWS\u201d Operativ \u0130nformasiya Agentliyi v\u0259 Fransa-Az\u0259rbaycan Dialoqu Assosiasiyas\u0131n\u0131n birg\u0259 t\u0259\u015fkilat\u00e7\u0131l\u0131\u011f\u0131 il\u0259 \u201cDiqq\u0259t M\u0259rk\u0259zi: \u015e\u018fH\u0130DL\u018fR\u201d layih\u0259si bug\u00fcnki\u00a0h\u0259ms\u00f6hb\u0259timiz \u015e\u0259hid El\u015f\u0259n Quluzad\u0259nin atas\u0131 Qulu Quluzad\u0259dir.<\/strong><\/p>\n<p>El\u015f\u0259n Quluzad\u0259 20 oktyabr 1988-ci ild\u0259 F\u00fczuli rayonunun \u018fhm\u0259db\u0259yli k\u0259ndind\u0259 anadan olub. \u00a0U\u015faql\u0131q ill\u0259rind\u0259n h\u0259mya\u015f\u0131dlar\u0131ndan f\u0259rql\u0259n\u0259n El\u015f\u0259n orta m\u0259kt\u0259b d\u00f6vr\u00fcnd\u0259 d\u0259 \u00f6z f\u0259all\u0131\u011f\u0131 v\u0259 savad\u0131 il\u0259 se\u00e7ilirdi. El\u015f\u0259n t\u0259hsilini Bak\u0131 D\u0259niz\u00e7ilik Kollecind\u0259 davam etdirir. U\u015faql\u0131q v\u0259 g\u0259nclik ill\u0259rind\u0259 onu h\u0259r k\u0259sd\u0259n f\u0259rqli ed\u0259n is\u0259 V\u0259t\u0259n\u0259 ba\u011fl\u0131l\u0131\u011f\u0131, sevgisi olub.<\/p>\n<p>Bunu \u015e\u0259hidimizin atas\u0131 Qulu ata s\u00f6hb\u0259t zaman\u0131 s\u00f6yl\u0259di v\u0259 \u0259lav\u0259 etdi ki, El\u015f\u0259nin b\u00fct\u00fcn arzular\u0131 V\u0259t\u0259nl\u0259 ba\u011fl\u0131 idi.<\/p>\n<p>El\u015f\u0259n Quluzad\u0259 sonradan G\u0259nc\u0259d\u0259 Daxili \u0130\u015fl\u0259r Nazirliyinin Daxili Qo\u015funlar\u0131n\u0131n H\u0259rbi hiss\u0259sind\u0259 xidm\u0259t\u0259 ba\u015flay\u0131r. Bu xidm\u0259t m\u00fcdd\u0259ti 2 il davam edir ki, daha sonra Bil\u0259c\u0259riy\u0259 y\u00f6nl\u0259ndiril\u0259n El\u015f\u0259n h\u0259m d\u0259 snayper kurslar\u0131n\u0131 bitir\u0259r\u0259k, birinciliyi il\u0259 se\u00e7ilirir.<\/p>\n<p>Az\u0259rbaycan\u0131n Daxili \u0130\u015fl\u0259r Nazirliyinin\u00a0Daxili Qo\u015funlar\u0131n\u0131n\u00a0\u00e7avu\u015fu olan El\u015f\u0259n Quluzad\u0259 2020-ci il sentyabr\u0131n 27-d\u0259\u00a0Az\u0259rbaycan Silahl\u0131 Q\u00fcvv\u0259l\u0259ri\u00a0t\u0259r\u0259find\u0259n\u00a0Erm\u0259nistan\u0131n\u00a0i\u015f\u011fal\u0131 alt\u0131nda olan \u0259razil\u0259rin azad edilm\u0259si v\u0259\u00a0Az\u0259rbaycan\u0131n\u00a0\u0259razi b\u00fct\u00f6vl\u00fcy\u00fcn\u00fcn b\u0259rpa olunmas\u0131 \u00fc\u00e7\u00fcn ba\u015flanan\u00a0V\u0259t\u0259n m\u00fcharib\u0259si\u00a0zaman\u0131\u00a0C\u0259bray\u0131l\u0131n,\u00a0Hadrut q\u0259s\u0259b\u0259sinin\u00a0v\u0259\u00a0F\u00fczulinin azadl\u0131\u011f\u0131 u\u011frunda ged\u0259n d\u00f6y\u00fc\u015fl\u0259rd\u0259 \u00a0sava\u015f\u0131r. El\u015f\u0259n Quluzad\u0259 oktyabr\u0131n 11-d\u0259\u00a0F\u00fczuli d\u00f6y\u00fc\u015fl\u0259ri\u00a0zaman\u0131 a\u011f\u0131r yaralan\u0131r v\u0259 Yevlaxda h\u0259rbi tibb m\u00fc\u0259ssis\u0259sin\u0259 yerl\u0259\u015fdirilir. Komadan \u00e7\u0131xan kimi El\u015f\u0259ni Bak\u0131ya M\u0259rk\u0259zi G\u00f6mr\u00fck Hospital\u0131na g\u00f6nd\u0259rirl\u0259r. El\u015f\u0259nin sa\u011falaca\u011f\u0131 \u00fczr\u0259 oldu\u011funu g\u00f6r\u0259n h\u0259kiml\u0259r v\u0259 onu tezlikl\u0259 reabilitasiyaya g\u00f6nd\u0259r\u0259c\u0259kl\u0259rini deyirl\u0259r.<\/p>\n<p>El\u015f\u0259n Quluzad\u0259 2021-ci il yanvar\u0131n 21-d\u0259 m\u00fcalic\u0259 ald\u0131\u011f\u0131 tibb m\u00fc\u0259ssis\u0259sind\u0259 Koma v\u0259ziyy\u0259tinin 100-c\u00fc g\u00fcn\u00fcnd\u0259 \u015f\u0259hid olub. Onunla vida m\u0259rasimi\u00a0T\u0259z\u0259pir m\u0259scidind\u0259\u00a0ba\u015f tutub. Vida m\u0259rasimin\u0259\u00a0daxili i\u015fl\u0259r naziri\u00a0Vilay\u0259t Eyvazov\u00a0v\u0259 birinci m\u00fcavini general-leytenant\u00a0Seyfulla \u018fzimov\u00a0qat\u0131l\u0131b. El\u015f\u0259n Quluzad\u0259\u00a0F\u00fczuli rayonunun\u00a0Mahmudlu\u00a0k\u0259ndind\u0259 d\u0259fn edilib.<\/p>\n<p>Az\u0259rbaycan\u00a0\u0259razil\u0259rinin i\u015f\u011faldan azad olunmas\u0131 zaman\u0131 d\u00f6y\u00fc\u015f tap\u015f\u0131r\u0131qlar\u0131n\u0131 u\u011furla yerin\u0259 yetirdiyin\u0259, d\u00fc\u015fm\u0259nin \u0259sas qrupla\u015fmalar\u0131n\u0131n m\u0259hv edilm\u0259si il\u0259 qo\u015funlar\u0131n d\u00f6y\u00fc\u015f qabiliyy\u0259tinin qorunub saxlan\u0131lmas\u0131nda f\u0259rql\u0259ndiyin\u0259 g\u00f6r\u0259\u00a0Az\u0259rbaycan Prezidenti\u00a0\u0130lham \u018fliyevin\u00a018.12.2020-ci il tarixli S\u0259r\u0259ncam\u0131na \u0259sas\u0259n El\u015f\u0259n Quluzad\u0259\u00a0\u201cC\u0259sur d\u00f6y\u00fc\u015f\u00e7\u00fc\u201d medal\u0131\u00a0il\u0259 t\u0259ltif edilib.<\/p>\n<p>Az\u0259rbaycan\u0131n\u00a0\u015eu\u015fa rayonunun\u00a0i\u015f\u011faldan azad edilm\u0259si u\u011frunda apar\u0131lan d\u00f6y\u00fc\u015f \u0259m\u0259liyyatlar\u0131na qat\u0131laraq \u015f\u0259xsi igidliyi v\u0259 \u015f\u00fcca\u0259ti n\u00fcmayi\u015f etdirdiyin\u0259 g\u00f6r\u0259\u00a0Az\u0259rbaycan Prezidenti\u00a0\u0130lham \u018fliyevin\u00a029.12.2020-ci il tarixli S\u0259r\u0259ncam\u0131na \u0259sas\u0259n El\u015f\u0259n Quluzad\u0259\u00a0\u201c\u015eu\u015fan\u0131n azad olunmas\u0131na g\u00f6r\u0259\u201d medal\u0131\u00a0il\u0259 t\u0259ltif edilib.<\/p>\n<p>Az\u0259rbaycan\u0131n\u00a0\u0259razi b\u00fct\u00f6vl\u00fcy\u00fcn\u00fcn t\u0259min edilm\u0259si u\u011frunda d\u00f6y\u00fc\u015f \u0259m\u0259liyyatlar\u0131na qat\u0131lan v\u0259 h\u0259rbi hiss\u0259 qar\u015f\u0131s\u0131nda qoyulmu\u015f tap\u015f\u0131r\u0131qlar\u0131n icras\u0131 zaman\u0131 v\u0259zif\u0259 borcunu \u015f\u0259r\u0259fl\u0259 yerin\u0259 yetirdiyi \u00fc\u00e7\u00fcn\u00a0A\u0259zrbaycan Prezidenti\u00a0\u0130lham \u018fliyevin\u00a024.06.2021-ci il tarixli S\u0259r\u0259ncam\u0131na \u0259sas\u0259n El\u015f\u0259n Quluzad\u0259 \u00f6l\u00fcm\u00fcnd\u0259n sonra\u00a0\u201cV\u0259t\u0259n u\u011frunda\u201d medal\u0131\u00a0il\u0259 t\u0259ltif edilib.<\/p>\n<p>Az\u0259rbaycan\u0131n\u00a0C\u0259rbay\u0131l rayonunun\u00a0i\u015f\u011faldan azad edilm\u0259si u\u011frunda apar\u0131lan d\u00f6y\u00fc\u015f \u0259m\u0259liyyatlar\u0131na qat\u0131laraq \u015f\u0259xsi igidliyi v\u0259 \u015f\u00fcca\u0259ti n\u00fcmayi\u015f etdirdiyin\u0259 g\u00f6r\u0259\u00a0Az\u0259rbaycan Prezidenti\u00a0\u0130lham \u018fliyevin\u00a024.06.2021-ci il tarixli S\u0259r\u0259ncam\u0131na \u0259sas\u0259n El\u015f\u0259n Quluzad\u0259 \u00f6l\u00fcm\u00fcnd\u0259n sonra\u00a0\u201cC\u0259rbay\u0131l\u0131n azad olunmas\u0131na g\u00f6r\u0259\u201d medal\u0131\u00a0il\u0259 t\u0259ltif edilib.<\/p>\n<p>Az\u0259rbaycan\u0131n\u00a0F\u00fczuli rayonunun\u00a0i\u015f\u011faldan azad edilm\u0259si u\u011frunda apar\u0131lan d\u00f6y\u00fc\u015f \u0259m\u0259liyyatlar\u0131na qat\u0131laraq \u015f\u0259xsi igidliyi v\u0259 \u015f\u00fcca\u0259ti n\u00fcmayi\u015f etdirdiyin\u0259 g\u00f6r\u0259\u00a0Az\u0259rbaycan Prezidenti\u00a0\u0130lham \u018fliyevin\u00a024.06.2021-ci il tarixli S\u0259r\u0259ncam\u0131na \u0259sas\u0259n El\u015f\u0259n Quluzad\u0259 \u00f6l\u00fcm\u00fcnd\u0259n sonra\u00a0\u201cF\u00fczulinin azad olunmas\u0131na g\u00f6r\u0259\u201d medal\u0131\u00a0il\u0259 t\u0259ltif edilib.<\/p>\n<p>Az\u0259rbaycan\u0131n\u00a0K\u0259lb\u0259c\u0259r rayonunun\u00a0i\u015f\u011faldan azad edilm\u0259si u\u011frunda apar\u0131lan d\u00f6y\u00fc\u015f \u0259m\u0259liyyatlar\u0131na qat\u0131laraq \u015f\u0259xsi igidliyi v\u0259 \u015f\u00fcca\u0259ti n\u00fcmayi\u015f etdirdiyin\u0259 g\u00f6r\u0259\u00a0A\u0259zrbaycan Prezidenti\u00a0\u0130lham \u018fliyevin\u00a024.06.2021-ci il tarixli S\u0259r\u0259ncam\u0131na \u0259sas\u0259n El\u015f\u0259n Quluzad\u0259 \u200b\u00f6l\u00fcm\u00fcnd\u0259n sonra\u00a0\u201cK\u0259lb\u0259c\u0259rin azad olunmas\u0131na g\u00f6r\u0259\u201d medal\u0131\u00a0il\u0259 t\u0259ltif edilib.<\/p>\n<p>\u015e\u0259had\u0259t\u0259 u\u011framam\u0131\u015fdan \u00f6nc\u0259 \u201cC\u0259sur d\u00f6y\u00fc\u015f\u00e7\u00fc\u201d v\u0259 \u201c\u015eu\u015fan\u0131n azad olunmas\u0131na g\u00f6r\u0259\u201d medallar\u0131 il\u0259, \u015e\u0259hid olduqdan sonra is\u0259 dig\u0259r medallar il\u0259 t\u0259ltif edilib.<\/p>\n<p>Qeyd ed\u0259k ki, \u015e\u0259hidimiz sonuncu d\u0259f\u0259 evl\u0259rind\u0259 C\u0259bray\u0131l i\u015f\u011flaldan azad edil\u0259nd\u0259n sonra olub. El\u015f\u0259n x\u0259st\u0259xanada oldu\u011fu m\u00fcdd\u0259td\u0259 ail\u0259si il\u0259 davaml\u0131 \u0259laq\u0259 saxlay\u0131b v\u0259 h\u0259r d\u0259f\u0259 d\u0259 onlara narahat olmamalar\u0131n\u0131 deyib. El\u015f\u0259n atas\u0131 il\u0259 sonuncu d\u0259f\u0259 telefonla \u0259laq\u0259 saxlayanda yegan\u0259 arzusunun Az\u0259rbaycan\u0131n torpaqlar\u0131n\u0131n b\u00fct\u00f6vl\u00fcy\u00fc, erm\u0259ni i\u015f\u011fal\u0131na son qoyulmas\u0131, V\u0259t\u0259ninin azad edilm\u0259si oldu\u011funu bildirib.<\/p>\n<p>1-ci Qaraba\u011f M\u00fcharib\u0259sinin i\u015ftirak\u00e7\u0131s\u0131 olan \u015e\u0259hid El\u015f\u0259n Quluzad\u0259nin atas\u0131 \u00f6z\u00fcn\u00fcn \u0259n b\u00f6y\u00fck arzusunu da s\u00f6yl\u0259di; o\u011fluna ayr\u0131ca ev tikm\u0259k v\u0259 ona toy edib g\u0259lin g\u0259tirm\u0259k&#8230;<\/p>\n<p>\u015e\u0259hid El\u015f\u0259n Quluzad\u0259nin atas\u0131 Qulu ata \u00fcz\u00fcn\u00fc \u015f\u0259hid ail\u0259l\u0259rin\u0259 tutaraq, q\u00fcrurla dedi:<\/p>\n<p>\u201cAllah he\u00e7 bir valideyn\u0259 \u00f6vlad ac\u0131s\u0131 ya\u015fatmas\u0131n. \u015e\u0259hid ail\u0259l\u0259ri ba\u015flar\u0131n\u0131 h\u0259mi\u015f\u0259 dik tutsunlar! \u015e\u0259hidl\u0259r balalar\u0131m\u0131z t\u0259kc\u0259 bizim deyil, b\u00fct\u00fcn xalq\u0131n f\u0259xridir! Allah b\u00fct\u00fcn \u015e\u0259hidl\u0259rimiz\u0259 r\u0259hm\u0259t el\u0259sin.\u201d<\/p>\n<p>&nbsp;<\/p>\n<p><img loading=\"lazy\" decoding=\"async\" class=\"aligncenter size-full wp-image-13476\" src=\"https:\/\/infonews.az\/wp-content\/uploads\/2021\/10\/bafa3c2a-d2b4-4abb-9817-522684480904.jpeg\" alt=\"\" width=\"768\" height=\"1024\" srcset=\"https:\/\/infonews.az\/wp-content\/uploads\/2021\/10\/bafa3c2a-d2b4-4abb-9817-522684480904.jpeg?v=1660873298 768w, https:\/\/infonews.az\/wp-content\/uploads\/2021\/10\/bafa3c2a-d2b4-4abb-9817-522684480904-225x300.jpeg?v=1660873298 225w\" sizes=\"(max-width: 768px) 100vw, 768px\" \/><\/p>\n<p><iframe loading=\"lazy\" title=\"Diqq\u0259t M\u0259rk\u0259zi: \u015e\u0259hidl\u0259r- Quluzad\u0259 El\u015f\u0259n\" width=\"1110\" height=\"624\" src=\"https:\/\/www.youtube.com\/embed\/BAvnV2Z8uC4?feature=oembed\" frameborder=\"0\" allow=\"accelerometer; autoplay; clipboard-write; encrypted-media; gyroscope; picture-in-picture\" allowfullscreen><\/iframe><\/p>\n","protected":false},"excerpt":{"rendered":"<p>Diqq\u0259t M\u0259rk\u0259zi: \u015e\u0259hidl\u0259r &#8211; \u015e\u0259hid El\u015f\u0259n Quluzad\u0259 &nbsp; \u201c\u0130NFONEWS\u201d t\u0259qdim edir. Az\u0259rbaycan G\u0259nclik Platformu (AGP), \u201c\u0130NFONEWS\u201d Operativ \u0130nformasiya Agentliyi v\u0259 Fransa-Az\u0259rbaycan Dialoqu Assosiasiyas\u0131n\u0131n birg\u0259 t\u0259\u015fkilat\u00e7\u0131l\u0131\u011f\u0131 il\u0259 \u201cDiqq\u0259t M\u0259rk\u0259zi: \u015e\u018fH\u0130DL\u018fR\u201d layih\u0259si&hellip; <\/p>\n","protected":false},"author":14,"featured_media":13477,"comment_status":"open","ping_status":"open","sticky":false,"template":"","format":"standard","meta":{"_mi_skip_tracking":false,"_monsterinsights_sitenote_active":false,"_monsterinsights_sitenote_note":"","_monsterinsights_sitenote_category":0,"footnotes":""},"categories":[4,4263,11,550],"tags":[4884,4368],"aioseo_notices":[],"_links":{"self":[{"href":"https:\/\/infonews.az\/index.php?rest_route=\/wp\/v2\/posts\/13475"}],"collection":[{"href":"https:\/\/infonews.az\/index.php?rest_route=\/wp\/v2\/posts"}],"about":[{"href":"https:\/\/infonews.az\/index.php?rest_route=\/wp\/v2\/types\/post"}],"author":[{"embeddable":true,"href":"https:\/\/infonews.az\/index.php?rest_route=\/wp\/v2\/users\/14"}],"replies":[{"embeddable":true,"href":"https:\/\/infonews.az\/index.php?rest_route=%2Fwp%2Fv2%2Fcomments&post=13475"}],"version-history":[{"count":4,"href":"https:\/\/infonews.az\/index.php?rest_route=\/wp\/v2\/posts\/13475\/revisions"}],"predecessor-version":[{"id":13599,"href":"https:\/\/infonews.az\/index.php?rest_route=\/wp\/v2\/posts\/13475\/revisions\/13599"}],"wp:featuredmedia":[{"embeddable":true,"href":"https:\/\/infonews.az\/index.php?rest_route=\/wp\/v2\/media\/13477"}],"wp:attachment":[{"href":"https:\/\/infonews.az\/index.php?rest_route=%2Fwp%2Fv2%2Fmedia&parent=13475"}],"wp:term":[{"taxonomy":"category","embeddable":true,"href":"https:\/\/infonews.az\/index.php?rest_route=%2Fwp%2Fv2%2Fcategories&post=13475"},{"taxonomy":"post_tag","embeddable":true,"href":"https:\/\/infonews.az\/index.php?rest_route=%2Fwp%2Fv2%2Ftags&post=13475"}],"curies":[{"name":"wp","href":"https:\/\/api.w.org\/{rel}","templated":true}]}}