{"id":13498,"date":"2021-10-06T12:42:13","date_gmt":"2021-10-06T08:42:13","guid":{"rendered":"https:\/\/infonews.az\/?p=13498"},"modified":"2021-10-06T15:14:14","modified_gmt":"2021-10-06T11:14:14","slug":"bakida-vii-beyn%c9%99lxalq-kitab-s%c9%99rgi-yarmarkasinin-acilisi-olub","status":"publish","type":"post","link":"https:\/\/infonews.az\/?p=13498","title":{"rendered":"Bak\u0131da VII Beyn\u0259lxalq Kitab S\u0259rgi-Yarmarkas\u0131n\u0131n a\u00e7\u0131l\u0131\u015f\u0131 olub"},"content":{"rendered":"<p><span style=\"color: #ffffff;\">Bak\u0131da VII Beyn\u0259lxalq Kitab S\u0259rgi-Yarmarkas\u0131n\u0131n a\u00e7\u0131l\u0131\u015f\u0131 olub<\/span><\/p>\n<p><img loading=\"lazy\" decoding=\"async\" class=\"aligncenter size-full wp-image-13500\" src=\"https:\/\/infonews.az\/wp-content\/uploads\/2021\/10\/w_1616335089971726548475_1000x669.jpg\" alt=\"\" width=\"1000\" height=\"665\" srcset=\"https:\/\/infonews.az\/wp-content\/uploads\/2021\/10\/w_1616335089971726548475_1000x669.jpg?v=1660873293 1000w, https:\/\/infonews.az\/wp-content\/uploads\/2021\/10\/w_1616335089971726548475_1000x669-300x200.jpg?v=1660873293 300w, https:\/\/infonews.az\/wp-content\/uploads\/2021\/10\/w_1616335089971726548475_1000x669-768x511.jpg?v=1660873293 768w\" sizes=\"(max-width: 1000px) 100vw, 1000px\" \/><\/p>\n<p><a href=\"https:\/\/infonews.az\/?p=13498\"><strong><span style=\"color: #ff0000;\">&#8220;\u0130NFONEWS&#8221;<\/span><\/strong><\/a> x\u0259b\u0259r verir.<\/p>\n<p><strong>Oktyabr\u0131n 6-da M\u0259d\u0259niyy\u0259t Nazirliyinin t\u0259\u015fkilat\u00e7\u0131l\u0131\u011f\u0131 il\u0259 Bak\u0131 Ekspo M\u0259rk\u0259zind\u0259 VII Bak\u0131 Beyn\u0259lxalq Kitab S\u0259rgi-Yarmarkas\u0131n\u0131n a\u00e7\u0131l\u0131\u015f\u0131 olub.<\/strong><\/p>\n<p>Az\u0259rbaycan Respublikas\u0131 Prezidentinin \u00f6lk\u0259mizd\u0259 2021-ci ilin \u201cNizami G\u0259nc\u0259vi \u0130li\u201d elan edilm\u0259si haqq\u0131nda m\u00fcvafiq S\u0259r\u0259ncam\u0131n\u0131n icras\u0131 il\u0259 \u0259laq\u0259dar Nazirl\u0259r Kabinetinin t\u0259sdiql\u0259diyi T\u0259dbirl\u0259r Plan\u0131na uy\u011fun olaraq, builki s\u0259rgi-yarmarka dahi Az\u0259rbaycan \u015fairi v\u0259 m\u00fct\u0259f\u0259kkiri Nizami G\u0259nc\u0259vinin 880 illiyin\u0259 h\u0259sr olunub.<\/p>\n<p>A\u00e7\u0131l\u0131\u015f m\u0259rasimind\u0259 Ba\u015f nazirin m\u00fcavini \u018fli \u018fhm\u0259dov b\u00fct\u00fcn oxucular\u0131 kitab bayram\u0131 m\u00fcnasib\u0259til\u0259 t\u0259brik edib. Bildirib ki, Az\u0259rbaycanda bel\u0259 s\u0259rgi-yarmarkalar\u0131n ke\u00e7irilm\u0259si art\u0131q bir \u0259n\u0259n\u0259 hal\u0131n\u0131 al\u0131b. Kitab\u0131n b\u0259\u015f\u0259ri d\u0259y\u0259r oldu\u011funu qeyd ed\u0259n Ba\u015f nazirin m\u00fcavini bel\u0259 s\u0259rginin \u00f6lk\u0259mizd\u0259 ke\u00e7irilm\u0259sini y\u00fcks\u0259k qiym\u0259tl\u0259ndirib. Vur\u011fulay\u0131b ki, Prezident \u0130lham \u018fliyevin diqq\u0259t v\u0259 qay\u011f\u0131s\u0131 say\u0259sind\u0259 beyn\u0259lxalq kitab s\u0259rgil\u0259ri, eyni zamanda, dig\u0259r beyn\u0259lxalq t\u0259dbirl\u0259r \u00f6lk\u0259mizd\u0259 y\u00fcks\u0259k s\u0259viyy\u0259d\u0259 t\u0259\u015fkil edilir.<\/p>\n<p>G\u0259l\u0259c\u0259kd\u0259 bu istiqam\u0259td\u0259 daha da b\u00f6y\u00fck i\u015fl\u0259r g\u00f6r\u00fcl\u0259c\u0259yin\u0259 \u0259minliyini ifad\u0259 ed\u0259n \u018fli \u018fhm\u0259dov bildirib ki, i\u015ftirak\u00e7\u0131lar builki yarmarkada da s\u0259rgil\u0259n\u0259n kitablar vasit\u0259sil\u0259 Az\u0259rbaycan xalq\u0131n\u0131n tarixi, m\u0259d\u0259niyy\u0259ti, \u0259d\u0259biyyat\u0131 v\u0259 bug\u00fcnk\u00fc inki\u015faf s\u0259viyy\u0259si haqq\u0131nda dol\u011fun m\u0259lumat \u0259ld\u0259 ed\u0259 bil\u0259c\u0259kl\u0259r.<\/p>\n<p>\u201c\u00d6t\u0259n il 44 g\u00fcnl\u00fck V\u0259t\u0259n m\u00fcharib\u0259sind\u0259 30 il i\u015f\u011falda qalan torpaqlar\u0131m\u0131z\u0131n azad edilm\u0259si v\u0259 haz\u0131rda bu torpaqlarda yenid\u0259nqurma i\u015fl\u0259rinin apar\u0131lmas\u0131, h\u0259yat\u0131n canland\u0131rmas\u0131 b\u00fct\u00fcn bu canl\u0131 tariximiz yarad\u0131lmal\u0131, kitablara k\u00f6\u00e7\u00fcr\u00fclm\u0259lidir. Az\u0259rbaycan xalq\u0131 tarixinin \u0259n \u015f\u0259r\u0259fli g\u00fcnl\u0259rini ya\u015fay\u0131r. Bu tarixi yazanlar\u0131n g\u0259l\u0259c\u0259k n\u0259sill\u0259r\u0259 \u00e7atd\u0131r\u0131lmas\u0131 \u00fc\u00e7\u00fcn tarix\u00e7il\u0259rimizin, yaz\u0131\u00e7\u0131lar\u0131m\u0131z\u0131n, \u015fairl\u0259rimizin \u00fcz\u0259rin\u0259 b\u00f6y\u00fck m\u0259suliyy\u0259t d\u00fc\u015f\u00fcr. \u0130nan\u0131ram ki, Az\u0259rbaycan\u0131n bug\u00fcnk\u00fc tarixinin canl\u0131 \u015fahidi olan d\u0259y\u0259rli yaz\u0131\u00e7\u0131lar\u0131m\u0131z, elm adamlar\u0131m\u0131z bu \u015f\u0259r\u0259fli tariximizin salnam\u0259sini yaradaraq g\u0259l\u0259c\u0259k n\u0259sill\u0259rimiz\u0259 \u00e7atd\u0131racaqlar. Bu z\u0259f\u0259r dolu ill\u0259rimizin tarixi \u00e7oxlu sayda kitablarda, \u0259s\u0259rl\u0259rd\u0259 \u0259ksini tapacaq\u201d, &#8211; dey\u0259 \u018fli \u018fhm\u0259dov vur\u011fulay\u0131b.<\/p>\n<p>S\u0259rgi il\u0259 ba\u011fl\u0131 t\u0259\u0259ss\u00fcratlar\u0131n\u0131 b\u00f6l\u00fc\u015f\u0259n m\u0259d\u0259niyy\u0259t naziri Anar K\u0259rimov qeyd edib ki, 14 illik tarix\u0259 malik, Bak\u0131 Beyn\u0259lxalq Kitab S\u0259rgisi \u00f6lk\u0259mizd\u0259 ke\u00e7iril\u0259n m\u00fcxt\u0259lif sah\u0259l\u0259r \u00fczr\u0259 beyn\u0259lxalq t\u0259dbirl\u0259r s\u0131ras\u0131nda, c\u0259miyy\u0259t t\u0259r\u0259find\u0259n b\u00f6y\u00fck maraqla qar\u015f\u0131lanan v\u0259 i\u015ftirak\u00e7\u0131 bax\u0131m\u0131ndan k\u00fctl\u0259viliyi il\u0259 se\u00e7il\u0259n \u00f6nc\u00fcl festivallardan hesab olunur.<\/p>\n<p>S\u0259rginin \u0259sas m\u0259qs\u0259dinin c\u0259miyy\u0259td\u0259 kitaba olan mara\u011f\u0131 art\u0131rmaq v\u0259 m\u00fctali\u0259 m\u0259d\u0259niyy\u0259tini t\u0259bli\u011f etm\u0259k, oxucular\u0131 n\u0259\u015friyyat i\u015fi sah\u0259sind\u0259 olan r\u0259q\u0259msal yenilikl\u0259rl\u0259 tan\u0131\u015f etm\u0259k, \u00f6lk\u0259mizd\u0259 kitab s\u0259nayesi sektorunun v\u0259 m\u00fcasir \u0259d\u0259bi prosesl\u0259rin inki\u015faf\u0131n\u0131 d\u0259st\u0259kl\u0259m\u0259k oldu\u011funu s\u00f6yl\u0259y\u0259n nazir deyib: \u201cS\u0259rgi, eyni zamanda Nizami d\u00fchas\u0131n\u0131n 880 illik yubileyi m\u00fcnasib\u0259til\u0259, onun m\u0259d\u0259ni-\u0259d\u0259bi irsinin t\u0259dqiqi v\u0259 t\u0259bli\u011fi il\u0259 ba\u011fl\u0131 g\u00f6r\u00fcl\u0259n i\u015fl\u0259rin, \u00e7ap olunan n\u0259\u015frl\u0259rin, n\u00fcmayi\u015fi v\u0259 t\u0259qdimat\u0131n\u0131n geni\u015f ictimaiyy\u0259t\u0259 \u00e7atd\u0131r\u0131lmas\u0131n\u0131, azya\u015fl\u0131 oxucular\u0131n, poeziya v\u0259 Nizamisev\u0259rl\u0259rin, dahi m\u00fct\u0259f\u0259kkirin ibr\u0259tamiz \u0259d\u0259bi irsin\u0259, yenid\u0259n m\u00fcraci\u0259tinin t\u0259\u015fviqini h\u0259yata ke\u00e7ir\u0259c\u0259k\u201d.<\/p>\n<p>Nazir vur\u011fulay\u0131b ki, VII Bak\u0131 Beyn\u0259lxalq Kitab S\u0259rgisind\u0259 12 \u00f6lk\u0259d\u0259n 43 xarici t\u0259\u015fkilat, 121 yerli n\u0259\u015friyyat-poliqrafiya v\u0259 kitab s\u0259n\u0259ti il\u0259 \u0259laq\u0259li m\u00fc\u0259ssis\u0259 i\u015ftirak edir v\u0259 s\u0259rgi m\u00fcdd\u0259tind\u0259, m\u00fcxt\u0259lif formatda 200-d\u0259n \u00e7ox t\u0259dbir t\u0259\u015fkil olunacaq. S\u0259rgid\u0259 u\u015faqlar \u00fc\u00e7\u00fcn, Nizami G\u0259nc\u0259vi \u0259s\u0259rl\u0259rinin motivl\u0259ri \u0259sas\u0131nda kukla tama\u015falar\u0131, \u201cu\u015faq al\u0259mi\u201d, na\u011f\u0131l saatlar\u0131, u\u015faq yazarlar\u0131 il\u0259 g\u00f6r\u00fc\u015fl\u0259r, u\u015faqlar v\u0259 b\u00f6y\u00fckl\u0259r \u00fc\u00e7\u00fcn master-klaslar, inkl\u00fczivlik v\u0259 dig\u0259r aktual m\u00f6vzular \u00fczr\u0259 kitab t\u0259qdimatlar\u0131, imza g\u00fcnl\u0259ri, konfranslar, simpoziumlar, kitab s\u0259nayesi sektorunun subyektl\u0259ri aras\u0131nda \u0259m\u0259kda\u015fl\u0131q platformalar\u0131 v\u0259 musiqi proqramlar\u0131 t\u0259\u015fkil edil\u0259c\u0259k. Az\u0259rbaycan\u0131n xalq yaz\u0131\u00e7\u0131lar\u0131 v\u0259 \u015fairl\u0259ri, tan\u0131nm\u0131\u015f g\u0259nc yazarlar v\u0259 m\u0259\u015fhur xarici yaz\u0131\u00e7\u0131lar v\u0259 aktyorlar s\u0259rgid\u0259 i\u015ftirak ed\u0259c\u0259kl\u0259r.<\/p>\n<p>Anar K\u0259rimovun s\u00f6zl\u0259rin\u0259 g\u00f6r\u0259, VII Bak\u0131 Beyn\u0259lxalq Kitab S\u0259rgisinin \u0259n \u0259sas \u00f6z\u0259llikl\u0259rind\u0259n biri, qalib g\u0259lmi\u015f bir xalq\u0131n, z\u0259f\u0259r \u00e7alm\u0131\u015f bir d\u00f6vl\u0259tin \u00f6z suveren \u0259razisind\u0259 t\u0259\u015fkil etdiyi ilk beyn\u0259lxalq kitab festival\u0131 olmas\u0131d\u0131r: \u201cS\u0259rgid\u0259 xalq\u0131m\u0131z\u0131n V\u0259t\u0259n m\u00fcharib\u0259sind\u0259 m\u00f6ht\u0259\u015f\u0259m Q\u0259l\u0259b\u0259sin\u0259 h\u0259sr olunan, Qaraba\u011f\u0131n tarixini v\u0259 m\u0259d\u0259niyy\u0259tini \u0259ks etdir\u0259n kitablar, jurnallar v\u0259 dig\u0259r \u00e7ap m\u0259hsullar\u0131 x\u00fcsusi yer tutur. S\u0259rgiy\u0259 t\u0259\u015frif buyuran h\u0259r bir \u015f\u0259xs bu m\u00f6vzularda olan n\u0259\u015frl\u0259r\u0259 diqq\u0259t yetirm\u0259li, \u015fanl\u0131 tariximiz, q\u0259dim m\u0259d\u0259niyy\u0259timizl\u0259 bu kitablar vasit\u0259sil\u0259 tan\u0131\u015f olmal\u0131d\u0131r. Bildiyiniz kimi bu il yanvar\u0131n 15-d\u0259 M\u0259d\u0259niyy\u0259t Nazirliyi v\u0259 Az\u0259rbaycan Milli Kitabxanas\u0131n\u0131n birg\u0259 t\u0259\u015fkilat\u00e7\u0131l\u0131\u011f\u0131 il\u0259 \u201cQaraba\u011fa kitabla ged\u0259k\u201d aksiyas\u0131na start verilmi\u015fdir. Haz\u0131rda bu aksiya \u00e7\u0259r\u00e7iv\u0259sind\u0259 55 482 kitab toplan\u0131l\u0131b. Bu g\u00fcn biz Qaraba\u011fa h\u0259m m\u0259d\u0259niyy\u0259timizi, h\u0259m d\u0259 \u0259d\u0259biyyat\u0131m\u0131z\u0131 qaytar\u0131r\u0131q. Bu b\u00f6y\u00fck qay\u0131d\u0131\u015f\u0131n h\u0259r m\u0259rh\u0259l\u0259sind\u0259, h\u0259r m\u0259qam\u0131nda xalq\u0131m\u0131z d\u00f6vl\u0259timizl\u0259 b\u0259rab\u0259rdir v\u0259 44 g\u00fcnl\u00fck z\u0259f\u0259r tarixi, art\u0131q d\u00fcnya az\u0259rbaycanl\u0131lar\u0131n\u0131n h\u0259mr\u0259yliyi simvoluna \u00e7evrilib\u201d.<\/p>\n<p>Builki kitab festival\u0131n\u0131n \u0259vv\u0259lki s\u0259rgil\u0259rl\u0259 m\u00fcqayis\u0259d\u0259, bir s\u0131ra yenilikl\u0259ri il\u0259 f\u0259rql\u0259ndiyini s\u00f6yl\u0259y\u0259n A.K\u0259rimov deyib: \u201c\u0130ki ild\u0259n bir ke\u00e7iril\u0259n Bak\u0131 Beyn\u0259lxalq Kitab S\u0259rgisinin bu ild\u0259n etibar\u0259n, \u00f6lk\u0259mizd\u0259 kitab s\u0259nayesi sektorunun, \u0259d\u0259bi prosesl\u0259rin v\u0259 m\u00fctali\u0259 m\u0259d\u0259niyy\u0259tinin inki\u015faf\u0131n\u0131 d\u0259st\u0259kl\u0259m\u0259k m\u0259qs\u0259dil\u0259 h\u0259r il t\u0259\u015fkil olunmas\u0131 q\u0259rara al\u0131n\u0131b.<\/p>\n<p>Bundan ba\u015fqa, s\u0259rginin ke\u00e7irilm\u0259 m\u0259kan\u0131 d\u0259yi\u015fdiril\u0259r\u0259k, \u00f6lk\u0259mizd\u0259 s\u0259rgi t\u0259\u015fkili \u00fc\u00e7\u00fcn daha optimal yer olan Bak\u0131 Ekspo M\u0259rk\u0259zin\u0259 sal\u0131n\u0131b. S\u0259rgimizd\u0259 ilk d\u0259f\u0259 olaraq azya\u015fl\u0131 oxucular \u00fc\u00e7\u00fcn \u201cU\u015faq al\u0259mi\u201d t\u0259\u015fkil edilib. Builki s\u0259rgid\u0259, g\u00f6rk\u0259mli \u0259d\u0259biyyat v\u0259 inc\u0259s\u0259n\u0259t adamlar\u0131 s\u0259rgi g\u00fcn\u00fcn\u00fcn f\u0259xri qona\u011f\u0131 olacaqlar. Bu qonaqlar aras\u0131nda m\u0259\u015fhur xarici yaz\u0131\u00e7\u0131 v\u0259 aktyorlar da yer alacaq.<\/p>\n<p>N\u0259hay\u0259t bu il d\u0259 T\u0259\u015fkilat Komit\u0259si t\u0259r\u0259find\u0259n s\u0259rgid\u0259 \u201c\u018fn yax\u015f\u0131 n\u0259\u015friyyat\u201d v\u0259 \u201c\u018fn yax\u015f\u0131 kitab\u201d nominasiyalar\u0131 \u00fczr\u0259 qalibl\u0259r m\u00fc\u0259yy\u0259nl\u0259\u015f\u0259c\u0259k. Eyni zamanda Nizami G\u0259nc\u0259vi il\u0259 ba\u011fl\u0131 5 g\u00fcn \u0259rzind\u0259 \u0259n m\u00f6ht\u0259\u015f\u0259m t\u0259dbirl\u0259rin t\u0259\u015fkilini v\u0259 \u201cNizami G\u0259nc\u0259vi \u0130li\u201d \u00e7\u0259r\u00e7iv\u0259sind\u0259 dahi m\u00fct\u0259f\u0259kkirin 880 illik yubileyi il\u0259 \u0259laq\u0259dar sanball\u0131, yeni m\u0259zmuna malik n\u0259\u015frl\u0259rin burax\u0131l\u0131\u015f\u0131n\u0131 h\u0259yata ke\u00e7ir\u0259n na\u015firl\u0259r, Nizami G\u0259nc\u0259vinin 880 illik yubileyi m\u00fcnasib\u0259til\u0259 t\u0259sis olunan \u201cXatir\u0259 ni\u015fan\u0131\u201d il\u0259 t\u0259ltif olunacaqlar\u201d.<\/p>\n<p>T\u0259dbird\u0259 t\u0259hsil naziri Emin \u018fmrullayev, Xalq yaz\u0131\u00e7\u0131s\u0131 Anar, T\u00fcrkiy\u0259nin m\u0259d\u0259niyy\u0259t v\u0259 turizm nazirinin m\u00fcavini \u018fhm\u0259d Misbah \u00e7\u0131x\u0131\u015f ed\u0259r\u0259k s\u0259rginin a\u00e7\u0131l\u0131\u015f\u0131 m\u00fcnasib\u0259til\u0259 kitabsev\u0259rl\u0259ri t\u0259brik ed\u0259r\u0259k \u00f6z fikirl\u0259rini b\u00f6l\u00fc\u015f\u00fcbl\u0259r.<\/p>\n<p>Bildirilib ki, c\u0259miyy\u0259td\u0259 m\u00fctali\u0259nin t\u0259bli\u011fini, kitab i\u015fi sah\u0259sind\u0259 istedadl\u0131 \u015f\u0259xsl\u0259rin geni\u015f k\u00fctl\u0259l\u0259r\u0259 tan\u0131d\u0131lmas\u0131n\u0131 v\u0259 x\u00fcsusil\u0259 COVID-19 pandemiyas\u0131 s\u0259b\u0259bind\u0259n m\u00fc\u0259yy\u0259n \u00e7\u0259tinlikl\u0259rl\u0259 \u00fczl\u0259\u015f\u0259n yarad\u0131c\u0131 s\u0259nayel\u0259rin d\u0259st\u0259kl\u0259nm\u0259si bax\u0131m\u0131ndan s\u0259rgi-yarmarkan\u0131n b\u00f6y\u00fck \u0259h\u0259miyy\u0259ti var. \u018fminlikl\u0259rini ifad\u0259 edibl\u0259r ki, kitab bayram\u0131nda kitab t\u0259qdimatlar\u0131, yazarlarla g\u00f6r\u00fc\u015fl\u0259r, i\u015fg\u00fczar toplant\u0131lar v\u0259 Nizami G\u0259nc\u0259vinin h\u0259yat v\u0259 yarad\u0131c\u0131l\u0131\u011f\u0131na dair m\u00fcxt\u0259lif t\u0259dbirl\u0259r s\u0259rgi ziyar\u0259t\u00e7il\u0259rinin mara\u011f\u0131na s\u0259b\u0259b olacaq.<\/p>\n<p>Sonra qonaqlar oktyabr\u0131n 10-d\u0259k davam ed\u0259c\u0259k s\u0259rgi il\u0259 yax\u0131ndan tan\u0131\u015f olublar.<\/p>\n<p>(AZ\u018fRTAC)<\/p>\n<p><img loading=\"lazy\" decoding=\"async\" class=\"aligncenter size-full wp-image-13501\" src=\"https:\/\/infonews.az\/wp-content\/uploads\/2021\/10\/w_1616335126595874835279_1000x669.jpg\" alt=\"\" width=\"1000\" height=\"665\" srcset=\"https:\/\/infonews.az\/wp-content\/uploads\/2021\/10\/w_1616335126595874835279_1000x669.jpg?v=1660873293 1000w, https:\/\/infonews.az\/wp-content\/uploads\/2021\/10\/w_1616335126595874835279_1000x669-300x200.jpg?v=1660873293 300w, https:\/\/infonews.az\/wp-content\/uploads\/2021\/10\/w_1616335126595874835279_1000x669-768x511.jpg?v=1660873293 768w\" sizes=\"(max-width: 1000px) 100vw, 1000px\" \/><\/p>\n<p><img loading=\"lazy\" decoding=\"async\" class=\"aligncenter size-full wp-image-13502\" src=\"https:\/\/infonews.az\/wp-content\/uploads\/2021\/10\/w_1616335089976174960666_1000x669.jpg\" alt=\"\" width=\"975\" height=\"669\" srcset=\"https:\/\/infonews.az\/wp-content\/uploads\/2021\/10\/w_1616335089976174960666_1000x669.jpg?v=1660873292 975w, https:\/\/infonews.az\/wp-content\/uploads\/2021\/10\/w_1616335089976174960666_1000x669-300x206.jpg?v=1660873292 300w, https:\/\/infonews.az\/wp-content\/uploads\/2021\/10\/w_1616335089976174960666_1000x669-768x527.jpg?v=1660873292 768w\" sizes=\"(max-width: 975px) 100vw, 975px\" \/><\/p>\n","protected":false},"excerpt":{"rendered":"<p>Bak\u0131da VII Beyn\u0259lxalq Kitab S\u0259rgi-Yarmarkas\u0131n\u0131n a\u00e7\u0131l\u0131\u015f\u0131 olub &#8220;\u0130NFONEWS&#8221; x\u0259b\u0259r verir. Oktyabr\u0131n 6-da M\u0259d\u0259niyy\u0259t Nazirliyinin t\u0259\u015fkilat\u00e7\u0131l\u0131\u011f\u0131 il\u0259 Bak\u0131 Ekspo M\u0259rk\u0259zind\u0259 VII Bak\u0131 Beyn\u0259lxalq Kitab S\u0259rgi-Yarmarkas\u0131n\u0131n a\u00e7\u0131l\u0131\u015f\u0131 olub. Az\u0259rbaycan Respublikas\u0131 Prezidentinin \u00f6lk\u0259mizd\u0259&hellip; <\/p>\n","protected":false},"author":14,"featured_media":13499,"comment_status":"open","ping_status":"open","sticky":false,"template":"","format":"standard","meta":{"_mi_skip_tracking":false,"_monsterinsights_sitenote_active":false,"_monsterinsights_sitenote_note":"","_monsterinsights_sitenote_category":0,"footnotes":""},"categories":[4,10,11],"tags":[5167,15],"aioseo_notices":[],"_links":{"self":[{"href":"https:\/\/infonews.az\/index.php?rest_route=\/wp\/v2\/posts\/13498"}],"collection":[{"href":"https:\/\/infonews.az\/index.php?rest_route=\/wp\/v2\/posts"}],"about":[{"href":"https:\/\/infonews.az\/index.php?rest_route=\/wp\/v2\/types\/post"}],"author":[{"embeddable":true,"href":"https:\/\/infonews.az\/index.php?rest_route=\/wp\/v2\/users\/14"}],"replies":[{"embeddable":true,"href":"https:\/\/infonews.az\/index.php?rest_route=%2Fwp%2Fv2%2Fcomments&post=13498"}],"version-history":[{"count":1,"href":"https:\/\/infonews.az\/index.php?rest_route=\/wp\/v2\/posts\/13498\/revisions"}],"predecessor-version":[{"id":13503,"href":"https:\/\/infonews.az\/index.php?rest_route=\/wp\/v2\/posts\/13498\/revisions\/13503"}],"wp:featuredmedia":[{"embeddable":true,"href":"https:\/\/infonews.az\/index.php?rest_route=\/wp\/v2\/media\/13499"}],"wp:attachment":[{"href":"https:\/\/infonews.az\/index.php?rest_route=%2Fwp%2Fv2%2Fmedia&parent=13498"}],"wp:term":[{"taxonomy":"category","embeddable":true,"href":"https:\/\/infonews.az\/index.php?rest_route=%2Fwp%2Fv2%2Fcategories&post=13498"},{"taxonomy":"post_tag","embeddable":true,"href":"https:\/\/infonews.az\/index.php?rest_route=%2Fwp%2Fv2%2Ftags&post=13498"}],"curies":[{"name":"wp","href":"https:\/\/api.w.org\/{rel}","templated":true}]}}