{"id":13597,"date":"2021-10-12T12:08:51","date_gmt":"2021-10-12T08:08:51","guid":{"rendered":"https:\/\/infonews.az\/?p=13597"},"modified":"2021-10-12T12:11:41","modified_gmt":"2021-10-12T08:11:41","slug":"diqq%c9%99t-m%c9%99rk%c9%99zi-s%c9%99hidl%c9%99r-s%c9%99hid-elvin-m%c9%99mm%c9%99dov","status":"publish","type":"post","link":"https:\/\/infonews.az\/?p=13597","title":{"rendered":"\u201cDiqq\u0259t M\u0259rk\u0259zi: \u015e\u018fH\u0130DL\u018fR\u201d \u2013 \u015e\u0259hid Elvin M\u0259mm\u0259dov"},"content":{"rendered":"<div class=\"col-md-12\">\n<p><span style=\"color: #ffffff;\">\u201cDiqq\u0259t M\u0259rk\u0259zi: \u015e\u018fH\u0130DL\u018fR\u201d \u2013 \u015e\u0259hid Elvin M\u0259mm\u0259dov<\/span><\/p>\n<\/div>\n<div class=\"col-md-12\">\n<p><img loading=\"lazy\" decoding=\"async\" class=\"size-full wp-image-13600 alignright\" src=\"https:\/\/infonews.az\/wp-content\/uploads\/2021\/10\/Elvin_M\u0259mm\u0259dov_\u0259sg\u0259r.jpeg\" alt=\"\" width=\"250\" height=\"360\" srcset=\"https:\/\/infonews.az\/wp-content\/uploads\/2021\/10\/Elvin_M\u0259mm\u0259dov_\u0259sg\u0259r.jpeg?v=1660873277 250w, https:\/\/infonews.az\/wp-content\/uploads\/2021\/10\/Elvin_M\u0259mm\u0259dov_\u0259sg\u0259r-208x300.jpeg?v=1660873277 208w\" sizes=\"(max-width: 250px) 100vw, 250px\" \/><\/p>\n<p><a href=\"https:\/\/infonews.az\/?p=13597\"><strong><span style=\"color: #ff0000;\">&#8220;\u0130NFONEWS&#8221;<\/span><\/strong><\/a> t\u0259qdim edir.<\/p>\n<p><strong>Az\u0259rbaycan G\u0259nclik Platformu\u00a0(AGP),\u00a0\u201c\u0130NFONEWS\u201d\u00a0Operativ\u00a0\u0130nformasiya Agentliyi v\u0259 Fransa-Az\u0259rbaycan Dialoqu Assosiasiyas\u0131n\u0131n\u00a0birg\u0259 t\u0259\u015fkilat\u00e7\u0131l\u0131\u011f\u0131 il\u0259 \u201cDiqq\u0259t M\u0259rk\u0259zi: \u015e\u018fH\u0130DL\u018fR\u201d\u00a0layih\u0259sinin bug\u00fcnki qona\u011f\u0131 \u015e\u0259hid\u00a0<\/strong><strong>Elvin M\u0259mm\u0259dovun anas\u0131 Tahir\u0259<\/strong><strong>\u00a0xan\u0131md\u0131r.<\/strong><\/p>\n<p>Elvin Mahmud o\u011flu\u00a0M\u0259mm\u0259dov 1992-ci il\u00a03 oktyabrda \u00a0Zaqatala \u015f\u0259h\u0259rind\u0259 anadan olub. O, ail\u0259d\u0259ki \u00fc\u00e7 qarda\u015f\u0131n \u0259n ki\u00e7iyi idi.\u00a0Zaqatala\u00a0rayon\u00a0\u015e\u0131x\u0259li Qurbanov ad\u0131na 3 sayl\u0131 orta m\u0259kt\u0259bin 1-ci sinfin\u0259 1999-cu ild\u0259\u00a0ged\u0259r\u0259k, 2010-cu ild\u0259 el\u0259 h\u0259min m\u0259kt\u0259bi bitirir. 2010-2014-c\u00fc ill\u0259rd\u0259\u00a0G\u00fcrc\u00fcstan Respublikas\u0131n\u0131n\u00a0\u015e\u0259rqi Avropa \u0130nstitunun\u00a0Maliy\u0259-kredit\u00a0fak\u00fclt\u0259sind\u0259 ali t\u0259hsil al\u0131r. V\u0259t\u0259n\u0259 ba\u011fl\u0131l\u0131\u011f\u0131 u\u015faql\u0131q ill\u0259rind\u0259n a\u015fkar idi.<\/p>\n<p>Ali t\u0259hsilini u\u011furla ba\u015fa \u00e7atd\u0131rd\u0131qdan sonra\u00a02014-c\u00fc ild\u0259 h\u0259rbi xidm\u0259t\u0259 \u00e7a\u011fr\u0131l\u0131r. H\u0259rbi xidm\u0259t zaman\u0131 orada f\u0259al snayper\u00e7i olur. Pe\u015f\u0259kar snayper\u00e7i olmas\u0131 \u00fc\u00e7\u00fcn \u0259lav\u0259 t\u0259hsil al\u0131r, h\u0259m\u00e7inin x\u00fcsusi t\u0259yinatl\u0131lar kursunu m\u00fcv\u0259ff\u0259qiyy\u0259tl\u0259 ba\u015fa \u00e7atd\u0131r\u0131r. H\u0259rbi xidm\u0259td\u0259 g\u00f6st\u0259rdiyi nailiyy\u0259tl\u0259rin\u0259 g\u00f6r\u0259 d\u0259f\u0259l\u0259rl\u0259 f\u0259xri f\u0259rmanlar v\u0259 t\u0259\u015f\u0259kk\u00fcrnam\u0259l\u0259r il\u0259 t\u0259ltif edilir.\u00a02015-ci ild\u0259 h\u0259qiqi h\u0259rbi xidm\u0259tini ba\u015fa \u00e7atd\u0131r\u0131r. Lakin V\u0259t\u0259n\u0259 sevgisi onu yenid\u0259n 2020-ci il sentyabr\u0131n 21-d\u0259 k\u00f6n\u00fcll\u00fc olaraq h\u0259rbi xidm\u0259t\u0259 qaytar\u0131r. Elvin sentyabr\u00a0ay\u0131n\u0131n 27-d\u0259\u00a0V\u0259t\u0259n m\u00fcharib\u0259si\u00a0ba\u015flayan kimi d\u00f6y\u00fc\u015fl\u0259r\u0259 qat\u0131l\u0131r. Q\u0131z\u011f\u0131n d\u00f6y\u00fc\u015fl\u0259r zaman\u0131 \u00f6n c\u0259bh\u0259d\u0259 q\u0259hrt\u0259mancas\u0131na vuru\u015fur.<\/p>\n<p>Oktyabr\u0131n 14-d\u0259 g\u00fcnorta Elvin anas\u0131 il\u0259 sonuncu d\u0259f\u0259 dan\u0131\u015f\u0131r: \u201cAna, m\u0259nd\u0259n nigaran olma, V\u0259t\u0259n bizimdir! Biz V\u0259t\u0259n \u00fc\u00e7\u00fcn can\u0131m\u0131zdan, qan\u0131m\u0131zdan ke\u00e7ib torpaqlar\u0131m\u0131z\u0131 geri almal\u0131y\u0131q. Ana can, gedir\u0259m! Ged\u0259n yoldur, d\u00f6n\u0259n yol deyil; k\u0259f\u0259nimizi cibimiz\u0259 qoyub gedirik\u2026 Ana, \u00f6z\u00fcn\u0259 yax\u015f\u0131 bax!\u201d<\/p>\n<p>15 oktyabr 2020-ci ild\u0259\u00a0A\u011fd\u0259r\u0259\u00a0istiqam\u0259tind\u0259 ged\u0259n d\u00f6y\u00fc\u015fl\u0259rd\u0259 yaralanan \u0259sg\u0259r yolda\u015flar\u0131n\u0131 d\u00f6y\u00fc\u015f b\u00f6lg\u0259sind\u0259n \u00e7\u0131xarark\u0259n, Elvin M\u0259mm\u0259dov \u00f6z\u00fc d\u0259 q\u0259hr\u0259mancas\u0131na \u015f\u0259hid olur.<\/p>\n<p>Tahir\u0259 xan\u0131m s\u00f6hb\u0259t \u0259snas\u0131nda s\u00f6yl\u0259di ki, Elvini Q\u0259l\u0259b\u0259 g\u00fcn\u00fc yuxusunda g\u00f6rub. \u201cG\u00f6rd\u00fcm h\u0259rbi paltar\u0131nda g\u0259lib, \u0259lind\u0259 q\u0131z\u0131lg\u00fcl d\u0259st\u0259si il\u0259 m\u0259ni oyatma\u011fa \u00e7al\u0131\u015f. V\u0259 deyir ki, Ana, oyan! Biz q\u0259l\u0259b\u0259 qazand\u0131q! Ay\u0131ld\u0131m ki o\u011flum yoxdu&#8230;\u201d \u2013 dey\u0259, k\u00f6vr\u0259ldi.<\/p>\n<p>Az\u0259rbaycan Respublikas\u0131 Prezidenti \u0130lham \u018fliyevin\u00a015 dekabr 2020-ci il tarixli s\u0259r\u0259ncam\u0131 il\u0259 Az\u0259rbaycan Respublikas\u0131n\u0131n\u00a0\u0259razi b\u00fct\u00f6vl\u00fcy\u00fcn\u00fcn t\u0259min edilm\u0259si u\u011frunda d\u00f6y\u00fc\u015f \u0259m\u0259liyyatlar\u0131nda i\u015ftirak etmi\u015f v\u0259 h\u0259rbi hiss\u0259 qar\u015f\u0131s\u0131nda qoyulmu\u015f tap\u015f\u0131r\u0131qlar\u0131n icras\u0131 zaman\u0131 v\u0259zif\u0259 borcunu \u015f\u0259r\u0259fl\u0259 yerin\u0259 yetirdiyin\u0259 g\u00f6r\u0259 M\u0259mm\u0259dov Elvin Mahmud o\u011flu &#8220;V\u0259t\u0259n u\u011frunda\u201d medal\u0131\u00a0il\u0259 t\u0259ltif edilib.<\/p>\n<p>Tahir\u0259 M\u0259mm\u0259dova \u00fcz\u00fcn\u00fc Az\u0259rbaycan\u0131n \u015e\u0259hid analar\u0131na tutaraq dedi:<\/p>\n<p>\u201cK\u00fc\u00e7\u0259d\u0259 ba\u015f\u0131n\u0131z\u0131 dik tutun, \u015e\u0259hid analar\u0131! \u015e\u0259hid o\u011fullar\u0131m\u0131z\u0131n qan\u0131 yerd\u0259 qalmay\u0131b!\u201d<\/p>\n<p>\u015e\u0259hidl\u0259r vurulanda \u00f6lm\u00fcr, unudulanda \u00f6l\u00fcr!<\/p>\n<p><iframe loading=\"lazy\" title=\"Diqq\u0259t M\u0259rk\u0259zi: \u015e\u0259hidl\u0259r- M\u0259mm\u0259dov Elvin\" width=\"1110\" height=\"624\" src=\"https:\/\/www.youtube.com\/embed\/8phUFbq8egg?feature=oembed\" frameborder=\"0\" allow=\"accelerometer; autoplay; clipboard-write; encrypted-media; gyroscope; picture-in-picture\" allowfullscreen><\/iframe><\/p>\n<\/div>\n","protected":false},"excerpt":{"rendered":"<p>\u201cDiqq\u0259t M\u0259rk\u0259zi: \u015e\u018fH\u0130DL\u018fR\u201d \u2013 \u015e\u0259hid Elvin M\u0259mm\u0259dov &#8220;\u0130NFONEWS&#8221; t\u0259qdim edir. Az\u0259rbaycan G\u0259nclik Platformu\u00a0(AGP),\u00a0\u201c\u0130NFONEWS\u201d\u00a0Operativ\u00a0\u0130nformasiya Agentliyi v\u0259 Fransa-Az\u0259rbaycan Dialoqu Assosiasiyas\u0131n\u0131n\u00a0birg\u0259 t\u0259\u015fkilat\u00e7\u0131l\u0131\u011f\u0131 il\u0259 \u201cDiqq\u0259t M\u0259rk\u0259zi: \u015e\u018fH\u0130DL\u018fR\u201d\u00a0layih\u0259sinin bug\u00fcnki qona\u011f\u0131 \u015e\u0259hid\u00a0Elvin M\u0259mm\u0259dovun anas\u0131 Tahir\u0259\u00a0xan\u0131md\u0131r. Elvin&hellip; <\/p>\n","protected":false},"author":14,"featured_media":12230,"comment_status":"open","ping_status":"open","sticky":false,"template":"","format":"standard","meta":{"_mi_skip_tracking":false,"_monsterinsights_sitenote_active":false,"_monsterinsights_sitenote_note":"","_monsterinsights_sitenote_category":0,"footnotes":""},"categories":[4,4263,4422,11,7],"tags":[4884,4368,5208],"aioseo_notices":[],"_links":{"self":[{"href":"https:\/\/infonews.az\/index.php?rest_route=\/wp\/v2\/posts\/13597"}],"collection":[{"href":"https:\/\/infonews.az\/index.php?rest_route=\/wp\/v2\/posts"}],"about":[{"href":"https:\/\/infonews.az\/index.php?rest_route=\/wp\/v2\/types\/post"}],"author":[{"embeddable":true,"href":"https:\/\/infonews.az\/index.php?rest_route=\/wp\/v2\/users\/14"}],"replies":[{"embeddable":true,"href":"https:\/\/infonews.az\/index.php?rest_route=%2Fwp%2Fv2%2Fcomments&post=13597"}],"version-history":[{"count":2,"href":"https:\/\/infonews.az\/index.php?rest_route=\/wp\/v2\/posts\/13597\/revisions"}],"predecessor-version":[{"id":13601,"href":"https:\/\/infonews.az\/index.php?rest_route=\/wp\/v2\/posts\/13597\/revisions\/13601"}],"wp:featuredmedia":[{"embeddable":true,"href":"https:\/\/infonews.az\/index.php?rest_route=\/wp\/v2\/media\/12230"}],"wp:attachment":[{"href":"https:\/\/infonews.az\/index.php?rest_route=%2Fwp%2Fv2%2Fmedia&parent=13597"}],"wp:term":[{"taxonomy":"category","embeddable":true,"href":"https:\/\/infonews.az\/index.php?rest_route=%2Fwp%2Fv2%2Fcategories&post=13597"},{"taxonomy":"post_tag","embeddable":true,"href":"https:\/\/infonews.az\/index.php?rest_route=%2Fwp%2Fv2%2Ftags&post=13597"}],"curies":[{"name":"wp","href":"https:\/\/api.w.org\/{rel}","templated":true}]}}