{"id":13642,"date":"2021-10-13T12:49:43","date_gmt":"2021-10-13T08:49:43","guid":{"rendered":"https:\/\/infonews.az\/?p=13642"},"modified":"2021-10-13T23:33:19","modified_gmt":"2021-10-13T19:33:19","slug":"diqq%c9%99t-m%c9%99rk%c9%99zi-s%c9%99hidl%c9%99r-s%c9%99hid-turqut-x%c9%99lilb%c9%99yli","status":"publish","type":"post","link":"https:\/\/infonews.az\/?p=13642","title":{"rendered":"Diqq\u0259t M\u0259rk\u0259zi: \u015e\u018fH\u0130DL\u018fR\u201d \u2013 \u015e\u0259hid Turqut X\u0259lilb\u0259yli"},"content":{"rendered":"<p><span style=\"color: #ffffff;\">Diqq\u0259t M\u0259rk\u0259zi: \u015e\u018fH\u0130DL\u018fR\u201d \u2013 \u015e\u0259hid Turqut X\u0259lilb\u0259yli<\/span><\/p>\n<p>&nbsp;<\/p>\n<p><img loading=\"lazy\" decoding=\"async\" class=\"aligncenter size-full wp-image-13643\" src=\"https:\/\/infonews.az\/wp-content\/uploads\/2021\/10\/7acfb873-dc4c-4bb1-9b74-637294a4bddb1.jpeg\" alt=\"\" width=\"682\" height=\"1024\" srcset=\"https:\/\/infonews.az\/wp-content\/uploads\/2021\/10\/7acfb873-dc4c-4bb1-9b74-637294a4bddb1.jpeg?v=1660873272 682w, https:\/\/infonews.az\/wp-content\/uploads\/2021\/10\/7acfb873-dc4c-4bb1-9b74-637294a4bddb1-200x300.jpeg?v=1660873272 200w\" sizes=\"(max-width: 682px) 100vw, 682px\" \/><\/p>\n<p><a href=\"https:\/\/infonews.az\/?p=13642\"><strong><span style=\"color: #ff0000;\">&#8220;\u0130NFONEWS&#8221;<\/span><\/strong><\/a> t\u0259qdim edir.<\/p>\n<blockquote><p><strong>Az\u0259rbaycan G\u0259nclik Platformu (AGP), \u201c\u0130NFONEWS\u201d Operativ \u0130nformasiya Agentliyi v\u0259 Fransa-Az\u0259rbaycan Dialoqu Assosiasiyas\u0131n\u0131n birg\u0259 t\u0259\u015fkilat\u00e7\u0131l\u0131\u011f\u0131 il\u0259 \u201cDiqq\u0259t M\u0259rk\u0259zi: \u015e\u018fH\u0130DL\u018fR\u201d layih\u0259sinin qona\u011f\u0131 \u015e\u0259hid <\/strong><strong>Turqut X\u0259lilb\u0259ylinin atas\u0131 Nadir b\u0259ydir.<\/strong><\/p><\/blockquote>\n<p>Turqut X\u0259lilb\u0259yli 4 iyul 1993-c\u00fc ild\u0259 Nax\u00e7\u0131van Muxtar Respublikas\u0131n\u0131n \u015e\u0259rur \u015f\u0259h\u0259rind\u0259 anadan olub. Turqutun h\u0259l\u0259 u\u015faql\u0131qdan \u0259n b\u00f6y\u00fck arzusu h\u0259rb\u00e7i olmaq idis\u0259, anas\u0131 is\u0259 \u0259ksin\u0259, o\u011flunu h\u0259kim g\u00f6rm\u0259k ist\u0259yirdi. Orta m\u0259kt\u0259bi u\u011furla bitirib, ali t\u0259hsilini Az\u0259rbaycan Tibb Universitetind\u0259 (ATU) davam etdir\u0259n (2010-2016-ci ill\u0259r) Turqut Az\u0259rbaycan Ordusunda leytenant h\u0259rbi tibb qulluq\u00e7usu v\u0259zif\u0259sind\u0259 \u00e7al\u0131\u015fmaqla h\u0259m anas\u0131n\u0131n, h\u0259m d\u0259 \u00f6z arzusuna \u00e7atm\u0131\u015f olur.<\/p>\n<p>Turqut X\u0259lilb\u0259yli 2020-ci il sentyabr\u0131n 27-d\u0259 Az\u0259rbaycan Silahl\u0131 Q\u00fcvv\u0259l\u0259ri t\u0259r\u0259find\u0259n Erm\u0259nistan i\u015f\u011fal\u0131 alt\u0131nda olan \u0259razil\u0259rin azad edilm\u0259si v\u0259 Az\u0259rbaycan\u0131n \u0259razi b\u00fct\u00f6vl\u00fcy\u00fcn\u00fcn b\u0259rpa olunmas\u0131 u\u011frunda V\u0259t\u0259n m\u00fcharib\u0259sind\u0259 k\u0259narda qalm\u0131r. O, F\u00fczulinin v\u0259 C\u0259bray\u0131l\u0131n azadl\u0131\u011f\u0131 u\u011frunda ged\u0259n q\u0131z\u011f\u0131n d\u00f6y\u00fc\u015fl\u0259rd\u0259 yax\u0131ndan i\u015ftirak edir, yaralanan h\u0259rb\u00e7il\u0259r\u0259 yerind\u0259c\u0259 tibbi yard\u0131m g\u00f6st\u0259rir.<\/p>\n<p>Turqutun atas\u0131 Nadir b\u0259y o\u011flu il\u0259 sonuncu d\u0259f\u0259 g\u00f6r\u00fc\u015f\u00fc bar\u0259d\u0259 s\u00f6hb\u0259tind\u0259 s\u00f6yl\u0259di: \u201cOktyabr\u0131n 4-d\u0259 c\u0259bh\u0259y\u0259 tibbi l\u0259vazimatlar apardiq, arxa c\u0259bh\u0259d\u0259 Turqutu g\u00f6rd\u00fcm, g\u00f6r\u00fc\u015fd\u00fcm, h\u0259tta \u015f\u0259kil d\u0259 \u00e7\u0259kdirm\u0259k ist\u0259y\u0259nd\u0259, astadan m\u0259n\u0259 \u201cAta, m\u0259n bura \u015f\u0259kil \u00e7\u0259kdirm\u0259y\u0259 g\u0259lm\u0259mi\u015f\u0259m\u201d,- dedi. Bu zaman d\u00f6y\u00fc\u015f yolda\u015f\u0131 m\u0259n\u0259 yax\u0131nla\u015f\u0131b dedi ki, Turquta deyin \u0259ynin\u0259 bronejilet geyinsin. Niy\u0259 bronejilet geyinm\u0259diyini soru\u015fanda cavab verdi: \u201cAta, m\u0259n g\u00fcn \u0259rzind\u0259 9-10 yaral\u0131 xilas edir\u0259ms\u0259, bronejilet \u0259ynimd\u0259 olmayanda 2-3 yaral\u0131 \u0259sg\u0259ri \u00e7ox xilas ed\u0259 bilir\u0259m\u201d.<\/p>\n<p>Bu q\u0131sa g\u00f6r\u00fc\u015f\u00fcn sonunda Turqutun atas\u0131na son k\u0259lm\u0259l\u0259ri \u201cM\u0259nd\u0259n nigaran qalmay\u0131n. Bir yaral\u0131m\u0131z\u0131n da \u00f6lm\u0259sin\u0259 imkan verm\u0259y\u0259c\u0259y\u0259m\u201d, -bel\u0259 olur.<\/p>\n<p>Oktyabr ay\u0131n\u0131n 7-d\u0259 Turqut n\u00f6vb\u0259ti d\u00f6y\u00fc\u015f\u00fcn gedi\u015find\u0259 yen\u0259 d\u0259 yaral\u0131 \u0259sg\u0259rl\u0259rimizi at\u0259\u015f alt\u0131ndan \u00e7\u0131xarmaqla durmadan tibbi yard\u0131m g\u00f6st\u0259rir. H\u0259min g\u00fcn o, yaral\u0131 \u0259sg\u0259rl\u0259rimizi xilas etm\u0259k m\u0259qs\u0259dil\u0259 birba\u015fa at\u0259\u015f zonas\u0131na \u00fc\u00e7 d\u0259f\u0259 giri\u015f edir. Lakin d\u00f6rd\u00fcnc\u00fc d\u0259f\u0259 d\u00fc\u015fm\u0259nin atd\u0131\u011f\u0131 artilleriya m\u0259rmisi Turqutun yax\u0131nl\u0131\u011f\u0131na d\u00fc\u015f\u00fcr. Bu zaman Turqut \u00f6z\u00fcn\u00fc yaral\u0131 \u0259sg\u0259rimizin \u00fcz\u0259rin\u0259 at\u0131r v\u0259 \u00f6z can\u0131 bahas\u0131na onun h\u0259yat\u0131n\u0131 xilas edir. Ald\u0131\u011f\u0131 a\u011f\u0131r q\u0259lp\u0259 yaralar\u0131ndan leytenant Turqut X\u0259lilb\u0259ylinin h\u0259yat\u0131n\u0131 qurtarmaq m\u00fcmk\u00fcn olmur. Q\u0259hr\u0259man h\u0259kimimiz d\u00f6y\u00fc\u015f dostlar\u0131n\u0131n u\u011furunda, V\u0259t\u0259ni u\u011frunda \u00f6z can\u0131n\u0131 f\u0259da edir.<\/p>\n<p>Turqut X\u0259lilb\u0259yli oktyabr\u0131n 7-d\u0259 C\u0259bray\u0131l d\u00f6y\u00fc\u015fl\u0259ri zaman\u0131 \u015f\u0259hid olub, II \u015e\u0259hidl\u0259r Xiyaban\u0131nda d\u0259fn edilib.<\/p>\n<p>Az\u0259rbaycan\u0131n \u0259razi b\u00fct\u00f6vl\u00fcy\u00fcn\u00fcn t\u0259min edilm\u0259si u\u011frunda d\u00f6y\u00fc\u015f \u0259m\u0259liyyatlar\u0131na qat\u0131lan v\u0259 h\u0259rbi hiss\u0259 qar\u015f\u0131s\u0131nda qoyulmu\u015f tap\u015f\u0131r\u0131qlar\u0131n icras\u0131 zaman\u0131 v\u0259zif\u0259 borcunu \u015f\u0259r\u0259fl\u0259 yerin\u0259 yetirdiyi \u00fc\u00e7\u00fcn Az\u0259rbaycan Prezidenti \u0130lham \u018fliyevin 15.12.2020-ci il tarixli S\u0259r\u0259ncam\u0131na \u0259sas\u0259n Turqut X\u0259lilb\u0259yli \u00f6l\u00fcm\u00fcnd\u0259n sonra \u201cV\u0259t\u0259n u\u011frunda\u201d medal\u0131 il\u0259 t\u0259ltif edilib.<\/p>\n<p>Az\u0259rbaycan\u0131n \u0259razi b\u00fct\u00f6vl\u00fcy\u00fcn\u00fcn b\u0259rpa edilm\u0259si zaman\u0131 d\u00f6y\u00fc\u015f \u0259m\u0259liyyatlar\u0131n\u0131n r\u0259hb\u0259ri olan, d\u00fc\u015fm\u0259nin canl\u0131 q\u00fcvv\u0259sinin m\u0259hv edilm\u0259sind\u0259 r\u0259\u015fad\u0259t g\u00f6st\u0259r\u0259n, v\u0259zif\u0259 borcunu l\u0259qay\u0259tl\u0259 v\u0259 vicdanla yerin\u0259 yetirdiyin\u0259 g\u00f6r\u0259 Az\u0259rbaycan Prezidenti \u0130lham \u018fliyevin 15.12.2020-ci il tarixli S\u0259r\u0259ncam\u0131na \u0259sas\u0259n Turqut X\u0259lilb\u0259yli \u00f6l\u00fcm\u00fcnd\u0259n sonra \u201cAz\u0259rbaycan Bayra\u011f\u0131\u201d ordeni il\u0259 t\u0259ltif edilib.<\/p>\n<p>Az\u0259rbaycan\u0131n F\u00fczuli rayonunun i\u015f\u011faldan azad edilm\u0259si u\u011frunda apar\u0131lan d\u00f6y\u00fc\u015f \u0259m\u0259liyyatlar\u0131na qat\u0131laraq \u015f\u0259xsi igidliyi v\u0259 \u015f\u00fcca\u0259ti n\u00fcmayi\u015f etdirdiyin\u0259 g\u00f6r\u0259 Az\u0259rbaycan Prezidenti \u0130lham \u018fliyevin 25.12.2020-ci il tarixli S\u0259r\u0259ncam\u0131na \u0259sas\u0259n Turqut X\u0259lilb\u0259yli \u00f6l\u00fcm\u00fcnd\u0259n sonra \u201cF\u00fczulinin azad olunmas\u0131na g\u00f6r\u0259\u201d medal\u0131 il\u0259 t\u0259ltif edilib.<\/p>\n<p>Az\u0259rbaycan\u0131n C\u0259bray\u0131l rayonunun i\u015f\u011faldan azad edilm\u0259si u\u011frunda apar\u0131lan d\u00f6y\u00fc\u015f \u0259m\u0259liyyatlar\u0131na qat\u0131laraq \u015f\u0259xsi igidliyi v\u0259 \u015f\u00fcca\u0259ti n\u00fcmayi\u015f etdirdiyin\u0259 g\u00f6r\u0259 Az\u0259rbaycan Prezidenti \u0130lham \u018fliyevin 24.06.2021-ci il tarixli S\u0259r\u0259ncam\u0131na \u0259sas\u0259n Turqut X\u0259lilb\u0259yli \u00f6l\u00fcm\u00fcnd\u0259n sonra \u201cC\u0259bray\u0131l\u0131n azad olunmas\u0131na g\u00f6r\u0259\u201d medal\u0131 il\u0259 t\u0259ltif edilib.<\/p>\n<p><strong>Az\u0259rbaycan xalq\u0131 dig\u0259r q\u0259hr\u0259man \u00f6vladlar\u0131 kimi, V\u0259t\u0259n m\u00fcharib\u0259sinin ilk \u015f\u0259hid h\u0259kimi olan leytenant Turqut X\u0259lilb\u0259ylini he\u00e7 zaman unutmayacaq!<\/strong><\/p>\n<p><img loading=\"lazy\" decoding=\"async\" class=\"aligncenter size-full wp-image-13645\" src=\"https:\/\/infonews.az\/wp-content\/uploads\/2021\/10\/527445f8-eae3-4d97-a710-b4101f23a354.jpeg\" alt=\"\" width=\"768\" height=\"1024\" srcset=\"https:\/\/infonews.az\/wp-content\/uploads\/2021\/10\/527445f8-eae3-4d97-a710-b4101f23a354.jpeg?v=1660873271 768w, https:\/\/infonews.az\/wp-content\/uploads\/2021\/10\/527445f8-eae3-4d97-a710-b4101f23a354-225x300.jpeg?v=1660873271 225w\" sizes=\"(max-width: 768px) 100vw, 768px\" \/><\/p>\n<p><iframe loading=\"lazy\" title=\"Diqq\u0259t M\u0259rk\u0259zi: \u015e\u0259hidl\u0259r- Turqut X\u0259lilb\u0259yli\" width=\"1110\" height=\"624\" src=\"https:\/\/www.youtube.com\/embed\/MGgVZgB20TU?start=12&#038;feature=oembed\" frameborder=\"0\" allow=\"accelerometer; autoplay; clipboard-write; encrypted-media; gyroscope; picture-in-picture\" allowfullscreen><\/iframe><\/p>\n","protected":false},"excerpt":{"rendered":"<p>Diqq\u0259t M\u0259rk\u0259zi: \u015e\u018fH\u0130DL\u018fR\u201d \u2013 \u015e\u0259hid Turqut X\u0259lilb\u0259yli &nbsp; &#8220;\u0130NFONEWS&#8221; t\u0259qdim edir. Az\u0259rbaycan G\u0259nclik Platformu (AGP), \u201c\u0130NFONEWS\u201d Operativ \u0130nformasiya Agentliyi v\u0259 Fransa-Az\u0259rbaycan Dialoqu Assosiasiyas\u0131n\u0131n birg\u0259 t\u0259\u015fkilat\u00e7\u0131l\u0131\u011f\u0131 il\u0259 \u201cDiqq\u0259t M\u0259rk\u0259zi: \u015e\u018fH\u0130DL\u018fR\u201d layih\u0259sinin&hellip; <\/p>\n","protected":false},"author":14,"featured_media":13644,"comment_status":"open","ping_status":"open","sticky":false,"template":"","format":"standard","meta":{"_mi_skip_tracking":false,"_monsterinsights_sitenote_active":false,"_monsterinsights_sitenote_note":"","_monsterinsights_sitenote_category":0,"footnotes":""},"categories":[4,4263,11,550],"tags":[4884,4368,5226],"aioseo_notices":[],"_links":{"self":[{"href":"https:\/\/infonews.az\/index.php?rest_route=\/wp\/v2\/posts\/13642"}],"collection":[{"href":"https:\/\/infonews.az\/index.php?rest_route=\/wp\/v2\/posts"}],"about":[{"href":"https:\/\/infonews.az\/index.php?rest_route=\/wp\/v2\/types\/post"}],"author":[{"embeddable":true,"href":"https:\/\/infonews.az\/index.php?rest_route=\/wp\/v2\/users\/14"}],"replies":[{"embeddable":true,"href":"https:\/\/infonews.az\/index.php?rest_route=%2Fwp%2Fv2%2Fcomments&post=13642"}],"version-history":[{"count":3,"href":"https:\/\/infonews.az\/index.php?rest_route=\/wp\/v2\/posts\/13642\/revisions"}],"predecessor-version":[{"id":13648,"href":"https:\/\/infonews.az\/index.php?rest_route=\/wp\/v2\/posts\/13642\/revisions\/13648"}],"wp:featuredmedia":[{"embeddable":true,"href":"https:\/\/infonews.az\/index.php?rest_route=\/wp\/v2\/media\/13644"}],"wp:attachment":[{"href":"https:\/\/infonews.az\/index.php?rest_route=%2Fwp%2Fv2%2Fmedia&parent=13642"}],"wp:term":[{"taxonomy":"category","embeddable":true,"href":"https:\/\/infonews.az\/index.php?rest_route=%2Fwp%2Fv2%2Fcategories&post=13642"},{"taxonomy":"post_tag","embeddable":true,"href":"https:\/\/infonews.az\/index.php?rest_route=%2Fwp%2Fv2%2Ftags&post=13642"}],"curies":[{"name":"wp","href":"https:\/\/api.w.org\/{rel}","templated":true}]}}