{"id":13700,"date":"2021-10-18T10:54:00","date_gmt":"2021-10-18T06:54:00","guid":{"rendered":"https:\/\/infonews.az\/?p=13700"},"modified":"2021-10-18T12:11:43","modified_gmt":"2021-10-18T08:11:43","slug":"az%c9%99rbaycan-dovl%c9%99t-must%c9%99qilliyinin-b%c9%99rpasinin-30-illiyini-qeyd-edir","status":"publish","type":"post","link":"https:\/\/infonews.az\/?p=13700","title":{"rendered":"Az\u0259rbaycan d\u00f6vl\u0259t m\u00fcst\u0259qilliyinin b\u0259rpas\u0131n\u0131n 30 illiyini qeyd edir"},"content":{"rendered":"<p><span style=\"color: #ffffff;\">Az\u0259rbaycan d\u00f6vl\u0259t m\u00fcst\u0259qilliyinin b\u0259rpas\u0131n\u0131n 30 illiyini qeyd edir<\/span><\/p>\n<p><a href=\"https:\/\/infonews.az\/?p=13700\"><strong><span style=\"color: #ff0000;\">&#8220;\u0130NFONEWS&#8221;<\/span><\/strong><\/a> x\u0259b\u0259r verir.<\/p>\n<blockquote><p><strong>Bu il m\u00fcz\u0259ff\u0259r Az\u0259rbaycan xalq\u0131 d\u00f6vl\u0259t m\u00fcst\u0259qilliyimizin b\u0259rpas\u0131n\u0131n 30 illiyini qeyd edir.<\/strong><\/p><\/blockquote>\n<p>30 il \u0259vv\u0259l Az\u0259rbaycan Respublikas\u0131 Ali Soveti D\u00f6vl\u0259t m\u00fcst\u0259qilliyi haqq\u0131nda Konstitusiya Akt\u0131n\u0131 q\u0259bul etdi. Oktyabr\u0131n 8-d\u0259 i\u015f\u0259 ba\u015flayan n\u00f6vb\u0259d\u0259nk\u0259nar sessiya m\u0259s\u0259l\u0259ni d\u00f6rd g\u00fcn m\u00fczakir\u0259 ets\u0259 d\u0259, q\u0259rar verm\u0259yi bir h\u0259ft\u0259 sonraya saxlad\u0131. N\u0259hay\u0259t, 1991-ci il oktyabr\u0131n 18-d\u0259 Ali Sovetin sessiyas\u0131nda bu s\u0259n\u0259d q\u0259bul edildi. Bu il oktyabr\u0131n 15-d\u0259 Milli M\u0259clis Prezident \u0130lham \u018fliyevin t\u0259\u015f\u0259bb\u00fcs\u00fc il\u0259 \u201cM\u00fcst\u0259qillik G\u00fcn\u00fc haqq\u0131nda\u201d yeni Qanunu t\u0259sdiql\u0259di. Qanuna \u0259sas\u0259n, may\u0131n 28-i M\u00fcst\u0259qillik G\u00fcn\u00fc, oktyabr\u0131n 18-i is\u0259 M\u00fcst\u0259qilliyin B\u0259rpas\u0131 G\u00fcn\u00fc elan olundu.<\/p>\n<p>T\u0259bii ki, m\u00fcst\u0259qilliyi qoruyub saxlamaq onu qazanmaqdan daha \u00e7\u0259tindir. Az\u0259rbaycan xalq\u0131 1990-c\u0131 ill\u0259rin \u0259vv\u0259ll\u0259rind\u0259 yenic\u0259 b\u0259rpa etdiyi m\u00fcst\u0259qilliyini itirm\u0259k t\u0259hl\u00fck\u0259si il\u0259 \u00fcz-\u00fcz\u0259 qald\u0131. Lakin xalq\u0131m\u0131z bu a\u011f\u0131r g\u00fcnl\u0259rd\u0259 q\u0259tiyy\u0259tli irad\u0259 n\u00fcmayi\u015f etdir\u0259r\u0259k \u00f6z taleyin\u0259 sahib \u00e7\u0131xma\u011f\u0131 bacard\u0131. 1993-c\u00fc ild\u0259 xalq\u0131n t\u0259kidli t\u0259l\u0259bi il\u0259 Az\u0259rbaycanda siyasi hakimiyy\u0259t\u0259 qay\u0131dan ulu \u00f6nd\u0259r Heyd\u0259r \u018fliyev \u00f6lk\u0259mizin m\u00fcst\u0259qilliyini \u0259b\u0259di v\u0259 d\u00f6nm\u0259z etdi. \u018fslind\u0259, Az\u0259rbaycan \u0259sl m\u00fcst\u0259qilliyini \u00fcmummilli lider Heyd\u0259r \u018fliyevin hakimiyy\u0259t\u0259 qay\u0131d\u0131\u015f\u0131ndan sonra \u0259ld\u0259 etdi. Ulu \u00d6nd\u0259r \u00f6lk\u0259d\u0259 xaos v\u0259 anarxiyan\u0131, c\u0259miyy\u0259td\u0259 h\u00f6km s\u00fcr\u0259n iqtisadi, siyasi v\u0259 m\u0259n\u0259vi psixoloji g\u0259rginliyi aradan qald\u0131rd\u0131. M\u00fcst\u0259qil Az\u0259rbaycan Respublikas\u0131 m\u00f6hk\u0259m \u0259saslar \u00fcz\u0259rind\u0259 yeni inki\u015faf x\u0259ttini tutdu. Az\u0259rbaycan\u0131 m\u00fcs\u0259lman \u015e\u0259rqind\u0259 ilk demokratik respublika olan Xalq C\u00fcmhuriyy\u0259tinin varisi elan ed\u0259n \u00fcmummilli lider Heyd\u0259r \u018fliyev m\u00fcasir d\u00f6vl\u0259t quruculu\u011fu i\u015fl\u0259rin\u0259 ba\u015flad\u0131. Ulu \u00d6nd\u0259rin yorulmaz s\u0259yl\u0259ri n\u0259tic\u0259sind\u0259 q\u0131sa m\u00fcdd\u0259td\u0259 Az\u0259rbaycan\u0131n s\u0259si \u0259n n\u00fcfuzlu beyn\u0259lxalq t\u0259\u015fkilatlar\u0131n k\u00fcrs\u00fcs\u00fcnd\u0259n g\u0259ldi. Bir s\u00f6zl\u0259, \u0259g\u0259r Az\u0259rbaycan\u0131n m\u00fcst\u0259qilliyi tarixi z\u0259rur\u0259td\u0259n ir\u0259li g\u0259l\u0259n hadis\u0259 idis\u0259, bu m\u00fcst\u0259qilliyin \u0259b\u0259diliyi v\u0259 d\u00f6nm\u0259zliyi \u00fcmummilli lider Heyd\u0259r \u018fliyevin ad\u0131 il\u0259 ba\u011fl\u0131d\u0131r.<\/p>\n<p>Ulu \u00d6nd\u0259rin m\u00fcst\u0259qilliyimizin qorunub saxlanmas\u0131 v\u0259 m\u00f6hk\u0259ml\u0259ndirilm\u0259si istiqam\u0259tind\u0259 yorulmaz s\u0259yl\u0259ri bu g\u00fcn onun layiqli davam\u00e7\u0131s\u0131 Prezident \u0130lham \u018fliyev t\u0259r\u0259find\u0259n davam etdirilir. \u00dcmummilli Liderin \u00e7ox\u015fax\u0259li f\u0259aliyy\u0259tinin n\u0259tic\u0259l\u0259rin\u0259 arxalanaraq, Prezident \u0130lham \u018fliyevin r\u0259hb\u0259rliyi il\u0259 siyasi, iqtisadi, sosial v\u0259 h\u0259rbi sah\u0259l\u0259rd\u0259 b\u00f6y\u00fck t\u0259r\u0259qqi \u0259ld\u0259 edilib. Az\u0259rbaycan yerl\u0259\u015fdiyi b\u00f6lg\u0259d\u0259 ba\u015f ver\u0259n strateji, siyasi v\u0259 iqtisadi prosesl\u0259rin gedi\u015fin\u0259 t\u0259sir g\u00f6st\u0259rm\u0259y\u0259 qadir olan \u00f6lk\u0259y\u0259 \u00e7evrilib. Milli maraqlara uy\u011fun olaraq beyn\u0259lxalq birliyin \u0259ks\u0259r \u00fczvl\u0259ri il\u0259 qar\u015f\u0131l\u0131ql\u0131 faydal\u0131 \u0259m\u0259kda\u015fl\u0131q h\u0259yata ke\u00e7irilir. D\u00f6vl\u0259timizin ba\u015f\u00e7\u0131s\u0131n\u0131n m\u00fc\u0259yy\u0259nl\u0259\u015fdirdiyi u\u011furlu inki\u015faf strategiyas\u0131 n\u0259tic\u0259sind\u0259 \u00f6lk\u0259 iqtisadiyyat\u0131 inki\u015faf s\u00fcr\u0259tin\u0259 g\u00f6r\u0259 d\u00fcnyada \u0259n y\u00fcks\u0259k yerl\u0259rd\u0259 durur.<\/p>\n<p>\u00dcmummilli Liderin \u0259n b\u00f6y\u00fck arzusu i\u015f\u011fal alt\u0131nda olan torpaqlar\u0131m\u0131z\u0131n azad edilm\u0259si, \u0259razi b\u00fct\u00f6vl\u00fcy\u00fcm\u00fcz\u00fcn b\u0259rpas\u0131 idi. Ulu \u00d6nd\u0259rin bu arzusunu da onun layiqli davam\u00e7\u0131s\u0131 Prezident \u0130lham \u018fliyev yerin\u0259 yetirdi. \u00d6t\u0259n il 44 g\u00fcnl\u00fck V\u0259t\u0259n m\u00fcharib\u0259sind\u0259 Ali Ba\u015f Komandan \u0130lham \u018fliyevin r\u0259hb\u0259rliyi il\u0259 Az\u0259rbaycan Ordusunun qazand\u0131\u011f\u0131 \u015fanl\u0131 Q\u0259l\u0259b\u0259 n\u0259tic\u0259sind\u0259 i\u015f\u011fala son qoyuldu, d\u00fc\u015fm\u0259n torpaqlar\u0131m\u0131zdan qovuldu, \u0259razi b\u00fct\u00f6vl\u00fcy\u00fcm\u00fcz b\u0259rpa edildi. Bu tarixi Z\u0259f\u0259ri qazanan xalq\u0131m\u0131z b\u00fct\u00fcn d\u00fcnyaya n\u00fcmayi\u015f etdirdi ki, Az\u0259rbaycan\u0131n m\u00fcst\u0259qilliyi \u0259b\u0259di v\u0259 d\u00f6nm\u0259zdir!<\/p>\n<p>(AZ\u018fRTAC)<\/p>\n","protected":false},"excerpt":{"rendered":"<p>Az\u0259rbaycan d\u00f6vl\u0259t m\u00fcst\u0259qilliyinin b\u0259rpas\u0131n\u0131n 30 illiyini qeyd edir &#8220;\u0130NFONEWS&#8221; x\u0259b\u0259r verir. Bu il m\u00fcz\u0259ff\u0259r Az\u0259rbaycan xalq\u0131 d\u00f6vl\u0259t m\u00fcst\u0259qilliyimizin b\u0259rpas\u0131n\u0131n 30 illiyini qeyd edir. 30 il \u0259vv\u0259l Az\u0259rbaycan Respublikas\u0131 Ali Soveti&hellip; <\/p>\n","protected":false},"author":14,"featured_media":13701,"comment_status":"open","ping_status":"open","sticky":false,"template":"","format":"standard","meta":{"_mi_skip_tracking":false,"_monsterinsights_sitenote_active":false,"_monsterinsights_sitenote_note":"","_monsterinsights_sitenote_category":0,"footnotes":""},"categories":[6,11],"tags":[5248,15],"aioseo_notices":[],"_links":{"self":[{"href":"https:\/\/infonews.az\/index.php?rest_route=\/wp\/v2\/posts\/13700"}],"collection":[{"href":"https:\/\/infonews.az\/index.php?rest_route=\/wp\/v2\/posts"}],"about":[{"href":"https:\/\/infonews.az\/index.php?rest_route=\/wp\/v2\/types\/post"}],"author":[{"embeddable":true,"href":"https:\/\/infonews.az\/index.php?rest_route=\/wp\/v2\/users\/14"}],"replies":[{"embeddable":true,"href":"https:\/\/infonews.az\/index.php?rest_route=%2Fwp%2Fv2%2Fcomments&post=13700"}],"version-history":[{"count":1,"href":"https:\/\/infonews.az\/index.php?rest_route=\/wp\/v2\/posts\/13700\/revisions"}],"predecessor-version":[{"id":13702,"href":"https:\/\/infonews.az\/index.php?rest_route=\/wp\/v2\/posts\/13700\/revisions\/13702"}],"wp:featuredmedia":[{"embeddable":true,"href":"https:\/\/infonews.az\/index.php?rest_route=\/wp\/v2\/media\/13701"}],"wp:attachment":[{"href":"https:\/\/infonews.az\/index.php?rest_route=%2Fwp%2Fv2%2Fmedia&parent=13700"}],"wp:term":[{"taxonomy":"category","embeddable":true,"href":"https:\/\/infonews.az\/index.php?rest_route=%2Fwp%2Fv2%2Fcategories&post=13700"},{"taxonomy":"post_tag","embeddable":true,"href":"https:\/\/infonews.az\/index.php?rest_route=%2Fwp%2Fv2%2Ftags&post=13700"}],"curies":[{"name":"wp","href":"https:\/\/api.w.org\/{rel}","templated":true}]}}